{"id":4862,"date":"2023-07-22T12:46:04","date_gmt":"2023-07-22T10:46:04","guid":{"rendered":"https:\/\/miguelcomino.cat\/fiesta-mayor-de-verano\/"},"modified":"2023-11-21T13:23:01","modified_gmt":"2023-11-21T12:23:01","slug":"fiesta-mayor-de-verano","status":"publish","type":"post","link":"https:\/\/miguelcomino.cat\/es\/fiesta-mayor-de-verano\/","title":{"rendered":"Fiesta Mayor de verano"},"content":{"rendered":"\n<p>\u00a1El verano de 2023 ha llegado a su punto \u00e1lgido en Sant Vicen\u00e7 dels Horts! Con gran entusiasmo, llega la Fiesta Mayor de Verano. Como siempre, es un honor compartir con vecinos y vecinas estas fiestas, llenas de tradici\u00f3n, orgullo y alegr\u00eda.<\/p>\n\n<p>Como alcalde, quiero dar un agradecimiento especial a Salvador Cuyas Puig, quien ha dado un magn\u00edfico preg\u00f3n en nombre de la colla castellera Carallots de Sant Vicen\u00e7. Els Castellers son un elemento emblem\u00e1tico y esencial en nuestras festividades y su participaci\u00f3n siempre es motivo de orgullo y admiraci\u00f3n.<\/p>\n\n<p>Este fin de semana, Sant Vicen\u00e7 dels Horts se llena de propuestas culturales y de ocio. \u00a1Nuestra ciudad se llena de actividad! \u00c9ste es el momento perfecto para disfrutar de nuestra cultura, aprender m\u00e1s sobre nuestra herencia y, sobre todo, pasar un tiempo de calidad con familiares y amigos.<\/p>\n\n<p>Es importante destacar que nada de esto ser\u00eda posible sin el trabajo incansable de muchas personas. Por eso, quiero expresar mi m\u00e1s profundo agradecimiento a las entidades, a todos los trabajadores y trabajadoras que, con su esfuerzo y dedicaci\u00f3n, hacen que estas fiestas sean un \u00e9xito cada a\u00f1o.<\/p>\n\n<p>\u00a1Viva la Fiesta Mayor! Te invito a participar en las actividades y a disfrutar de la cultura. \u00c9ste es tu momento, \u00e9ste es tu pueblo, \u00e9sta es tu fiesta.<\/p>\n","protected":false},"excerpt":{"rendered":"<p>\u00a1El verano de 2023 ha llegado a su punto \u00e1lgido en Sant Vicen\u00e7 dels Horts! Con gran entusiasmo, llega la Fiesta Mayor de Verano.<\/p>\n","protected":false},"author":2,"featured_media":4840,"comment_status":"open","ping_status":"closed","sticky":false,"template":"","format":"standard","meta":{"footnotes":""},"categories":[22],"tags":[],"class_list":["post-4862","post","type-post","status-publish","format-standard","has-post-thumbnail","hentry","category-fechas-senaladas"],"yoast_head":"<!-- This site is optimized with the Yoast SEO plugin v24.6 - https:\/\/yoast.com\/wordpress\/plugins\/seo\/ -->\n<title>Fiesta Mayor de verano - Miguel Comino<\/title>\n<meta name=\"description\" content=\"Fiesta Mayor de verano\" \/>\n<meta name=\"robots\" content=\"index, follow, max-snippet:-1, max-image-preview:large, max-video-preview:-1\" \/>\n<link rel=\"canonical\" href=\"https:\/\/miguelcomino.cat\/es\/fiesta-mayor-de-verano\/\" \/>\n<meta property=\"og:locale\" content=\"es_ES\" \/>\n<meta property=\"og:type\" content=\"article\" \/>\n<meta property=\"og:title\" content=\"Fiesta Mayor de verano - Miguel Comino\" \/>\n<meta property=\"og:description\" content=\"Fiesta Mayor de verano\" \/>\n<meta property=\"og:url\" content=\"https:\/\/miguelcomino.cat\/es\/fiesta-mayor-de-verano\/\" \/>\n<meta property=\"og:site_name\" content=\"Miguel Comino\" \/>\n<meta property=\"article:publisher\" content=\"https:\/\/www.facebook.com\/miguel.comino\/about\" \/>\n<meta property=\"article:author\" content=\"https:\/\/www.facebook.com\/miguel.comino\/about\" \/>\n<meta property=\"article:published_time\" content=\"2023-07-22T10:46:04+00:00\" \/>\n<meta property=\"article:modified_time\" content=\"2023-11-21T12:23:01+00:00\" \/>\n<meta property=\"og:image\" content=\"https:\/\/miguelcomino.cat\/wp-content\/uploads\/2023\/11\/01-4-1024x683-1.jpg\" \/>\n\t<meta property=\"og:image:width\" content=\"1024\" \/>\n\t<meta property=\"og:image:height\" content=\"683\" \/>\n\t<meta property=\"og:image:type\" content=\"image\/jpeg\" \/>\n<meta name=\"author\" content=\"Miguel Comino\" \/>\n<meta name=\"twitter:card\" content=\"summary_large_image\" \/>\n<meta name=\"twitter:label1\" content=\"Escrito por\" \/>\n\t<meta name=\"twitter:data1\" content=\"Miguel Comino\" \/>\n\t<meta name=\"twitter:label2\" content=\"Tiempo de lectura\" \/>\n\t<meta name=\"twitter:data2\" content=\"1 minuto\" \/>\n<script type=\"application\/ld+json\" class=\"yoast-schema-graph\">{\"@context\":\"https:\/\/schema.org\",\"@graph\":[{\"@type\":\"Article\",\"@id\":\"https:\/\/miguelcomino.cat\/es\/fiesta-mayor-de-verano\/#article\",\"isPartOf\":{\"@id\":\"https:\/\/miguelcomino.cat\/es\/fiesta-mayor-de-verano\/\"},\"author\":{\"name\":\"Miguel Comino\",\"@id\":\"https:\/\/miguelcomino.cat\/es\/#\/schema\/person\/4ecf1a3fec86aedb7db8e31067c9ffaf\"},\"headline\":\"Fiesta Mayor de verano\",\"datePublished\":\"2023-07-22T10:46:04+00:00\",\"dateModified\":\"2023-11-21T12:23:01+00:00\",\"mainEntityOfPage\":{\"@id\":\"https:\/\/miguelcomino.cat\/es\/fiesta-mayor-de-verano\/\"},\"wordCount\":231,\"commentCount\":0,\"publisher\":{\"@id\":\"https:\/\/miguelcomino.cat\/es\/#\/schema\/person\/4ecf1a3fec86aedb7db8e31067c9ffaf\"},\"image\":{\"@id\":\"https:\/\/miguelcomino.cat\/es\/fiesta-mayor-de-verano\/#primaryimage\"},\"thumbnailUrl\":\"https:\/\/miguelcomino.cat\/wp-content\/uploads\/2023\/11\/01-4-1024x683-1.jpg\",\"articleSection\":[\"Fechas se\u00f1aladas\"],\"inLanguage\":\"es\",\"potentialAction\":[{\"@type\":\"CommentAction\",\"name\":\"Comment\",\"target\":[\"https:\/\/miguelcomino.cat\/es\/fiesta-mayor-de-verano\/#respond\"]}]},{\"@type\":\"WebPage\",\"@id\":\"https:\/\/miguelcomino.cat\/es\/fiesta-mayor-de-verano\/\",\"url\":\"https:\/\/miguelcomino.cat\/es\/fiesta-mayor-de-verano\/\",\"name\":\"Fiesta Mayor de verano - Miguel Comino\",\"isPartOf\":{\"@id\":\"https:\/\/miguelcomino.cat\/es\/#website\"},\"primaryImageOfPage\":{\"@id\":\"https:\/\/miguelcomino.cat\/es\/fiesta-mayor-de-verano\/#primaryimage\"},\"image\":{\"@id\":\"https:\/\/miguelcomino.cat\/es\/fiesta-mayor-de-verano\/#primaryimage\"},\"thumbnailUrl\":\"https:\/\/miguelcomino.cat\/wp-content\/uploads\/2023\/11\/01-4-1024x683-1.jpg\",\"datePublished\":\"2023-07-22T10:46:04+00:00\",\"dateModified\":\"2023-11-21T12:23:01+00:00\",\"description\":\"Fiesta Mayor de verano\",\"breadcrumb\":{\"@id\":\"https:\/\/miguelcomino.cat\/es\/fiesta-mayor-de-verano\/#breadcrumb\"},\"inLanguage\":\"es\",\"potentialAction\":[{\"@type\":\"ReadAction\",\"target\":[\"https:\/\/miguelcomino.cat\/es\/fiesta-mayor-de-verano\/\"]}]},{\"@type\":\"ImageObject\",\"inLanguage\":\"es\",\"@id\":\"https:\/\/miguelcomino.cat\/es\/fiesta-mayor-de-verano\/#primaryimage\",\"url\":\"https:\/\/miguelcomino.cat\/wp-content\/uploads\/2023\/11\/01-4-1024x683-1.jpg\",\"contentUrl\":\"https:\/\/miguelcomino.cat\/wp-content\/uploads\/2023\/11\/01-4-1024x683-1.jpg\",\"width\":1024,\"height\":683,\"caption\":\"Festa Major d\u2019estiu\"},{\"@type\":\"BreadcrumbList\",\"@id\":\"https:\/\/miguelcomino.cat\/es\/fiesta-mayor-de-verano\/#breadcrumb\",\"itemListElement\":[{\"@type\":\"ListItem\",\"position\":1,\"name\":\"Portada\",\"item\":\"https:\/\/miguelcomino.cat\/es\/\"},{\"@type\":\"ListItem\",\"position\":2,\"name\":\"Fiesta Mayor de verano\"}]},{\"@type\":\"WebSite\",\"@id\":\"https:\/\/miguelcomino.cat\/es\/#website\",\"url\":\"https:\/\/miguelcomino.cat\/es\/\",\"name\":\"Miguel Comino\",\"description\":\"Alcalde\",\"publisher\":{\"@id\":\"https:\/\/miguelcomino.cat\/es\/#\/schema\/person\/4ecf1a3fec86aedb7db8e31067c9ffaf\"},\"potentialAction\":[{\"@type\":\"SearchAction\",\"target\":{\"@type\":\"EntryPoint\",\"urlTemplate\":\"https:\/\/miguelcomino.cat\/es\/?s={search_term_string}\"},\"query-input\":{\"@type\":\"PropertyValueSpecification\",\"valueRequired\":true,\"valueName\":\"search_term_string\"}}],\"inLanguage\":\"es\"},{\"@type\":[\"Person\",\"Organization\"],\"@id\":\"https:\/\/miguelcomino.cat\/es\/#\/schema\/person\/4ecf1a3fec86aedb7db8e31067c9ffaf\",\"name\":\"Miguel Comino\",\"image\":{\"@type\":\"ImageObject\",\"inLanguage\":\"es\",\"@id\":\"https:\/\/miguelcomino.cat\/es\/#\/schema\/person\/image\/\",\"url\":\"https:\/\/miguelcomino.cat\/wp-content\/uploads\/2023\/05\/003.png\",\"contentUrl\":\"https:\/\/miguelcomino.cat\/wp-content\/uploads\/2023\/05\/003.png\",\"width\":922,\"height\":572,\"caption\":\"Miguel Comino\"},\"logo\":{\"@id\":\"https:\/\/miguelcomino.cat\/es\/#\/schema\/person\/image\/\"},\"sameAs\":[\"https:\/\/www.facebook.com\/miguel.comino\/about\",\"https:\/\/www.instagram.com\/miguelcomino\/\"],\"url\":\"https:\/\/miguelcomino.cat\/es\/author\/admin-2\/\"}]}<\/script>\n<!-- \/ Yoast SEO plugin. -->","yoast_head_json":{"title":"Fiesta Mayor de verano - Miguel Comino","description":"Fiesta Mayor de verano","robots":{"index":"index","follow":"follow","max-snippet":"max-snippet:-1","max-image-preview":"max-image-preview:large","max-video-preview":"max-video-preview:-1"},"canonical":"https:\/\/miguelcomino.cat\/es\/fiesta-mayor-de-verano\/","og_locale":"es_ES","og_type":"article","og_title":"Fiesta Mayor de verano - Miguel Comino","og_description":"Fiesta Mayor de verano","og_url":"https:\/\/miguelcomino.cat\/es\/fiesta-mayor-de-verano\/","og_site_name":"Miguel Comino","article_publisher":"https:\/\/www.facebook.com\/miguel.comino\/about","article_author":"https:\/\/www.facebook.com\/miguel.comino\/about","article_published_time":"2023-07-22T10:46:04+00:00","article_modified_time":"2023-11-21T12:23:01+00:00","og_image":[{"width":1024,"height":683,"url":"https:\/\/miguelcomino.cat\/wp-content\/uploads\/2023\/11\/01-4-1024x683-1.jpg","type":"image\/jpeg"}],"author":"Miguel Comino","twitter_card":"summary_large_image","twitter_misc":{"Escrito por":"Miguel Comino","Tiempo de lectura":"1 minuto"},"schema":{"@context":"https:\/\/schema.org","@graph":[{"@type":"Article","@id":"https:\/\/miguelcomino.cat\/es\/fiesta-mayor-de-verano\/#article","isPartOf":{"@id":"https:\/\/miguelcomino.cat\/es\/fiesta-mayor-de-verano\/"},"author":{"name":"Miguel Comino","@id":"https:\/\/miguelcomino.cat\/es\/#\/schema\/person\/4ecf1a3fec86aedb7db8e31067c9ffaf"},"headline":"Fiesta Mayor de verano","datePublished":"2023-07-22T10:46:04+00:00","dateModified":"2023-11-21T12:23:01+00:00","mainEntityOfPage":{"@id":"https:\/\/miguelcomino.cat\/es\/fiesta-mayor-de-verano\/"},"wordCount":231,"commentCount":0,"publisher":{"@id":"https:\/\/miguelcomino.cat\/es\/#\/schema\/person\/4ecf1a3fec86aedb7db8e31067c9ffaf"},"image":{"@id":"https:\/\/miguelcomino.cat\/es\/fiesta-mayor-de-verano\/#primaryimage"},"thumbnailUrl":"https:\/\/miguelcomino.cat\/wp-content\/uploads\/2023\/11\/01-4-1024x683-1.jpg","articleSection":["Fechas se\u00f1aladas"],"inLanguage":"es","potentialAction":[{"@type":"CommentAction","name":"Comment","target":["https:\/\/miguelcomino.cat\/es\/fiesta-mayor-de-verano\/#respond"]}]},{"@type":"WebPage","@id":"https:\/\/miguelcomino.cat\/es\/fiesta-mayor-de-verano\/","url":"https:\/\/miguelcomino.cat\/es\/fiesta-mayor-de-verano\/","name":"Fiesta Mayor de verano - Miguel Comino","isPartOf":{"@id":"https:\/\/miguelcomino.cat\/es\/#website"},"primaryImageOfPage":{"@id":"https:\/\/miguelcomino.cat\/es\/fiesta-mayor-de-verano\/#primaryimage"},"image":{"@id":"https:\/\/miguelcomino.cat\/es\/fiesta-mayor-de-verano\/#primaryimage"},"thumbnailUrl":"https:\/\/miguelcomino.cat\/wp-content\/uploads\/2023\/11\/01-4-1024x683-1.jpg","datePublished":"2023-07-22T10:46:04+00:00","dateModified":"2023-11-21T12:23:01+00:00","description":"Fiesta Mayor de verano","breadcrumb":{"@id":"https:\/\/miguelcomino.cat\/es\/fiesta-mayor-de-verano\/#breadcrumb"},"inLanguage":"es","potentialAction":[{"@type":"ReadAction","target":["https:\/\/miguelcomino.cat\/es\/fiesta-mayor-de-verano\/"]}]},{"@type":"ImageObject","inLanguage":"es","@id":"https:\/\/miguelcomino.cat\/es\/fiesta-mayor-de-verano\/#primaryimage","url":"https:\/\/miguelcomino.cat\/wp-content\/uploads\/2023\/11\/01-4-1024x683-1.jpg","contentUrl":"https:\/\/miguelcomino.cat\/wp-content\/uploads\/2023\/11\/01-4-1024x683-1.jpg","width":1024,"height":683,"caption":"Festa Major d\u2019estiu"},{"@type":"BreadcrumbList","@id":"https:\/\/miguelcomino.cat\/es\/fiesta-mayor-de-verano\/#breadcrumb","itemListElement":[{"@type":"ListItem","position":1,"name":"Portada","item":"https:\/\/miguelcomino.cat\/es\/"},{"@type":"ListItem","position":2,"name":"Fiesta Mayor de verano"}]},{"@type":"WebSite","@id":"https:\/\/miguelcomino.cat\/es\/#website","url":"https:\/\/miguelcomino.cat\/es\/","name":"Miguel Comino","description":"Alcalde","publisher":{"@id":"https:\/\/miguelcomino.cat\/es\/#\/schema\/person\/4ecf1a3fec86aedb7db8e31067c9ffaf"},"potentialAction":[{"@type":"SearchAction","target":{"@type":"EntryPoint","urlTemplate":"https:\/\/miguelcomino.cat\/es\/?s={search_term_string}"},"query-input":{"@type":"PropertyValueSpecification","valueRequired":true,"valueName":"search_term_string"}}],"inLanguage":"es"},{"@type":["Person","Organization"],"@id":"https:\/\/miguelcomino.cat\/es\/#\/schema\/person\/4ecf1a3fec86aedb7db8e31067c9ffaf","name":"Miguel Comino","image":{"@type":"ImageObject","inLanguage":"es","@id":"https:\/\/miguelcomino.cat\/es\/#\/schema\/person\/image\/","url":"https:\/\/miguelcomino.cat\/wp-content\/uploads\/2023\/05\/003.png","contentUrl":"https:\/\/miguelcomino.cat\/wp-content\/uploads\/2023\/05\/003.png","width":922,"height":572,"caption":"Miguel Comino"},"logo":{"@id":"https:\/\/miguelcomino.cat\/es\/#\/schema\/person\/image\/"},"sameAs":["https:\/\/www.facebook.com\/miguel.comino\/about","https:\/\/www.instagram.com\/miguelcomino\/"],"url":"https:\/\/miguelcomino.cat\/es\/author\/admin-2\/"}]}},"_links":{"self":[{"href":"https:\/\/miguelcomino.cat\/es\/wp-json\/wp\/v2\/posts\/4862","targetHints":{"allow":["GET"]}}],"collection":[{"href":"https:\/\/miguelcomino.cat\/es\/wp-json\/wp\/v2\/posts"}],"about":[{"href":"https:\/\/miguelcomino.cat\/es\/wp-json\/wp\/v2\/types\/post"}],"author":[{"embeddable":true,"href":"https:\/\/miguelcomino.cat\/es\/wp-json\/wp\/v2\/users\/2"}],"replies":[{"embeddable":true,"href":"https:\/\/miguelcomino.cat\/es\/wp-json\/wp\/v2\/comments?post=4862"}],"version-history":[{"count":3,"href":"https:\/\/miguelcomino.cat\/es\/wp-json\/wp\/v2\/posts\/4862\/revisions"}],"predecessor-version":[{"id":4865,"href":"https:\/\/miguelcomino.cat\/es\/wp-json\/wp\/v2\/posts\/4862\/revisions\/4865"}],"wp:featuredmedia":[{"embeddable":true,"href":"https:\/\/miguelcomino.cat\/es\/wp-json\/wp\/v2\/media\/4840"}],"wp:attachment":[{"href":"https:\/\/miguelcomino.cat\/es\/wp-json\/wp\/v2\/media?parent=4862"}],"wp:term":[{"taxonomy":"category","embeddable":true,"href":"https:\/\/miguelcomino.cat\/es\/wp-json\/wp\/v2\/categories?post=4862"},{"taxonomy":"post_tag","embeddable":true,"href":"https:\/\/miguelcomino.cat\/es\/wp-json\/wp\/v2\/tags?post=4862"}],"curies":[{"name":"wp","href":"https:\/\/api.w.org\/{rel}","templated":true}]}}