{"id":4860,"date":"2023-09-30T13:06:58","date_gmt":"2023-09-30T11:06:58","guid":{"rendered":"https:\/\/miguelcomino.cat\/consejo-nacional-del-psc\/"},"modified":"2023-11-21T13:18:41","modified_gmt":"2023-11-21T12:18:41","slug":"consejo-nacional-del-psc","status":"publish","type":"post","link":"https:\/\/miguelcomino.cat\/es\/consejo-nacional-del-psc\/","title":{"rendered":"Consejo Nacional del PSC"},"content":{"rendered":"\n<p>Esta ma\u00f1ana, como alcalde de Sant Vicen\u00e7 dels Horts, he tenido el privilegio de asistir al Consejo Nacional del PSC donde hemos analizado la actualidad pol\u00edtica tras los debates producidos estos d\u00edas en el Parlament y en el Congreso.<\/p>\n\n<p>Nosotros, los socialistas, hacemos pol\u00edtica \u00fatil para dar soluciones a los problemas reales de la ciudadan\u00eda. <\/p>\n\n<p>Es nuestro compromiso continuar trabajando para afrontar los retos presentes y futuros, manteniendo siempre el bienestar y las necesidades de los ciudadanos y ciudadanas en el centro de nuestras pol\u00edticas.<\/p>\n","protected":false},"excerpt":{"rendered":"<p>Es nuestro compromiso continuar trabajando para afrontar los retos presentes y futuros, manteniendo siempre el bienestar y las necesidades de los ciudadanos y ciudadanas en el centro de nuestras pol\u00edticas.<\/p>\n","protected":false},"author":2,"featured_media":4852,"comment_status":"open","ping_status":"closed","sticky":false,"template":"","format":"standard","meta":{"footnotes":""},"categories":[26],"tags":[],"class_list":["post-4860","post","type-post","status-publish","format-standard","has-post-thumbnail","hentry","category-psc"],"yoast_head":"<!-- This site is optimized with the Yoast SEO plugin v24.6 - https:\/\/yoast.com\/wordpress\/plugins\/seo\/ -->\n<title>Consejo Nacional del PSC - Miguel Comino<\/title>\n<meta name=\"description\" content=\"Compromiso y an\u00e1lisis Pol\u00edtico en el Consejo Nacional del PSC. Es nuestro compromiso continuar trabajando para afrontar los retos presentes y futuros, manteniendo siempre el bienestar y las necesidades de los ciudadanos y ciudadanas en el centro de nuestras pol\u00edticas.\" \/>\n<meta name=\"robots\" content=\"index, follow, max-snippet:-1, max-image-preview:large, max-video-preview:-1\" \/>\n<link rel=\"canonical\" href=\"https:\/\/miguelcomino.cat\/es\/consejo-nacional-del-psc\/\" \/>\n<meta property=\"og:locale\" content=\"es_ES\" \/>\n<meta property=\"og:type\" content=\"article\" \/>\n<meta property=\"og:title\" content=\"Consejo Nacional del PSC - Miguel Comino\" \/>\n<meta property=\"og:description\" content=\"Compromiso y an\u00e1lisis Pol\u00edtico en el Consejo Nacional del PSC. Es nuestro compromiso continuar trabajando para afrontar los retos presentes y futuros, manteniendo siempre el bienestar y las necesidades de los ciudadanos y ciudadanas en el centro de nuestras pol\u00edticas.\" \/>\n<meta property=\"og:url\" content=\"https:\/\/miguelcomino.cat\/es\/consejo-nacional-del-psc\/\" \/>\n<meta property=\"og:site_name\" content=\"Miguel Comino\" \/>\n<meta property=\"article:publisher\" content=\"https:\/\/www.facebook.com\/miguel.comino\/about\" \/>\n<meta property=\"article:author\" content=\"https:\/\/www.facebook.com\/miguel.comino\/about\" \/>\n<meta property=\"article:published_time\" content=\"2023-09-30T11:06:58+00:00\" \/>\n<meta property=\"article:modified_time\" content=\"2023-11-21T12:18:41+00:00\" \/>\n<meta property=\"og:image\" content=\"https:\/\/miguelcomino.cat\/wp-content\/uploads\/2023\/11\/385729927_10233072326729489_7103986708126047194_n-3-1024x1024-1.jpg\" \/>\n\t<meta property=\"og:image:width\" content=\"1024\" \/>\n\t<meta property=\"og:image:height\" content=\"1024\" \/>\n\t<meta property=\"og:image:type\" content=\"image\/jpeg\" \/>\n<meta name=\"author\" content=\"Miguel Comino\" \/>\n<meta name=\"twitter:card\" content=\"summary_large_image\" \/>\n<meta name=\"twitter:label1\" content=\"Escrito por\" \/>\n\t<meta name=\"twitter:data1\" content=\"Miguel Comino\" \/>\n<script type=\"application\/ld+json\" class=\"yoast-schema-graph\">{\"@context\":\"https:\/\/schema.org\",\"@graph\":[{\"@type\":\"Article\",\"@id\":\"https:\/\/miguelcomino.cat\/es\/consejo-nacional-del-psc\/#article\",\"isPartOf\":{\"@id\":\"https:\/\/miguelcomino.cat\/es\/consejo-nacional-del-psc\/\"},\"author\":{\"name\":\"Miguel Comino\",\"@id\":\"https:\/\/miguelcomino.cat\/es\/#\/schema\/person\/4ecf1a3fec86aedb7db8e31067c9ffaf\"},\"headline\":\"Consejo Nacional del PSC\",\"datePublished\":\"2023-09-30T11:06:58+00:00\",\"dateModified\":\"2023-11-21T12:18:41+00:00\",\"mainEntityOfPage\":{\"@id\":\"https:\/\/miguelcomino.cat\/es\/consejo-nacional-del-psc\/\"},\"wordCount\":95,\"commentCount\":0,\"publisher\":{\"@id\":\"https:\/\/miguelcomino.cat\/es\/#\/schema\/person\/4ecf1a3fec86aedb7db8e31067c9ffaf\"},\"image\":{\"@id\":\"https:\/\/miguelcomino.cat\/es\/consejo-nacional-del-psc\/#primaryimage\"},\"thumbnailUrl\":\"https:\/\/miguelcomino.cat\/wp-content\/uploads\/2023\/11\/385729927_10233072326729489_7103986708126047194_n-3-1024x1024-1.jpg\",\"articleSection\":[\"PSC\"],\"inLanguage\":\"es\",\"potentialAction\":[{\"@type\":\"CommentAction\",\"name\":\"Comment\",\"target\":[\"https:\/\/miguelcomino.cat\/es\/consejo-nacional-del-psc\/#respond\"]}]},{\"@type\":\"WebPage\",\"@id\":\"https:\/\/miguelcomino.cat\/es\/consejo-nacional-del-psc\/\",\"url\":\"https:\/\/miguelcomino.cat\/es\/consejo-nacional-del-psc\/\",\"name\":\"Consejo Nacional del PSC - Miguel Comino\",\"isPartOf\":{\"@id\":\"https:\/\/miguelcomino.cat\/es\/#website\"},\"primaryImageOfPage\":{\"@id\":\"https:\/\/miguelcomino.cat\/es\/consejo-nacional-del-psc\/#primaryimage\"},\"image\":{\"@id\":\"https:\/\/miguelcomino.cat\/es\/consejo-nacional-del-psc\/#primaryimage\"},\"thumbnailUrl\":\"https:\/\/miguelcomino.cat\/wp-content\/uploads\/2023\/11\/385729927_10233072326729489_7103986708126047194_n-3-1024x1024-1.jpg\",\"datePublished\":\"2023-09-30T11:06:58+00:00\",\"dateModified\":\"2023-11-21T12:18:41+00:00\",\"description\":\"Compromiso y an\u00e1lisis Pol\u00edtico en el Consejo Nacional del PSC. Es nuestro compromiso continuar trabajando para afrontar los retos presentes y futuros, manteniendo siempre el bienestar y las necesidades de los ciudadanos y ciudadanas en el centro de nuestras pol\u00edticas.\",\"breadcrumb\":{\"@id\":\"https:\/\/miguelcomino.cat\/es\/consejo-nacional-del-psc\/#breadcrumb\"},\"inLanguage\":\"es\",\"potentialAction\":[{\"@type\":\"ReadAction\",\"target\":[\"https:\/\/miguelcomino.cat\/es\/consejo-nacional-del-psc\/\"]}]},{\"@type\":\"ImageObject\",\"inLanguage\":\"es\",\"@id\":\"https:\/\/miguelcomino.cat\/es\/consejo-nacional-del-psc\/#primaryimage\",\"url\":\"https:\/\/miguelcomino.cat\/wp-content\/uploads\/2023\/11\/385729927_10233072326729489_7103986708126047194_n-3-1024x1024-1.jpg\",\"contentUrl\":\"https:\/\/miguelcomino.cat\/wp-content\/uploads\/2023\/11\/385729927_10233072326729489_7103986708126047194_n-3-1024x1024-1.jpg\",\"width\":1024,\"height\":1024,\"caption\":\"\u00c9s el nostre comprom\u00eds continuar treballant per afrontar els reptes presents i futurs, mantenint sempre el benestar i les necessitats dels ciutadans i ciutadanes al centre de les nostres pol\u00edtiques.\"},{\"@type\":\"BreadcrumbList\",\"@id\":\"https:\/\/miguelcomino.cat\/es\/consejo-nacional-del-psc\/#breadcrumb\",\"itemListElement\":[{\"@type\":\"ListItem\",\"position\":1,\"name\":\"Portada\",\"item\":\"https:\/\/miguelcomino.cat\/es\/\"},{\"@type\":\"ListItem\",\"position\":2,\"name\":\"Consejo Nacional del PSC\"}]},{\"@type\":\"WebSite\",\"@id\":\"https:\/\/miguelcomino.cat\/es\/#website\",\"url\":\"https:\/\/miguelcomino.cat\/es\/\",\"name\":\"Miguel Comino\",\"description\":\"Alcalde\",\"publisher\":{\"@id\":\"https:\/\/miguelcomino.cat\/es\/#\/schema\/person\/4ecf1a3fec86aedb7db8e31067c9ffaf\"},\"potentialAction\":[{\"@type\":\"SearchAction\",\"target\":{\"@type\":\"EntryPoint\",\"urlTemplate\":\"https:\/\/miguelcomino.cat\/es\/?s={search_term_string}\"},\"query-input\":{\"@type\":\"PropertyValueSpecification\",\"valueRequired\":true,\"valueName\":\"search_term_string\"}}],\"inLanguage\":\"es\"},{\"@type\":[\"Person\",\"Organization\"],\"@id\":\"https:\/\/miguelcomino.cat\/es\/#\/schema\/person\/4ecf1a3fec86aedb7db8e31067c9ffaf\",\"name\":\"Miguel Comino\",\"image\":{\"@type\":\"ImageObject\",\"inLanguage\":\"es\",\"@id\":\"https:\/\/miguelcomino.cat\/es\/#\/schema\/person\/image\/\",\"url\":\"https:\/\/miguelcomino.cat\/wp-content\/uploads\/2023\/05\/003.png\",\"contentUrl\":\"https:\/\/miguelcomino.cat\/wp-content\/uploads\/2023\/05\/003.png\",\"width\":922,\"height\":572,\"caption\":\"Miguel Comino\"},\"logo\":{\"@id\":\"https:\/\/miguelcomino.cat\/es\/#\/schema\/person\/image\/\"},\"sameAs\":[\"https:\/\/www.facebook.com\/miguel.comino\/about\",\"https:\/\/www.instagram.com\/miguelcomino\/\"],\"url\":\"https:\/\/miguelcomino.cat\/es\/author\/admin-2\/\"}]}<\/script>\n<!-- \/ Yoast SEO plugin. -->","yoast_head_json":{"title":"Consejo Nacional del PSC - Miguel Comino","description":"Compromiso y an\u00e1lisis Pol\u00edtico en el Consejo Nacional del PSC. Es nuestro compromiso continuar trabajando para afrontar los retos presentes y futuros, manteniendo siempre el bienestar y las necesidades de los ciudadanos y ciudadanas en el centro de nuestras pol\u00edticas.","robots":{"index":"index","follow":"follow","max-snippet":"max-snippet:-1","max-image-preview":"max-image-preview:large","max-video-preview":"max-video-preview:-1"},"canonical":"https:\/\/miguelcomino.cat\/es\/consejo-nacional-del-psc\/","og_locale":"es_ES","og_type":"article","og_title":"Consejo Nacional del PSC - Miguel Comino","og_description":"Compromiso y an\u00e1lisis Pol\u00edtico en el Consejo Nacional del PSC. Es nuestro compromiso continuar trabajando para afrontar los retos presentes y futuros, manteniendo siempre el bienestar y las necesidades de los ciudadanos y ciudadanas en el centro de nuestras pol\u00edticas.","og_url":"https:\/\/miguelcomino.cat\/es\/consejo-nacional-del-psc\/","og_site_name":"Miguel Comino","article_publisher":"https:\/\/www.facebook.com\/miguel.comino\/about","article_author":"https:\/\/www.facebook.com\/miguel.comino\/about","article_published_time":"2023-09-30T11:06:58+00:00","article_modified_time":"2023-11-21T12:18:41+00:00","og_image":[{"width":1024,"height":1024,"url":"https:\/\/miguelcomino.cat\/wp-content\/uploads\/2023\/11\/385729927_10233072326729489_7103986708126047194_n-3-1024x1024-1.jpg","type":"image\/jpeg"}],"author":"Miguel Comino","twitter_card":"summary_large_image","twitter_misc":{"Escrito por":"Miguel Comino"},"schema":{"@context":"https:\/\/schema.org","@graph":[{"@type":"Article","@id":"https:\/\/miguelcomino.cat\/es\/consejo-nacional-del-psc\/#article","isPartOf":{"@id":"https:\/\/miguelcomino.cat\/es\/consejo-nacional-del-psc\/"},"author":{"name":"Miguel Comino","@id":"https:\/\/miguelcomino.cat\/es\/#\/schema\/person\/4ecf1a3fec86aedb7db8e31067c9ffaf"},"headline":"Consejo Nacional del PSC","datePublished":"2023-09-30T11:06:58+00:00","dateModified":"2023-11-21T12:18:41+00:00","mainEntityOfPage":{"@id":"https:\/\/miguelcomino.cat\/es\/consejo-nacional-del-psc\/"},"wordCount":95,"commentCount":0,"publisher":{"@id":"https:\/\/miguelcomino.cat\/es\/#\/schema\/person\/4ecf1a3fec86aedb7db8e31067c9ffaf"},"image":{"@id":"https:\/\/miguelcomino.cat\/es\/consejo-nacional-del-psc\/#primaryimage"},"thumbnailUrl":"https:\/\/miguelcomino.cat\/wp-content\/uploads\/2023\/11\/385729927_10233072326729489_7103986708126047194_n-3-1024x1024-1.jpg","articleSection":["PSC"],"inLanguage":"es","potentialAction":[{"@type":"CommentAction","name":"Comment","target":["https:\/\/miguelcomino.cat\/es\/consejo-nacional-del-psc\/#respond"]}]},{"@type":"WebPage","@id":"https:\/\/miguelcomino.cat\/es\/consejo-nacional-del-psc\/","url":"https:\/\/miguelcomino.cat\/es\/consejo-nacional-del-psc\/","name":"Consejo Nacional del PSC - Miguel Comino","isPartOf":{"@id":"https:\/\/miguelcomino.cat\/es\/#website"},"primaryImageOfPage":{"@id":"https:\/\/miguelcomino.cat\/es\/consejo-nacional-del-psc\/#primaryimage"},"image":{"@id":"https:\/\/miguelcomino.cat\/es\/consejo-nacional-del-psc\/#primaryimage"},"thumbnailUrl":"https:\/\/miguelcomino.cat\/wp-content\/uploads\/2023\/11\/385729927_10233072326729489_7103986708126047194_n-3-1024x1024-1.jpg","datePublished":"2023-09-30T11:06:58+00:00","dateModified":"2023-11-21T12:18:41+00:00","description":"Compromiso y an\u00e1lisis Pol\u00edtico en el Consejo Nacional del PSC. Es nuestro compromiso continuar trabajando para afrontar los retos presentes y futuros, manteniendo siempre el bienestar y las necesidades de los ciudadanos y ciudadanas en el centro de nuestras pol\u00edticas.","breadcrumb":{"@id":"https:\/\/miguelcomino.cat\/es\/consejo-nacional-del-psc\/#breadcrumb"},"inLanguage":"es","potentialAction":[{"@type":"ReadAction","target":["https:\/\/miguelcomino.cat\/es\/consejo-nacional-del-psc\/"]}]},{"@type":"ImageObject","inLanguage":"es","@id":"https:\/\/miguelcomino.cat\/es\/consejo-nacional-del-psc\/#primaryimage","url":"https:\/\/miguelcomino.cat\/wp-content\/uploads\/2023\/11\/385729927_10233072326729489_7103986708126047194_n-3-1024x1024-1.jpg","contentUrl":"https:\/\/miguelcomino.cat\/wp-content\/uploads\/2023\/11\/385729927_10233072326729489_7103986708126047194_n-3-1024x1024-1.jpg","width":1024,"height":1024,"caption":"\u00c9s el nostre comprom\u00eds continuar treballant per afrontar els reptes presents i futurs, mantenint sempre el benestar i les necessitats dels ciutadans i ciutadanes al centre de les nostres pol\u00edtiques."},{"@type":"BreadcrumbList","@id":"https:\/\/miguelcomino.cat\/es\/consejo-nacional-del-psc\/#breadcrumb","itemListElement":[{"@type":"ListItem","position":1,"name":"Portada","item":"https:\/\/miguelcomino.cat\/es\/"},{"@type":"ListItem","position":2,"name":"Consejo Nacional del PSC"}]},{"@type":"WebSite","@id":"https:\/\/miguelcomino.cat\/es\/#website","url":"https:\/\/miguelcomino.cat\/es\/","name":"Miguel Comino","description":"Alcalde","publisher":{"@id":"https:\/\/miguelcomino.cat\/es\/#\/schema\/person\/4ecf1a3fec86aedb7db8e31067c9ffaf"},"potentialAction":[{"@type":"SearchAction","target":{"@type":"EntryPoint","urlTemplate":"https:\/\/miguelcomino.cat\/es\/?s={search_term_string}"},"query-input":{"@type":"PropertyValueSpecification","valueRequired":true,"valueName":"search_term_string"}}],"inLanguage":"es"},{"@type":["Person","Organization"],"@id":"https:\/\/miguelcomino.cat\/es\/#\/schema\/person\/4ecf1a3fec86aedb7db8e31067c9ffaf","name":"Miguel Comino","image":{"@type":"ImageObject","inLanguage":"es","@id":"https:\/\/miguelcomino.cat\/es\/#\/schema\/person\/image\/","url":"https:\/\/miguelcomino.cat\/wp-content\/uploads\/2023\/05\/003.png","contentUrl":"https:\/\/miguelcomino.cat\/wp-content\/uploads\/2023\/05\/003.png","width":922,"height":572,"caption":"Miguel Comino"},"logo":{"@id":"https:\/\/miguelcomino.cat\/es\/#\/schema\/person\/image\/"},"sameAs":["https:\/\/www.facebook.com\/miguel.comino\/about","https:\/\/www.instagram.com\/miguelcomino\/"],"url":"https:\/\/miguelcomino.cat\/es\/author\/admin-2\/"}]}},"_links":{"self":[{"href":"https:\/\/miguelcomino.cat\/es\/wp-json\/wp\/v2\/posts\/4860","targetHints":{"allow":["GET"]}}],"collection":[{"href":"https:\/\/miguelcomino.cat\/es\/wp-json\/wp\/v2\/posts"}],"about":[{"href":"https:\/\/miguelcomino.cat\/es\/wp-json\/wp\/v2\/types\/post"}],"author":[{"embeddable":true,"href":"https:\/\/miguelcomino.cat\/es\/wp-json\/wp\/v2\/users\/2"}],"replies":[{"embeddable":true,"href":"https:\/\/miguelcomino.cat\/es\/wp-json\/wp\/v2\/comments?post=4860"}],"version-history":[{"count":1,"href":"https:\/\/miguelcomino.cat\/es\/wp-json\/wp\/v2\/posts\/4860\/revisions"}],"predecessor-version":[{"id":4861,"href":"https:\/\/miguelcomino.cat\/es\/wp-json\/wp\/v2\/posts\/4860\/revisions\/4861"}],"wp:featuredmedia":[{"embeddable":true,"href":"https:\/\/miguelcomino.cat\/es\/wp-json\/wp\/v2\/media\/4852"}],"wp:attachment":[{"href":"https:\/\/miguelcomino.cat\/es\/wp-json\/wp\/v2\/media?parent=4860"}],"wp:term":[{"taxonomy":"category","embeddable":true,"href":"https:\/\/miguelcomino.cat\/es\/wp-json\/wp\/v2\/categories?post=4860"},{"taxonomy":"post_tag","embeddable":true,"href":"https:\/\/miguelcomino.cat\/es\/wp-json\/wp\/v2\/tags?post=4860"}],"curies":[{"name":"wp","href":"https:\/\/api.w.org\/{rel}","templated":true}]}}