{"id":4854,"date":"2023-11-05T12:52:09","date_gmt":"2023-11-05T11:52:09","guid":{"rendered":"https:\/\/miguelcomino.cat\/compromiso-y-vision-progresista\/"},"modified":"2023-11-21T13:13:27","modified_gmt":"2023-11-21T12:13:27","slug":"compromiso-y-vision-progresista","status":"publish","type":"post","link":"https:\/\/miguelcomino.cat\/es\/compromiso-y-vision-progresista\/","title":{"rendered":"Compromiso y visi\u00f3n progresista"},"content":{"rendered":"\n<p>A trav\u00e9s de mis recientes palabras en redes sociales, he reiterado mi compromiso con las pol\u00edticas progresistas en Espa\u00f1a. Mi participaci\u00f3n en la consulta organizada por el PSC y voto a favor de un gobierno liderado por Pedro S\u00e1nchez son claras muestras de mi visi\u00f3n pol\u00edtica y mi apuesta por un futuro de progreso para el pa\u00eds.<\/p>\n\n<p>Enfatizo la importancia de garantizar un gobierno que contin\u00fae con pol\u00edticas progresistas durante los pr\u00f3ximos cuatro a\u00f1os. Mi apoyo es un llamamiento a preservar y fortalecer la convivencia en la sociedad espa\u00f1ola, promoviendo valores de inclusi\u00f3n, igualdad y justicia social. \u00c9stos son pilares fundamentales para el desarrollo sostenible y el bienestar de la ciudadan\u00eda.<\/p>\n\n<p>Adem\u00e1s, mi declaraci\u00f3n no s\u00f3lo refleja mi preferencia pol\u00edtica, sino tambi\u00e9n mi firme postura contra la polarizaci\u00f3n y el crecimiento de las corrientes de derecha y extrema derecha. El mensaje es un recordatorio de la necesidad de mantenerse vigilantes y activos en la defensa de los valores democr\u00e1ticos y progresistas<\/p>\n","protected":false},"excerpt":{"rendered":"<p>Mi participaci\u00f3n en la consulta organizada por el PSC y mi voto a favor de un gobierno liderado por Pedro S\u00e1nchez son claras muestras de mi visi\u00f3n pol\u00edtica y mi apuesta por un futuro de progreso para el pa\u00eds.<\/p>\n","protected":false},"author":2,"featured_media":4844,"comment_status":"open","ping_status":"closed","sticky":false,"template":"","format":"standard","meta":{"footnotes":""},"categories":[26],"tags":[],"class_list":["post-4854","post","type-post","status-publish","format-standard","has-post-thumbnail","hentry","category-psc"],"yoast_head":"<!-- This site is optimized with the Yoast SEO plugin v24.6 - https:\/\/yoast.com\/wordpress\/plugins\/seo\/ -->\n<title>Compromiso y visi\u00f3n progresista - Miguel Comino<\/title>\n<meta name=\"description\" content=\"Compromiso y visi\u00f3n progresista. He reiterado mi compromiso con las pol\u00edticas progresistas en Espa\u00f1a\" \/>\n<meta name=\"robots\" content=\"index, follow, max-snippet:-1, max-image-preview:large, max-video-preview:-1\" \/>\n<link rel=\"canonical\" href=\"https:\/\/miguelcomino.cat\/es\/compromiso-y-vision-progresista\/\" \/>\n<meta property=\"og:locale\" content=\"es_ES\" \/>\n<meta property=\"og:type\" content=\"article\" \/>\n<meta property=\"og:title\" content=\"Compromiso y visi\u00f3n progresista - Miguel Comino\" \/>\n<meta property=\"og:description\" content=\"Compromiso y visi\u00f3n progresista. He reiterado mi compromiso con las pol\u00edticas progresistas en Espa\u00f1a\" \/>\n<meta property=\"og:url\" content=\"https:\/\/miguelcomino.cat\/es\/compromiso-y-vision-progresista\/\" \/>\n<meta property=\"og:site_name\" content=\"Miguel Comino\" \/>\n<meta property=\"article:publisher\" content=\"https:\/\/www.facebook.com\/miguel.comino\/about\" \/>\n<meta property=\"article:author\" content=\"https:\/\/www.facebook.com\/miguel.comino\/about\" \/>\n<meta property=\"article:published_time\" content=\"2023-11-05T11:52:09+00:00\" \/>\n<meta property=\"article:modified_time\" content=\"2023-11-21T12:13:27+00:00\" \/>\n<meta property=\"og:image\" content=\"https:\/\/miguelcomino.cat\/wp-content\/uploads\/2023\/11\/399098354_10233355663612734_4473028344105525993_n.jpg\" \/>\n\t<meta property=\"og:image:width\" content=\"843\" \/>\n\t<meta property=\"og:image:height\" content=\"843\" \/>\n\t<meta property=\"og:image:type\" content=\"image\/jpeg\" \/>\n<meta name=\"author\" content=\"Miguel Comino\" \/>\n<meta name=\"twitter:card\" content=\"summary_large_image\" \/>\n<meta name=\"twitter:label1\" content=\"Escrito por\" \/>\n\t<meta name=\"twitter:data1\" content=\"Miguel Comino\" \/>\n\t<meta name=\"twitter:label2\" content=\"Tiempo de lectura\" \/>\n\t<meta name=\"twitter:data2\" content=\"1 minuto\" \/>\n<script type=\"application\/ld+json\" class=\"yoast-schema-graph\">{\"@context\":\"https:\/\/schema.org\",\"@graph\":[{\"@type\":\"Article\",\"@id\":\"https:\/\/miguelcomino.cat\/es\/compromiso-y-vision-progresista\/#article\",\"isPartOf\":{\"@id\":\"https:\/\/miguelcomino.cat\/es\/compromiso-y-vision-progresista\/\"},\"author\":{\"name\":\"Miguel Comino\",\"@id\":\"https:\/\/miguelcomino.cat\/es\/#\/schema\/person\/4ecf1a3fec86aedb7db8e31067c9ffaf\"},\"headline\":\"Compromiso y visi\u00f3n progresista\",\"datePublished\":\"2023-11-05T11:52:09+00:00\",\"dateModified\":\"2023-11-21T12:13:27+00:00\",\"mainEntityOfPage\":{\"@id\":\"https:\/\/miguelcomino.cat\/es\/compromiso-y-vision-progresista\/\"},\"wordCount\":188,\"commentCount\":0,\"publisher\":{\"@id\":\"https:\/\/miguelcomino.cat\/es\/#\/schema\/person\/4ecf1a3fec86aedb7db8e31067c9ffaf\"},\"image\":{\"@id\":\"https:\/\/miguelcomino.cat\/es\/compromiso-y-vision-progresista\/#primaryimage\"},\"thumbnailUrl\":\"https:\/\/miguelcomino.cat\/wp-content\/uploads\/2023\/11\/399098354_10233355663612734_4473028344105525993_n.jpg\",\"articleSection\":[\"PSC\"],\"inLanguage\":\"es\",\"potentialAction\":[{\"@type\":\"CommentAction\",\"name\":\"Comment\",\"target\":[\"https:\/\/miguelcomino.cat\/es\/compromiso-y-vision-progresista\/#respond\"]}]},{\"@type\":\"WebPage\",\"@id\":\"https:\/\/miguelcomino.cat\/es\/compromiso-y-vision-progresista\/\",\"url\":\"https:\/\/miguelcomino.cat\/es\/compromiso-y-vision-progresista\/\",\"name\":\"Compromiso y visi\u00f3n progresista - Miguel Comino\",\"isPartOf\":{\"@id\":\"https:\/\/miguelcomino.cat\/es\/#website\"},\"primaryImageOfPage\":{\"@id\":\"https:\/\/miguelcomino.cat\/es\/compromiso-y-vision-progresista\/#primaryimage\"},\"image\":{\"@id\":\"https:\/\/miguelcomino.cat\/es\/compromiso-y-vision-progresista\/#primaryimage\"},\"thumbnailUrl\":\"https:\/\/miguelcomino.cat\/wp-content\/uploads\/2023\/11\/399098354_10233355663612734_4473028344105525993_n.jpg\",\"datePublished\":\"2023-11-05T11:52:09+00:00\",\"dateModified\":\"2023-11-21T12:13:27+00:00\",\"description\":\"Compromiso y visi\u00f3n progresista. He reiterado mi compromiso con las pol\u00edticas progresistas en Espa\u00f1a\",\"breadcrumb\":{\"@id\":\"https:\/\/miguelcomino.cat\/es\/compromiso-y-vision-progresista\/#breadcrumb\"},\"inLanguage\":\"es\",\"potentialAction\":[{\"@type\":\"ReadAction\",\"target\":[\"https:\/\/miguelcomino.cat\/es\/compromiso-y-vision-progresista\/\"]}]},{\"@type\":\"ImageObject\",\"inLanguage\":\"es\",\"@id\":\"https:\/\/miguelcomino.cat\/es\/compromiso-y-vision-progresista\/#primaryimage\",\"url\":\"https:\/\/miguelcomino.cat\/wp-content\/uploads\/2023\/11\/399098354_10233355663612734_4473028344105525993_n.jpg\",\"contentUrl\":\"https:\/\/miguelcomino.cat\/wp-content\/uploads\/2023\/11\/399098354_10233355663612734_4473028344105525993_n.jpg\",\"width\":843,\"height\":843,\"caption\":\"Comprom\u00eds i visi\u00f3 progressista\"},{\"@type\":\"BreadcrumbList\",\"@id\":\"https:\/\/miguelcomino.cat\/es\/compromiso-y-vision-progresista\/#breadcrumb\",\"itemListElement\":[{\"@type\":\"ListItem\",\"position\":1,\"name\":\"Portada\",\"item\":\"https:\/\/miguelcomino.cat\/es\/\"},{\"@type\":\"ListItem\",\"position\":2,\"name\":\"Compromiso y visi\u00f3n progresista\"}]},{\"@type\":\"WebSite\",\"@id\":\"https:\/\/miguelcomino.cat\/es\/#website\",\"url\":\"https:\/\/miguelcomino.cat\/es\/\",\"name\":\"Miguel Comino\",\"description\":\"Alcalde\",\"publisher\":{\"@id\":\"https:\/\/miguelcomino.cat\/es\/#\/schema\/person\/4ecf1a3fec86aedb7db8e31067c9ffaf\"},\"potentialAction\":[{\"@type\":\"SearchAction\",\"target\":{\"@type\":\"EntryPoint\",\"urlTemplate\":\"https:\/\/miguelcomino.cat\/es\/?s={search_term_string}\"},\"query-input\":{\"@type\":\"PropertyValueSpecification\",\"valueRequired\":true,\"valueName\":\"search_term_string\"}}],\"inLanguage\":\"es\"},{\"@type\":[\"Person\",\"Organization\"],\"@id\":\"https:\/\/miguelcomino.cat\/es\/#\/schema\/person\/4ecf1a3fec86aedb7db8e31067c9ffaf\",\"name\":\"Miguel Comino\",\"image\":{\"@type\":\"ImageObject\",\"inLanguage\":\"es\",\"@id\":\"https:\/\/miguelcomino.cat\/es\/#\/schema\/person\/image\/\",\"url\":\"https:\/\/miguelcomino.cat\/wp-content\/uploads\/2023\/05\/003.png\",\"contentUrl\":\"https:\/\/miguelcomino.cat\/wp-content\/uploads\/2023\/05\/003.png\",\"width\":922,\"height\":572,\"caption\":\"Miguel Comino\"},\"logo\":{\"@id\":\"https:\/\/miguelcomino.cat\/es\/#\/schema\/person\/image\/\"},\"sameAs\":[\"https:\/\/www.facebook.com\/miguel.comino\/about\",\"https:\/\/www.instagram.com\/miguelcomino\/\"],\"url\":\"https:\/\/miguelcomino.cat\/es\/author\/admin-2\/\"}]}<\/script>\n<!-- \/ Yoast SEO plugin. -->","yoast_head_json":{"title":"Compromiso y visi\u00f3n progresista - Miguel Comino","description":"Compromiso y visi\u00f3n progresista. He reiterado mi compromiso con las pol\u00edticas progresistas en Espa\u00f1a","robots":{"index":"index","follow":"follow","max-snippet":"max-snippet:-1","max-image-preview":"max-image-preview:large","max-video-preview":"max-video-preview:-1"},"canonical":"https:\/\/miguelcomino.cat\/es\/compromiso-y-vision-progresista\/","og_locale":"es_ES","og_type":"article","og_title":"Compromiso y visi\u00f3n progresista - Miguel Comino","og_description":"Compromiso y visi\u00f3n progresista. He reiterado mi compromiso con las pol\u00edticas progresistas en Espa\u00f1a","og_url":"https:\/\/miguelcomino.cat\/es\/compromiso-y-vision-progresista\/","og_site_name":"Miguel Comino","article_publisher":"https:\/\/www.facebook.com\/miguel.comino\/about","article_author":"https:\/\/www.facebook.com\/miguel.comino\/about","article_published_time":"2023-11-05T11:52:09+00:00","article_modified_time":"2023-11-21T12:13:27+00:00","og_image":[{"width":843,"height":843,"url":"https:\/\/miguelcomino.cat\/wp-content\/uploads\/2023\/11\/399098354_10233355663612734_4473028344105525993_n.jpg","type":"image\/jpeg"}],"author":"Miguel Comino","twitter_card":"summary_large_image","twitter_misc":{"Escrito por":"Miguel Comino","Tiempo de lectura":"1 minuto"},"schema":{"@context":"https:\/\/schema.org","@graph":[{"@type":"Article","@id":"https:\/\/miguelcomino.cat\/es\/compromiso-y-vision-progresista\/#article","isPartOf":{"@id":"https:\/\/miguelcomino.cat\/es\/compromiso-y-vision-progresista\/"},"author":{"name":"Miguel Comino","@id":"https:\/\/miguelcomino.cat\/es\/#\/schema\/person\/4ecf1a3fec86aedb7db8e31067c9ffaf"},"headline":"Compromiso y visi\u00f3n progresista","datePublished":"2023-11-05T11:52:09+00:00","dateModified":"2023-11-21T12:13:27+00:00","mainEntityOfPage":{"@id":"https:\/\/miguelcomino.cat\/es\/compromiso-y-vision-progresista\/"},"wordCount":188,"commentCount":0,"publisher":{"@id":"https:\/\/miguelcomino.cat\/es\/#\/schema\/person\/4ecf1a3fec86aedb7db8e31067c9ffaf"},"image":{"@id":"https:\/\/miguelcomino.cat\/es\/compromiso-y-vision-progresista\/#primaryimage"},"thumbnailUrl":"https:\/\/miguelcomino.cat\/wp-content\/uploads\/2023\/11\/399098354_10233355663612734_4473028344105525993_n.jpg","articleSection":["PSC"],"inLanguage":"es","potentialAction":[{"@type":"CommentAction","name":"Comment","target":["https:\/\/miguelcomino.cat\/es\/compromiso-y-vision-progresista\/#respond"]}]},{"@type":"WebPage","@id":"https:\/\/miguelcomino.cat\/es\/compromiso-y-vision-progresista\/","url":"https:\/\/miguelcomino.cat\/es\/compromiso-y-vision-progresista\/","name":"Compromiso y visi\u00f3n progresista - Miguel Comino","isPartOf":{"@id":"https:\/\/miguelcomino.cat\/es\/#website"},"primaryImageOfPage":{"@id":"https:\/\/miguelcomino.cat\/es\/compromiso-y-vision-progresista\/#primaryimage"},"image":{"@id":"https:\/\/miguelcomino.cat\/es\/compromiso-y-vision-progresista\/#primaryimage"},"thumbnailUrl":"https:\/\/miguelcomino.cat\/wp-content\/uploads\/2023\/11\/399098354_10233355663612734_4473028344105525993_n.jpg","datePublished":"2023-11-05T11:52:09+00:00","dateModified":"2023-11-21T12:13:27+00:00","description":"Compromiso y visi\u00f3n progresista. He reiterado mi compromiso con las pol\u00edticas progresistas en Espa\u00f1a","breadcrumb":{"@id":"https:\/\/miguelcomino.cat\/es\/compromiso-y-vision-progresista\/#breadcrumb"},"inLanguage":"es","potentialAction":[{"@type":"ReadAction","target":["https:\/\/miguelcomino.cat\/es\/compromiso-y-vision-progresista\/"]}]},{"@type":"ImageObject","inLanguage":"es","@id":"https:\/\/miguelcomino.cat\/es\/compromiso-y-vision-progresista\/#primaryimage","url":"https:\/\/miguelcomino.cat\/wp-content\/uploads\/2023\/11\/399098354_10233355663612734_4473028344105525993_n.jpg","contentUrl":"https:\/\/miguelcomino.cat\/wp-content\/uploads\/2023\/11\/399098354_10233355663612734_4473028344105525993_n.jpg","width":843,"height":843,"caption":"Comprom\u00eds i visi\u00f3 progressista"},{"@type":"BreadcrumbList","@id":"https:\/\/miguelcomino.cat\/es\/compromiso-y-vision-progresista\/#breadcrumb","itemListElement":[{"@type":"ListItem","position":1,"name":"Portada","item":"https:\/\/miguelcomino.cat\/es\/"},{"@type":"ListItem","position":2,"name":"Compromiso y visi\u00f3n progresista"}]},{"@type":"WebSite","@id":"https:\/\/miguelcomino.cat\/es\/#website","url":"https:\/\/miguelcomino.cat\/es\/","name":"Miguel Comino","description":"Alcalde","publisher":{"@id":"https:\/\/miguelcomino.cat\/es\/#\/schema\/person\/4ecf1a3fec86aedb7db8e31067c9ffaf"},"potentialAction":[{"@type":"SearchAction","target":{"@type":"EntryPoint","urlTemplate":"https:\/\/miguelcomino.cat\/es\/?s={search_term_string}"},"query-input":{"@type":"PropertyValueSpecification","valueRequired":true,"valueName":"search_term_string"}}],"inLanguage":"es"},{"@type":["Person","Organization"],"@id":"https:\/\/miguelcomino.cat\/es\/#\/schema\/person\/4ecf1a3fec86aedb7db8e31067c9ffaf","name":"Miguel Comino","image":{"@type":"ImageObject","inLanguage":"es","@id":"https:\/\/miguelcomino.cat\/es\/#\/schema\/person\/image\/","url":"https:\/\/miguelcomino.cat\/wp-content\/uploads\/2023\/05\/003.png","contentUrl":"https:\/\/miguelcomino.cat\/wp-content\/uploads\/2023\/05\/003.png","width":922,"height":572,"caption":"Miguel Comino"},"logo":{"@id":"https:\/\/miguelcomino.cat\/es\/#\/schema\/person\/image\/"},"sameAs":["https:\/\/www.facebook.com\/miguel.comino\/about","https:\/\/www.instagram.com\/miguelcomino\/"],"url":"https:\/\/miguelcomino.cat\/es\/author\/admin-2\/"}]}},"_links":{"self":[{"href":"https:\/\/miguelcomino.cat\/es\/wp-json\/wp\/v2\/posts\/4854","targetHints":{"allow":["GET"]}}],"collection":[{"href":"https:\/\/miguelcomino.cat\/es\/wp-json\/wp\/v2\/posts"}],"about":[{"href":"https:\/\/miguelcomino.cat\/es\/wp-json\/wp\/v2\/types\/post"}],"author":[{"embeddable":true,"href":"https:\/\/miguelcomino.cat\/es\/wp-json\/wp\/v2\/users\/2"}],"replies":[{"embeddable":true,"href":"https:\/\/miguelcomino.cat\/es\/wp-json\/wp\/v2\/comments?post=4854"}],"version-history":[{"count":3,"href":"https:\/\/miguelcomino.cat\/es\/wp-json\/wp\/v2\/posts\/4854\/revisions"}],"predecessor-version":[{"id":4857,"href":"https:\/\/miguelcomino.cat\/es\/wp-json\/wp\/v2\/posts\/4854\/revisions\/4857"}],"wp:featuredmedia":[{"embeddable":true,"href":"https:\/\/miguelcomino.cat\/es\/wp-json\/wp\/v2\/media\/4844"}],"wp:attachment":[{"href":"https:\/\/miguelcomino.cat\/es\/wp-json\/wp\/v2\/media?parent=4854"}],"wp:term":[{"taxonomy":"category","embeddable":true,"href":"https:\/\/miguelcomino.cat\/es\/wp-json\/wp\/v2\/categories?post=4854"},{"taxonomy":"post_tag","embeddable":true,"href":"https:\/\/miguelcomino.cat\/es\/wp-json\/wp\/v2\/tags?post=4854"}],"curies":[{"name":"wp","href":"https:\/\/api.w.org\/{rel}","templated":true}]}}