{"id":4830,"date":"2023-06-29T20:09:39","date_gmt":"2023-06-29T18:09:39","guid":{"rendered":"https:\/\/miguelcomino.cat\/ha-sido-un-mes-muy-especial-para-mi\/"},"modified":"2023-06-29T20:17:36","modified_gmt":"2023-06-29T18:17:36","slug":"ha-sido-un-mes-muy-especial-para-mi","status":"publish","type":"post","link":"https:\/\/miguelcomino.cat\/es\/ha-sido-un-mes-muy-especial-para-mi\/","title":{"rendered":"Ha sido un mes muy especial para m\u00ed"},"content":{"rendered":"\n<p>Ha sido un mes muy especial para m\u00ed. Despu\u00e9s de la victoria electoral del pasado 28 de mayo gracias al apoyo de la mayor\u00eda de las personas que vivimos en Sant Vicen\u00e7 dels Horts, por segunda vez he sido escogido alcalde de Sant Vicen\u00e7 dels Horts, la ciudad que me ha visto nacer y crecer.<br\/>Es un orgullo ostentar la m\u00e1xima responsabilidad del municipio en el que vives; lo es porque represento a los ciudadanos y ciudadanas de mi ciudad y por qu\u00e9 cada d\u00eda trabajo para hacer mejor nuestra poblaci\u00f3n.<\/p>\n\n<p>Me gusta mucho pensar que cada d\u00eda, cada actividad que hago, cada decisi\u00f3n que tomo est\u00e1 pensada para mejorar nuestra sociedad.<br\/>En este mandato los y las socialistas nos hemos puesto de acuerdo con el concejal y la concejala de En Com\u00fa-Podem para realizar un proyecto que permita el progreso de la ciudad durante los pr\u00f3ximos cuatro a\u00f1os.<br\/>A partir de ahora empezamos a trabajar en un proyecto que debe combinar con el Plan de Actuaci\u00f3n Municipal (PAM) y que tambi\u00e9n contar\u00e1 con un espacio de participaci\u00f3n para que todos y todas podemos decir la nuestra.<\/p>\n\n<p>Las l\u00edneas son claras; queremos una sociedad feminista, ecol\u00f3gica, metropolitana, solidaria, competente econ\u00f3micamente estable y socialmente responsable.<\/p>\n\n<p>Empezamos cuatro a\u00f1os de trabajos para la ciudad.<\/p>\n\n<figure class=\"wp-block-gallery has-nested-images columns-default is-cropped wp-block-gallery-1 is-layout-flex wp-block-gallery-is-layout-flex\">\n<figure class=\"wp-block-image size-large\"><img fetchpriority=\"high\" decoding=\"async\" width=\"866\" height=\"1021\" data-id=\"4824\" src=\"https:\/\/miguelcomino.cat\/wp-content\/uploads\/2023\/06\/356812472_773374201246418_4693681029707220048_n.jpg\" alt=\"Ha sido un mes muy especial para m&#xED;. Despu&#xE9;s de la victoria electoral del pasado 28 de mayo gracias al apoyo de la mayor&#xED;a de las personas que vivimos en Sant Vicen&#xE7; dels Horts, por segunda vez he sido escogido alcalde de Sant Vicen&#xE7; dels Horts, la ciudad que me ha visto nacer y crecer. Es un orgullo ostentar la m&#xE1;xima responsabilidad del municipio en el que vives; lo es porque represento a los ciudadanos y ciudadanas de mi ciudad y por qu&#xE9; cada d&#xED;a trabajo para hacer mejor nuestra poblaci&#xF3;n. Me gusta mucho pensar que cada d&#xED;a, cada actividad que hago, cada decisi&#xF3;n que tomo est&#xE1; pensada para mejorar nuestra sociedad. En este mandato los y las socialistas nos hemos puesto de acuerdo con el concejal y la concejala de En Com&#xFA;-Podem para realizar un proyecto que permita el progreso de la ciudad durante los pr&#xF3;ximos cuatro a&#xF1;os. A partir de ahora empezamos a trabajar en un proyecto que debe combinar con el Plan de Actuaci&#xF3;n Municipal (PAM) y que tambi&#xE9;n contar&#xE1; con un espacio de participaci&#xF3;n para que todos y todas podemos decir la nuestra. Las l&#xED;neas son claras; queremos una sociedad feminista, ecol&#xF3;gica, metropolitana, solidaria, competente econ&#xF3;micamente estable y socialmente responsable. Empezamos cuatro a&#xF1;os de trabajos para la ciudad.\" class=\"wp-image-4824\" srcset=\"https:\/\/miguelcomino.cat\/wp-content\/uploads\/2023\/06\/356812472_773374201246418_4693681029707220048_n.jpg 866w, https:\/\/miguelcomino.cat\/wp-content\/uploads\/2023\/06\/356812472_773374201246418_4693681029707220048_n-254x300.jpg 254w, https:\/\/miguelcomino.cat\/wp-content\/uploads\/2023\/06\/356812472_773374201246418_4693681029707220048_n-768x905.jpg 768w\" sizes=\"(max-width: 866px) 100vw, 866px\" \/><\/figure>\n\n\n\n<figure class=\"wp-block-image size-large\"><img decoding=\"async\" width=\"869\" height=\"1024\" data-id=\"4827\" src=\"https:\/\/miguelcomino.cat\/wp-content\/uploads\/2023\/06\/356871012_773374157913089_3375089412144628426_n-869x1024.jpg\" alt=\"\" class=\"wp-image-4827\" srcset=\"https:\/\/miguelcomino.cat\/wp-content\/uploads\/2023\/06\/356871012_773374157913089_3375089412144628426_n-869x1024.jpg 869w, https:\/\/miguelcomino.cat\/wp-content\/uploads\/2023\/06\/356871012_773374157913089_3375089412144628426_n-255x300.jpg 255w, https:\/\/miguelcomino.cat\/wp-content\/uploads\/2023\/06\/356871012_773374157913089_3375089412144628426_n-768x905.jpg 768w, https:\/\/miguelcomino.cat\/wp-content\/uploads\/2023\/06\/356871012_773374157913089_3375089412144628426_n.jpg 1080w\" sizes=\"(max-width: 869px) 100vw, 869px\" \/><\/figure>\n<\/figure>\n","protected":false},"excerpt":{"rendered":"<p>Es un orgullo ostentar la m\u00e1xima responsabilidad del municipio en el que vives; lo es porque represento a los ciudadanos y ciudadanas de mi ciudad y por qu\u00e9 cada d\u00eda trabajo para hacer mejor nuestra poblaci\u00f3n.<\/p>\n","protected":false},"author":2,"featured_media":4825,"comment_status":"open","ping_status":"closed","sticky":false,"template":"","format":"standard","meta":{"footnotes":""},"categories":[20],"tags":[],"class_list":["post-4830","post","type-post","status-publish","format-standard","has-post-thumbnail","hentry","category-actividad-municipal"],"yoast_head":"<!-- This site is optimized with the Yoast SEO plugin v24.6 - https:\/\/yoast.com\/wordpress\/plugins\/seo\/ -->\n<title>Ha sido un mes muy especial para m\u00ed - Miguel Comino<\/title>\n<meta name=\"description\" content=\"Ha sido un mes muy especial para m\u00ed. Las l\u00edneas son claras; queremos una sociedad feminista, ecol\u00f3gica, metropolitana, solidaria, competente econ\u00f3micamente estable y socialmente responsable\" \/>\n<meta name=\"robots\" content=\"index, follow, max-snippet:-1, max-image-preview:large, max-video-preview:-1\" \/>\n<link rel=\"canonical\" href=\"https:\/\/miguelcomino.cat\/es\/ha-sido-un-mes-muy-especial-para-mi\/\" \/>\n<meta property=\"og:locale\" content=\"es_ES\" \/>\n<meta property=\"og:type\" content=\"article\" \/>\n<meta property=\"og:title\" content=\"Ha sido un mes muy especial para m\u00ed - Miguel Comino\" \/>\n<meta property=\"og:description\" content=\"Ha sido un mes muy especial para m\u00ed. Las l\u00edneas son claras; queremos una sociedad feminista, ecol\u00f3gica, metropolitana, solidaria, competente econ\u00f3micamente estable y socialmente responsable\" \/>\n<meta property=\"og:url\" content=\"https:\/\/miguelcomino.cat\/es\/ha-sido-un-mes-muy-especial-para-mi\/\" \/>\n<meta property=\"og:site_name\" content=\"Miguel Comino\" \/>\n<meta property=\"article:publisher\" content=\"https:\/\/www.facebook.com\/miguel.comino\/about\" \/>\n<meta property=\"article:author\" content=\"https:\/\/www.facebook.com\/miguel.comino\/about\" \/>\n<meta property=\"article:published_time\" content=\"2023-06-29T18:09:39+00:00\" \/>\n<meta property=\"article:modified_time\" content=\"2023-06-29T18:17:36+00:00\" \/>\n<meta property=\"og:image\" content=\"https:\/\/miguelcomino.cat\/wp-content\/uploads\/2023\/06\/356812472_773374201246418_4693681029707220048_n.jpg\" \/>\n\t<meta property=\"og:image:width\" content=\"866\" \/>\n\t<meta property=\"og:image:height\" content=\"1021\" \/>\n\t<meta property=\"og:image:type\" content=\"image\/jpeg\" \/>\n<meta name=\"author\" content=\"Miguel Comino\" \/>\n<meta name=\"twitter:card\" content=\"summary_large_image\" \/>\n<meta name=\"twitter:label1\" content=\"Escrito por\" \/>\n\t<meta name=\"twitter:data1\" content=\"Miguel Comino\" \/>\n\t<meta name=\"twitter:label2\" content=\"Tiempo de lectura\" \/>\n\t<meta name=\"twitter:data2\" content=\"1 minuto\" \/>\n<script type=\"application\/ld+json\" class=\"yoast-schema-graph\">{\"@context\":\"https:\/\/schema.org\",\"@graph\":[{\"@type\":\"Article\",\"@id\":\"https:\/\/miguelcomino.cat\/es\/ha-sido-un-mes-muy-especial-para-mi\/#article\",\"isPartOf\":{\"@id\":\"https:\/\/miguelcomino.cat\/es\/ha-sido-un-mes-muy-especial-para-mi\/\"},\"author\":{\"name\":\"Miguel Comino\",\"@id\":\"https:\/\/miguelcomino.cat\/es\/#\/schema\/person\/4ecf1a3fec86aedb7db8e31067c9ffaf\"},\"headline\":\"Ha sido un mes muy especial para m\u00ed\",\"datePublished\":\"2023-06-29T18:09:39+00:00\",\"dateModified\":\"2023-06-29T18:17:36+00:00\",\"mainEntityOfPage\":{\"@id\":\"https:\/\/miguelcomino.cat\/es\/ha-sido-un-mes-muy-especial-para-mi\/\"},\"wordCount\":236,\"commentCount\":0,\"publisher\":{\"@id\":\"https:\/\/miguelcomino.cat\/es\/#\/schema\/person\/4ecf1a3fec86aedb7db8e31067c9ffaf\"},\"image\":{\"@id\":\"https:\/\/miguelcomino.cat\/es\/ha-sido-un-mes-muy-especial-para-mi\/#primaryimage\"},\"thumbnailUrl\":\"https:\/\/miguelcomino.cat\/wp-content\/uploads\/2023\/06\/356812472_773374201246418_4693681029707220048_n.jpg\",\"articleSection\":[\"Actividad municipal\"],\"inLanguage\":\"es\",\"potentialAction\":[{\"@type\":\"CommentAction\",\"name\":\"Comment\",\"target\":[\"https:\/\/miguelcomino.cat\/es\/ha-sido-un-mes-muy-especial-para-mi\/#respond\"]}]},{\"@type\":\"WebPage\",\"@id\":\"https:\/\/miguelcomino.cat\/es\/ha-sido-un-mes-muy-especial-para-mi\/\",\"url\":\"https:\/\/miguelcomino.cat\/es\/ha-sido-un-mes-muy-especial-para-mi\/\",\"name\":\"Ha sido un mes muy especial para m\u00ed - Miguel Comino\",\"isPartOf\":{\"@id\":\"https:\/\/miguelcomino.cat\/es\/#website\"},\"primaryImageOfPage\":{\"@id\":\"https:\/\/miguelcomino.cat\/es\/ha-sido-un-mes-muy-especial-para-mi\/#primaryimage\"},\"image\":{\"@id\":\"https:\/\/miguelcomino.cat\/es\/ha-sido-un-mes-muy-especial-para-mi\/#primaryimage\"},\"thumbnailUrl\":\"https:\/\/miguelcomino.cat\/wp-content\/uploads\/2023\/06\/356812472_773374201246418_4693681029707220048_n.jpg\",\"datePublished\":\"2023-06-29T18:09:39+00:00\",\"dateModified\":\"2023-06-29T18:17:36+00:00\",\"description\":\"Ha sido un mes muy especial para m\u00ed. Las l\u00edneas son claras; queremos una sociedad feminista, ecol\u00f3gica, metropolitana, solidaria, competente econ\u00f3micamente estable y socialmente responsable\",\"breadcrumb\":{\"@id\":\"https:\/\/miguelcomino.cat\/es\/ha-sido-un-mes-muy-especial-para-mi\/#breadcrumb\"},\"inLanguage\":\"es\",\"potentialAction\":[{\"@type\":\"ReadAction\",\"target\":[\"https:\/\/miguelcomino.cat\/es\/ha-sido-un-mes-muy-especial-para-mi\/\"]}]},{\"@type\":\"ImageObject\",\"inLanguage\":\"es\",\"@id\":\"https:\/\/miguelcomino.cat\/es\/ha-sido-un-mes-muy-especial-para-mi\/#primaryimage\",\"url\":\"https:\/\/miguelcomino.cat\/wp-content\/uploads\/2023\/06\/356812472_773374201246418_4693681029707220048_n.jpg\",\"contentUrl\":\"https:\/\/miguelcomino.cat\/wp-content\/uploads\/2023\/06\/356812472_773374201246418_4693681029707220048_n.jpg\",\"width\":866,\"height\":1021,\"caption\":\"Ha estat un mes molt especial per mi. Despr\u00e9s de la vict\u00f2ria electoral del passat 28 de maig gr\u00e0cies al suport de la majoria de les persones que vivim a Sant Vicen\u00e7 dels Horts, per segon cop he estat escollit alcalde de Sant Vicen\u00e7 dels Horts, la ciutat que m'ha vist n\u00e9ixer i cr\u00e9ixer. \u00c9s un orgull ostentar la m\u00e0xima responsabilitat del municipi on vius; ho \u00e9s perqu\u00e8 represento els ciutadans i ciutadanes de la meva ciutat i per qu\u00e8 cada dia treballo per fer millor la nostra poblaci\u00f3. M'agrada molt pensar que cada dia, cada activitat que faig, cada decisi\u00f3 que prenc est\u00e0 pensada per millorar la nostra societat. En aquest mandat els i les socialistes ens hem posat d'acord amb el regidor i la regidora d'En Com\u00fa-Podem per fer un projecte que permeti el progr\u00e9s de la ciutat durant els pr\u00f2xims quatre anys. A partir d'ara comencem a treballar en un projecte que ha de combinar amb el Pla d'Actuaci\u00f3 Municipal (PAM) i que tamb\u00e9 comptar\u00e0 amb un espai de participaci\u00f3 perqu\u00e8 tots i totes podem dir la nostra. Les l\u00ednies s\u00f3n clares; volem una societat feminista, ecol\u00f2gica, metropolitana, solid\u00e0ria, competent econ\u00f2micament estable i socialment responsable. Comencem quatre anys de treballs per a la ciutat.\"},{\"@type\":\"BreadcrumbList\",\"@id\":\"https:\/\/miguelcomino.cat\/es\/ha-sido-un-mes-muy-especial-para-mi\/#breadcrumb\",\"itemListElement\":[{\"@type\":\"ListItem\",\"position\":1,\"name\":\"Portada\",\"item\":\"https:\/\/miguelcomino.cat\/es\/\"},{\"@type\":\"ListItem\",\"position\":2,\"name\":\"Ha sido un mes muy especial para m\u00ed\"}]},{\"@type\":\"WebSite\",\"@id\":\"https:\/\/miguelcomino.cat\/es\/#website\",\"url\":\"https:\/\/miguelcomino.cat\/es\/\",\"name\":\"Miguel Comino\",\"description\":\"Alcalde\",\"publisher\":{\"@id\":\"https:\/\/miguelcomino.cat\/es\/#\/schema\/person\/4ecf1a3fec86aedb7db8e31067c9ffaf\"},\"potentialAction\":[{\"@type\":\"SearchAction\",\"target\":{\"@type\":\"EntryPoint\",\"urlTemplate\":\"https:\/\/miguelcomino.cat\/es\/?s={search_term_string}\"},\"query-input\":{\"@type\":\"PropertyValueSpecification\",\"valueRequired\":true,\"valueName\":\"search_term_string\"}}],\"inLanguage\":\"es\"},{\"@type\":[\"Person\",\"Organization\"],\"@id\":\"https:\/\/miguelcomino.cat\/es\/#\/schema\/person\/4ecf1a3fec86aedb7db8e31067c9ffaf\",\"name\":\"Miguel Comino\",\"image\":{\"@type\":\"ImageObject\",\"inLanguage\":\"es\",\"@id\":\"https:\/\/miguelcomino.cat\/es\/#\/schema\/person\/image\/\",\"url\":\"https:\/\/miguelcomino.cat\/wp-content\/uploads\/2023\/05\/003.png\",\"contentUrl\":\"https:\/\/miguelcomino.cat\/wp-content\/uploads\/2023\/05\/003.png\",\"width\":922,\"height\":572,\"caption\":\"Miguel Comino\"},\"logo\":{\"@id\":\"https:\/\/miguelcomino.cat\/es\/#\/schema\/person\/image\/\"},\"sameAs\":[\"https:\/\/www.facebook.com\/miguel.comino\/about\",\"https:\/\/www.instagram.com\/miguelcomino\/\"],\"url\":\"https:\/\/miguelcomino.cat\/es\/author\/admin-2\/\"}]}<\/script>\n<!-- \/ Yoast SEO plugin. -->","yoast_head_json":{"title":"Ha sido un mes muy especial para m\u00ed - Miguel Comino","description":"Ha sido un mes muy especial para m\u00ed. Las l\u00edneas son claras; queremos una sociedad feminista, ecol\u00f3gica, metropolitana, solidaria, competente econ\u00f3micamente estable y socialmente responsable","robots":{"index":"index","follow":"follow","max-snippet":"max-snippet:-1","max-image-preview":"max-image-preview:large","max-video-preview":"max-video-preview:-1"},"canonical":"https:\/\/miguelcomino.cat\/es\/ha-sido-un-mes-muy-especial-para-mi\/","og_locale":"es_ES","og_type":"article","og_title":"Ha sido un mes muy especial para m\u00ed - Miguel Comino","og_description":"Ha sido un mes muy especial para m\u00ed. Las l\u00edneas son claras; queremos una sociedad feminista, ecol\u00f3gica, metropolitana, solidaria, competente econ\u00f3micamente estable y socialmente responsable","og_url":"https:\/\/miguelcomino.cat\/es\/ha-sido-un-mes-muy-especial-para-mi\/","og_site_name":"Miguel Comino","article_publisher":"https:\/\/www.facebook.com\/miguel.comino\/about","article_author":"https:\/\/www.facebook.com\/miguel.comino\/about","article_published_time":"2023-06-29T18:09:39+00:00","article_modified_time":"2023-06-29T18:17:36+00:00","og_image":[{"width":866,"height":1021,"url":"https:\/\/miguelcomino.cat\/wp-content\/uploads\/2023\/06\/356812472_773374201246418_4693681029707220048_n.jpg","type":"image\/jpeg"}],"author":"Miguel Comino","twitter_card":"summary_large_image","twitter_misc":{"Escrito por":"Miguel Comino","Tiempo de lectura":"1 minuto"},"schema":{"@context":"https:\/\/schema.org","@graph":[{"@type":"Article","@id":"https:\/\/miguelcomino.cat\/es\/ha-sido-un-mes-muy-especial-para-mi\/#article","isPartOf":{"@id":"https:\/\/miguelcomino.cat\/es\/ha-sido-un-mes-muy-especial-para-mi\/"},"author":{"name":"Miguel Comino","@id":"https:\/\/miguelcomino.cat\/es\/#\/schema\/person\/4ecf1a3fec86aedb7db8e31067c9ffaf"},"headline":"Ha sido un mes muy especial para m\u00ed","datePublished":"2023-06-29T18:09:39+00:00","dateModified":"2023-06-29T18:17:36+00:00","mainEntityOfPage":{"@id":"https:\/\/miguelcomino.cat\/es\/ha-sido-un-mes-muy-especial-para-mi\/"},"wordCount":236,"commentCount":0,"publisher":{"@id":"https:\/\/miguelcomino.cat\/es\/#\/schema\/person\/4ecf1a3fec86aedb7db8e31067c9ffaf"},"image":{"@id":"https:\/\/miguelcomino.cat\/es\/ha-sido-un-mes-muy-especial-para-mi\/#primaryimage"},"thumbnailUrl":"https:\/\/miguelcomino.cat\/wp-content\/uploads\/2023\/06\/356812472_773374201246418_4693681029707220048_n.jpg","articleSection":["Actividad municipal"],"inLanguage":"es","potentialAction":[{"@type":"CommentAction","name":"Comment","target":["https:\/\/miguelcomino.cat\/es\/ha-sido-un-mes-muy-especial-para-mi\/#respond"]}]},{"@type":"WebPage","@id":"https:\/\/miguelcomino.cat\/es\/ha-sido-un-mes-muy-especial-para-mi\/","url":"https:\/\/miguelcomino.cat\/es\/ha-sido-un-mes-muy-especial-para-mi\/","name":"Ha sido un mes muy especial para m\u00ed - Miguel Comino","isPartOf":{"@id":"https:\/\/miguelcomino.cat\/es\/#website"},"primaryImageOfPage":{"@id":"https:\/\/miguelcomino.cat\/es\/ha-sido-un-mes-muy-especial-para-mi\/#primaryimage"},"image":{"@id":"https:\/\/miguelcomino.cat\/es\/ha-sido-un-mes-muy-especial-para-mi\/#primaryimage"},"thumbnailUrl":"https:\/\/miguelcomino.cat\/wp-content\/uploads\/2023\/06\/356812472_773374201246418_4693681029707220048_n.jpg","datePublished":"2023-06-29T18:09:39+00:00","dateModified":"2023-06-29T18:17:36+00:00","description":"Ha sido un mes muy especial para m\u00ed. Las l\u00edneas son claras; queremos una sociedad feminista, ecol\u00f3gica, metropolitana, solidaria, competente econ\u00f3micamente estable y socialmente responsable","breadcrumb":{"@id":"https:\/\/miguelcomino.cat\/es\/ha-sido-un-mes-muy-especial-para-mi\/#breadcrumb"},"inLanguage":"es","potentialAction":[{"@type":"ReadAction","target":["https:\/\/miguelcomino.cat\/es\/ha-sido-un-mes-muy-especial-para-mi\/"]}]},{"@type":"ImageObject","inLanguage":"es","@id":"https:\/\/miguelcomino.cat\/es\/ha-sido-un-mes-muy-especial-para-mi\/#primaryimage","url":"https:\/\/miguelcomino.cat\/wp-content\/uploads\/2023\/06\/356812472_773374201246418_4693681029707220048_n.jpg","contentUrl":"https:\/\/miguelcomino.cat\/wp-content\/uploads\/2023\/06\/356812472_773374201246418_4693681029707220048_n.jpg","width":866,"height":1021,"caption":"Ha estat un mes molt especial per mi. Despr\u00e9s de la vict\u00f2ria electoral del passat 28 de maig gr\u00e0cies al suport de la majoria de les persones que vivim a Sant Vicen\u00e7 dels Horts, per segon cop he estat escollit alcalde de Sant Vicen\u00e7 dels Horts, la ciutat que m'ha vist n\u00e9ixer i cr\u00e9ixer. \u00c9s un orgull ostentar la m\u00e0xima responsabilitat del municipi on vius; ho \u00e9s perqu\u00e8 represento els ciutadans i ciutadanes de la meva ciutat i per qu\u00e8 cada dia treballo per fer millor la nostra poblaci\u00f3. M'agrada molt pensar que cada dia, cada activitat que faig, cada decisi\u00f3 que prenc est\u00e0 pensada per millorar la nostra societat. En aquest mandat els i les socialistes ens hem posat d'acord amb el regidor i la regidora d'En Com\u00fa-Podem per fer un projecte que permeti el progr\u00e9s de la ciutat durant els pr\u00f2xims quatre anys. A partir d'ara comencem a treballar en un projecte que ha de combinar amb el Pla d'Actuaci\u00f3 Municipal (PAM) i que tamb\u00e9 comptar\u00e0 amb un espai de participaci\u00f3 perqu\u00e8 tots i totes podem dir la nostra. Les l\u00ednies s\u00f3n clares; volem una societat feminista, ecol\u00f2gica, metropolitana, solid\u00e0ria, competent econ\u00f2micament estable i socialment responsable. Comencem quatre anys de treballs per a la ciutat."},{"@type":"BreadcrumbList","@id":"https:\/\/miguelcomino.cat\/es\/ha-sido-un-mes-muy-especial-para-mi\/#breadcrumb","itemListElement":[{"@type":"ListItem","position":1,"name":"Portada","item":"https:\/\/miguelcomino.cat\/es\/"},{"@type":"ListItem","position":2,"name":"Ha sido un mes muy especial para m\u00ed"}]},{"@type":"WebSite","@id":"https:\/\/miguelcomino.cat\/es\/#website","url":"https:\/\/miguelcomino.cat\/es\/","name":"Miguel Comino","description":"Alcalde","publisher":{"@id":"https:\/\/miguelcomino.cat\/es\/#\/schema\/person\/4ecf1a3fec86aedb7db8e31067c9ffaf"},"potentialAction":[{"@type":"SearchAction","target":{"@type":"EntryPoint","urlTemplate":"https:\/\/miguelcomino.cat\/es\/?s={search_term_string}"},"query-input":{"@type":"PropertyValueSpecification","valueRequired":true,"valueName":"search_term_string"}}],"inLanguage":"es"},{"@type":["Person","Organization"],"@id":"https:\/\/miguelcomino.cat\/es\/#\/schema\/person\/4ecf1a3fec86aedb7db8e31067c9ffaf","name":"Miguel Comino","image":{"@type":"ImageObject","inLanguage":"es","@id":"https:\/\/miguelcomino.cat\/es\/#\/schema\/person\/image\/","url":"https:\/\/miguelcomino.cat\/wp-content\/uploads\/2023\/05\/003.png","contentUrl":"https:\/\/miguelcomino.cat\/wp-content\/uploads\/2023\/05\/003.png","width":922,"height":572,"caption":"Miguel Comino"},"logo":{"@id":"https:\/\/miguelcomino.cat\/es\/#\/schema\/person\/image\/"},"sameAs":["https:\/\/www.facebook.com\/miguel.comino\/about","https:\/\/www.instagram.com\/miguelcomino\/"],"url":"https:\/\/miguelcomino.cat\/es\/author\/admin-2\/"}]}},"_links":{"self":[{"href":"https:\/\/miguelcomino.cat\/es\/wp-json\/wp\/v2\/posts\/4830","targetHints":{"allow":["GET"]}}],"collection":[{"href":"https:\/\/miguelcomino.cat\/es\/wp-json\/wp\/v2\/posts"}],"about":[{"href":"https:\/\/miguelcomino.cat\/es\/wp-json\/wp\/v2\/types\/post"}],"author":[{"embeddable":true,"href":"https:\/\/miguelcomino.cat\/es\/wp-json\/wp\/v2\/users\/2"}],"replies":[{"embeddable":true,"href":"https:\/\/miguelcomino.cat\/es\/wp-json\/wp\/v2\/comments?post=4830"}],"version-history":[{"count":3,"href":"https:\/\/miguelcomino.cat\/es\/wp-json\/wp\/v2\/posts\/4830\/revisions"}],"predecessor-version":[{"id":4833,"href":"https:\/\/miguelcomino.cat\/es\/wp-json\/wp\/v2\/posts\/4830\/revisions\/4833"}],"wp:featuredmedia":[{"embeddable":true,"href":"https:\/\/miguelcomino.cat\/es\/wp-json\/wp\/v2\/media\/4825"}],"wp:attachment":[{"href":"https:\/\/miguelcomino.cat\/es\/wp-json\/wp\/v2\/media?parent=4830"}],"wp:term":[{"taxonomy":"category","embeddable":true,"href":"https:\/\/miguelcomino.cat\/es\/wp-json\/wp\/v2\/categories?post=4830"},{"taxonomy":"post_tag","embeddable":true,"href":"https:\/\/miguelcomino.cat\/es\/wp-json\/wp\/v2\/tags?post=4830"}],"curies":[{"name":"wp","href":"https:\/\/api.w.org\/{rel}","templated":true}]}}