{"id":4706,"date":"2023-05-22T16:19:09","date_gmt":"2023-05-22T14:19:09","guid":{"rendered":"https:\/\/miguelcomino.cat\/centre-civic-de-la-guardia-en-la-placa-de-la-pau\/"},"modified":"2023-05-22T17:07:50","modified_gmt":"2023-05-22T15:07:50","slug":"centre-civic-de-la-guardia-en-la-placa-de-la-pau","status":"publish","type":"post","link":"https:\/\/miguelcomino.cat\/es\/centre-civic-de-la-guardia-en-la-placa-de-la-pau\/","title":{"rendered":"Centre C\u00edvic de La Gu\u00e0rdia, en la Pla\u00e7a de la Pau"},"content":{"rendered":"\n<p><strong>Miguel Comino, alcalde de Sant Vicen\u00e7 dels Horts<\/strong><\/p>\n\n\n\n<p>Durante este mandato hemos construido y puesto en marcha el nuevo Centro C\u00edvico de La Guardia, en la Pla\u00e7a de la Pau. En la misma zona, en las \u00faltimas semanas tambi\u00e9n hemos acabado de instalar un nuevo espacio l\u00fadico pensado para las familias y especialmente para los m\u00e1s peque\u00f1os y m\u00e1s peque\u00f1as.<\/p>\n\n\n\n<p>Hace pocos meses tambi\u00e9n renovamos la zona de juegos infantiles de la calle Vel\u00e1zquez, en el barrio de Sant Roc, y durante estos 4 a\u00f1os hemos realizado labores de adecuaci\u00f3n y mantenimiento en todas las zonas infantiles para que perduren en un estado \u00f3ptimo.<\/p>\n\n\n\n<p>En las pr\u00f3ximas semanas realizaremos una primera intervenci\u00f3n con car\u00e1cter de urgencia en la calle Coru\u00f1a para mejorar las tuber\u00edas de agua que tienen muchas p\u00e9rdidas y dan muchos problemas al vecindario y, posteriormente, en los pr\u00f3ximos a\u00f1os haremos la reurbanitaci\u00f3n completa de la calle Coru\u00f1a (queremos trabajar tambi\u00e9n con los vecinos y vecinas del Callej\u00f3n de Toledo) y de la misma manera haremos la reurbanizaci\u00f3n completa de la calle Montjuic, en el barrio del Tur\u00f3, proyecto que ya tenemos encargado y muy avanzado.<\/p>\n\n\n\n<p>Continuaremos transformando Sant Vicen\u00e7 dels Horts, contigo!<\/p>\n\n\n\n<p><\/p>\n\n\n\n<figure class=\"wp-block-embed is-type-video is-provider-youtube wp-block-embed-youtube wp-embed-aspect-16-9 wp-has-aspect-ratio\"><div class=\"wp-block-embed__wrapper\">\n<iframe title=\"CAP\u00cdTULO 7 - SANT VICEN\u00c7 SE TRANSFORMA CONTIGO - CC LA GUARDIA\" width=\"800\" height=\"450\" src=\"https:\/\/www.youtube.com\/embed\/9O74XaCTJag?feature=oembed\" frameborder=\"0\" allow=\"accelerometer; autoplay; clipboard-write; encrypted-media; gyroscope; picture-in-picture; web-share\" referrerpolicy=\"strict-origin-when-cross-origin\" allowfullscreen><\/iframe>\n<\/div><\/figure>\n","protected":false},"excerpt":{"rendered":"<p>Durante este mandato hemos construido y puesto en marcha el nuevo Centro C\u00edvico de La Guardia, en la Pla\u00e7a de la Pau. En la misma zona, en las \u00faltimas semanas tambi\u00e9n hemos acabado de instalar un nuevo espacio l\u00fadico pensado para las familias y especialmente para los m\u00e1s peque\u00f1os y m\u00e1s peque\u00f1as.<\/p>\n","protected":false},"author":2,"featured_media":4691,"comment_status":"open","ping_status":"closed","sticky":false,"template":"","format":"standard","meta":{"footnotes":""},"categories":[26],"tags":[86],"class_list":["post-4706","post","type-post","status-publish","format-standard","has-post-thumbnail","hentry","category-psc","tag-municipales-23"],"yoast_head":"<!-- This site is optimized with the Yoast SEO plugin v24.6 - https:\/\/yoast.com\/wordpress\/plugins\/seo\/ -->\n<title>Centre C\u00edvic de La Gu\u00e0rdia, en la Pla\u00e7a de la Pau - Miguel Comino<\/title>\n<meta name=\"description\" content=\"Centre C\u00edvic de La Gu\u00e0rdia, en la Pla\u00e7a de la Pau. Miguel Comino, alcalde de San Vicen\u00e7 dels Horts. Alcalde Comino.\" \/>\n<meta name=\"robots\" content=\"index, follow, max-snippet:-1, max-image-preview:large, max-video-preview:-1\" \/>\n<link rel=\"canonical\" href=\"https:\/\/miguelcomino.cat\/es\/centre-civic-de-la-guardia-en-la-placa-de-la-pau\/\" \/>\n<meta property=\"og:locale\" content=\"es_ES\" \/>\n<meta property=\"og:type\" content=\"article\" \/>\n<meta property=\"og:title\" content=\"Centre C\u00edvic de La Gu\u00e0rdia, en la Pla\u00e7a de la Pau - Miguel Comino\" \/>\n<meta property=\"og:description\" content=\"Centre C\u00edvic de La Gu\u00e0rdia, en la Pla\u00e7a de la Pau. Miguel Comino, alcalde de San Vicen\u00e7 dels Horts. Alcalde Comino.\" \/>\n<meta property=\"og:url\" content=\"https:\/\/miguelcomino.cat\/es\/centre-civic-de-la-guardia-en-la-placa-de-la-pau\/\" \/>\n<meta property=\"og:site_name\" content=\"Miguel Comino\" \/>\n<meta property=\"article:publisher\" content=\"https:\/\/www.facebook.com\/miguel.comino\/about\" \/>\n<meta property=\"article:author\" content=\"https:\/\/www.facebook.com\/miguel.comino\/about\" \/>\n<meta property=\"article:published_time\" content=\"2023-05-22T14:19:09+00:00\" \/>\n<meta property=\"article:modified_time\" content=\"2023-05-22T15:07:50+00:00\" \/>\n<meta property=\"og:image\" content=\"https:\/\/miguelcomino.cat\/wp-content\/uploads\/2023\/05\/Miguel-Comino-alcalde-socialista.png\" \/>\n\t<meta property=\"og:image:width\" content=\"1051\" \/>\n\t<meta property=\"og:image:height\" content=\"517\" \/>\n\t<meta property=\"og:image:type\" content=\"image\/png\" \/>\n<meta name=\"author\" content=\"Miguel Comino\" \/>\n<meta name=\"twitter:card\" content=\"summary_large_image\" \/>\n<meta name=\"twitter:label1\" content=\"Escrito por\" \/>\n\t<meta name=\"twitter:data1\" content=\"Miguel Comino\" \/>\n\t<meta name=\"twitter:label2\" content=\"Tiempo de lectura\" \/>\n\t<meta name=\"twitter:data2\" content=\"2 minutos\" \/>\n<script type=\"application\/ld+json\" class=\"yoast-schema-graph\">{\"@context\":\"https:\/\/schema.org\",\"@graph\":[{\"@type\":\"Article\",\"@id\":\"https:\/\/miguelcomino.cat\/es\/centre-civic-de-la-guardia-en-la-placa-de-la-pau\/#article\",\"isPartOf\":{\"@id\":\"https:\/\/miguelcomino.cat\/es\/centre-civic-de-la-guardia-en-la-placa-de-la-pau\/\"},\"author\":{\"name\":\"Miguel Comino\",\"@id\":\"https:\/\/miguelcomino.cat\/es\/#\/schema\/person\/4ecf1a3fec86aedb7db8e31067c9ffaf\"},\"headline\":\"Centre C\u00edvic de La Gu\u00e0rdia, en la Pla\u00e7a de la Pau\",\"datePublished\":\"2023-05-22T14:19:09+00:00\",\"dateModified\":\"2023-05-22T15:07:50+00:00\",\"mainEntityOfPage\":{\"@id\":\"https:\/\/miguelcomino.cat\/es\/centre-civic-de-la-guardia-en-la-placa-de-la-pau\/\"},\"wordCount\":238,\"commentCount\":0,\"publisher\":{\"@id\":\"https:\/\/miguelcomino.cat\/es\/#\/schema\/person\/4ecf1a3fec86aedb7db8e31067c9ffaf\"},\"image\":{\"@id\":\"https:\/\/miguelcomino.cat\/es\/centre-civic-de-la-guardia-en-la-placa-de-la-pau\/#primaryimage\"},\"thumbnailUrl\":\"https:\/\/miguelcomino.cat\/wp-content\/uploads\/2023\/05\/Miguel-Comino-alcalde-socialista.png\",\"keywords\":[\"Municipales 23\"],\"articleSection\":[\"PSC\"],\"inLanguage\":\"es\",\"potentialAction\":[{\"@type\":\"CommentAction\",\"name\":\"Comment\",\"target\":[\"https:\/\/miguelcomino.cat\/es\/centre-civic-de-la-guardia-en-la-placa-de-la-pau\/#respond\"]}]},{\"@type\":\"WebPage\",\"@id\":\"https:\/\/miguelcomino.cat\/es\/centre-civic-de-la-guardia-en-la-placa-de-la-pau\/\",\"url\":\"https:\/\/miguelcomino.cat\/es\/centre-civic-de-la-guardia-en-la-placa-de-la-pau\/\",\"name\":\"Centre C\u00edvic de La Gu\u00e0rdia, en la Pla\u00e7a de la Pau - Miguel Comino\",\"isPartOf\":{\"@id\":\"https:\/\/miguelcomino.cat\/es\/#website\"},\"primaryImageOfPage\":{\"@id\":\"https:\/\/miguelcomino.cat\/es\/centre-civic-de-la-guardia-en-la-placa-de-la-pau\/#primaryimage\"},\"image\":{\"@id\":\"https:\/\/miguelcomino.cat\/es\/centre-civic-de-la-guardia-en-la-placa-de-la-pau\/#primaryimage\"},\"thumbnailUrl\":\"https:\/\/miguelcomino.cat\/wp-content\/uploads\/2023\/05\/Miguel-Comino-alcalde-socialista.png\",\"datePublished\":\"2023-05-22T14:19:09+00:00\",\"dateModified\":\"2023-05-22T15:07:50+00:00\",\"description\":\"Centre C\u00edvic de La Gu\u00e0rdia, en la Pla\u00e7a de la Pau. Miguel Comino, alcalde de San Vicen\u00e7 dels Horts. Alcalde Comino.\",\"breadcrumb\":{\"@id\":\"https:\/\/miguelcomino.cat\/es\/centre-civic-de-la-guardia-en-la-placa-de-la-pau\/#breadcrumb\"},\"inLanguage\":\"es\",\"potentialAction\":[{\"@type\":\"ReadAction\",\"target\":[\"https:\/\/miguelcomino.cat\/es\/centre-civic-de-la-guardia-en-la-placa-de-la-pau\/\"]}]},{\"@type\":\"ImageObject\",\"inLanguage\":\"es\",\"@id\":\"https:\/\/miguelcomino.cat\/es\/centre-civic-de-la-guardia-en-la-placa-de-la-pau\/#primaryimage\",\"url\":\"https:\/\/miguelcomino.cat\/wp-content\/uploads\/2023\/05\/Miguel-Comino-alcalde-socialista.png\",\"contentUrl\":\"https:\/\/miguelcomino.cat\/wp-content\/uploads\/2023\/05\/Miguel-Comino-alcalde-socialista.png\",\"width\":1051,\"height\":517,\"caption\":\"Miguel Comino, alcalde de Sant Vicen\u00e7 dels Horts Durante este mandato hemos construido y puesto en marcha el nuevo Centro C\u00edvico de La Guardia, en la Pla\u00e7a de la Pau. En la misma zona, en las \u00faltimas semanas tambi\u00e9n hemos acabado de instalar un nuevo espacio l\u00fadico pensado para las familias y especialmente para los m\u00e1s peque\u00f1os y m\u00e1s peque\u00f1as. Hace pocos meses tambi\u00e9n renovamos la zona de juegos infantiles de la calle Vel\u00e1zquez, en el barrio de Sant Roc, y durante estos 4 a\u00f1os hemos realizado labores de adecuaci\u00f3n y mantenimiento en todas las zonas infantiles para que perduren en un estado \u00f3ptimo. En las pr\u00f3ximas semanas realizaremos una primera intervenci\u00f3n con car\u00e1cter de urgencia en la calle Coru\u00f1a para mejorar las tuber\u00edas de agua que tienen muchas p\u00e9rdidas y dan muchos problemas al vecindario y, posteriormente, en los pr\u00f3ximos a\u00f1os haremos la reurbanitaci\u00f3n completa de la calle Coru\u00f1a (queremos trabajar tambi\u00e9n con los vecinos y vecinas del Callej\u00f3n de Toledo) y de la misma manera haremos la reurbanizaci\u00f3n completa de la calle Montjuic, en el barrio del Tur\u00f3, proyecto que ya tenemos encargado y muy avanzado. Continuaremos transformando Sant Vicen\u00e7 dels Horts, contigo!\"},{\"@type\":\"BreadcrumbList\",\"@id\":\"https:\/\/miguelcomino.cat\/es\/centre-civic-de-la-guardia-en-la-placa-de-la-pau\/#breadcrumb\",\"itemListElement\":[{\"@type\":\"ListItem\",\"position\":1,\"name\":\"Portada\",\"item\":\"https:\/\/miguelcomino.cat\/es\/\"},{\"@type\":\"ListItem\",\"position\":2,\"name\":\"Centre C\u00edvic de La Gu\u00e0rdia, en la Pla\u00e7a de la Pau\"}]},{\"@type\":\"WebSite\",\"@id\":\"https:\/\/miguelcomino.cat\/es\/#website\",\"url\":\"https:\/\/miguelcomino.cat\/es\/\",\"name\":\"Miguel Comino\",\"description\":\"Alcalde\",\"publisher\":{\"@id\":\"https:\/\/miguelcomino.cat\/es\/#\/schema\/person\/4ecf1a3fec86aedb7db8e31067c9ffaf\"},\"potentialAction\":[{\"@type\":\"SearchAction\",\"target\":{\"@type\":\"EntryPoint\",\"urlTemplate\":\"https:\/\/miguelcomino.cat\/es\/?s={search_term_string}\"},\"query-input\":{\"@type\":\"PropertyValueSpecification\",\"valueRequired\":true,\"valueName\":\"search_term_string\"}}],\"inLanguage\":\"es\"},{\"@type\":[\"Person\",\"Organization\"],\"@id\":\"https:\/\/miguelcomino.cat\/es\/#\/schema\/person\/4ecf1a3fec86aedb7db8e31067c9ffaf\",\"name\":\"Miguel Comino\",\"image\":{\"@type\":\"ImageObject\",\"inLanguage\":\"es\",\"@id\":\"https:\/\/miguelcomino.cat\/es\/#\/schema\/person\/image\/\",\"url\":\"https:\/\/miguelcomino.cat\/wp-content\/uploads\/2023\/05\/003.png\",\"contentUrl\":\"https:\/\/miguelcomino.cat\/wp-content\/uploads\/2023\/05\/003.png\",\"width\":922,\"height\":572,\"caption\":\"Miguel Comino\"},\"logo\":{\"@id\":\"https:\/\/miguelcomino.cat\/es\/#\/schema\/person\/image\/\"},\"sameAs\":[\"https:\/\/www.facebook.com\/miguel.comino\/about\",\"https:\/\/www.instagram.com\/miguelcomino\/\"],\"url\":\"https:\/\/miguelcomino.cat\/es\/author\/admin-2\/\"}]}<\/script>\n<!-- \/ Yoast SEO plugin. -->","yoast_head_json":{"title":"Centre C\u00edvic de La Gu\u00e0rdia, en la Pla\u00e7a de la Pau - Miguel Comino","description":"Centre C\u00edvic de La Gu\u00e0rdia, en la Pla\u00e7a de la Pau. Miguel Comino, alcalde de San Vicen\u00e7 dels Horts. Alcalde Comino.","robots":{"index":"index","follow":"follow","max-snippet":"max-snippet:-1","max-image-preview":"max-image-preview:large","max-video-preview":"max-video-preview:-1"},"canonical":"https:\/\/miguelcomino.cat\/es\/centre-civic-de-la-guardia-en-la-placa-de-la-pau\/","og_locale":"es_ES","og_type":"article","og_title":"Centre C\u00edvic de La Gu\u00e0rdia, en la Pla\u00e7a de la Pau - Miguel Comino","og_description":"Centre C\u00edvic de La Gu\u00e0rdia, en la Pla\u00e7a de la Pau. Miguel Comino, alcalde de San Vicen\u00e7 dels Horts. Alcalde Comino.","og_url":"https:\/\/miguelcomino.cat\/es\/centre-civic-de-la-guardia-en-la-placa-de-la-pau\/","og_site_name":"Miguel Comino","article_publisher":"https:\/\/www.facebook.com\/miguel.comino\/about","article_author":"https:\/\/www.facebook.com\/miguel.comino\/about","article_published_time":"2023-05-22T14:19:09+00:00","article_modified_time":"2023-05-22T15:07:50+00:00","og_image":[{"width":1051,"height":517,"url":"https:\/\/miguelcomino.cat\/wp-content\/uploads\/2023\/05\/Miguel-Comino-alcalde-socialista.png","type":"image\/png"}],"author":"Miguel Comino","twitter_card":"summary_large_image","twitter_misc":{"Escrito por":"Miguel Comino","Tiempo de lectura":"2 minutos"},"schema":{"@context":"https:\/\/schema.org","@graph":[{"@type":"Article","@id":"https:\/\/miguelcomino.cat\/es\/centre-civic-de-la-guardia-en-la-placa-de-la-pau\/#article","isPartOf":{"@id":"https:\/\/miguelcomino.cat\/es\/centre-civic-de-la-guardia-en-la-placa-de-la-pau\/"},"author":{"name":"Miguel Comino","@id":"https:\/\/miguelcomino.cat\/es\/#\/schema\/person\/4ecf1a3fec86aedb7db8e31067c9ffaf"},"headline":"Centre C\u00edvic de La Gu\u00e0rdia, en la Pla\u00e7a de la Pau","datePublished":"2023-05-22T14:19:09+00:00","dateModified":"2023-05-22T15:07:50+00:00","mainEntityOfPage":{"@id":"https:\/\/miguelcomino.cat\/es\/centre-civic-de-la-guardia-en-la-placa-de-la-pau\/"},"wordCount":238,"commentCount":0,"publisher":{"@id":"https:\/\/miguelcomino.cat\/es\/#\/schema\/person\/4ecf1a3fec86aedb7db8e31067c9ffaf"},"image":{"@id":"https:\/\/miguelcomino.cat\/es\/centre-civic-de-la-guardia-en-la-placa-de-la-pau\/#primaryimage"},"thumbnailUrl":"https:\/\/miguelcomino.cat\/wp-content\/uploads\/2023\/05\/Miguel-Comino-alcalde-socialista.png","keywords":["Municipales 23"],"articleSection":["PSC"],"inLanguage":"es","potentialAction":[{"@type":"CommentAction","name":"Comment","target":["https:\/\/miguelcomino.cat\/es\/centre-civic-de-la-guardia-en-la-placa-de-la-pau\/#respond"]}]},{"@type":"WebPage","@id":"https:\/\/miguelcomino.cat\/es\/centre-civic-de-la-guardia-en-la-placa-de-la-pau\/","url":"https:\/\/miguelcomino.cat\/es\/centre-civic-de-la-guardia-en-la-placa-de-la-pau\/","name":"Centre C\u00edvic de La Gu\u00e0rdia, en la Pla\u00e7a de la Pau - Miguel Comino","isPartOf":{"@id":"https:\/\/miguelcomino.cat\/es\/#website"},"primaryImageOfPage":{"@id":"https:\/\/miguelcomino.cat\/es\/centre-civic-de-la-guardia-en-la-placa-de-la-pau\/#primaryimage"},"image":{"@id":"https:\/\/miguelcomino.cat\/es\/centre-civic-de-la-guardia-en-la-placa-de-la-pau\/#primaryimage"},"thumbnailUrl":"https:\/\/miguelcomino.cat\/wp-content\/uploads\/2023\/05\/Miguel-Comino-alcalde-socialista.png","datePublished":"2023-05-22T14:19:09+00:00","dateModified":"2023-05-22T15:07:50+00:00","description":"Centre C\u00edvic de La Gu\u00e0rdia, en la Pla\u00e7a de la Pau. Miguel Comino, alcalde de San Vicen\u00e7 dels Horts. Alcalde Comino.","breadcrumb":{"@id":"https:\/\/miguelcomino.cat\/es\/centre-civic-de-la-guardia-en-la-placa-de-la-pau\/#breadcrumb"},"inLanguage":"es","potentialAction":[{"@type":"ReadAction","target":["https:\/\/miguelcomino.cat\/es\/centre-civic-de-la-guardia-en-la-placa-de-la-pau\/"]}]},{"@type":"ImageObject","inLanguage":"es","@id":"https:\/\/miguelcomino.cat\/es\/centre-civic-de-la-guardia-en-la-placa-de-la-pau\/#primaryimage","url":"https:\/\/miguelcomino.cat\/wp-content\/uploads\/2023\/05\/Miguel-Comino-alcalde-socialista.png","contentUrl":"https:\/\/miguelcomino.cat\/wp-content\/uploads\/2023\/05\/Miguel-Comino-alcalde-socialista.png","width":1051,"height":517,"caption":"Miguel Comino, alcalde de Sant Vicen\u00e7 dels Horts Durante este mandato hemos construido y puesto en marcha el nuevo Centro C\u00edvico de La Guardia, en la Pla\u00e7a de la Pau. En la misma zona, en las \u00faltimas semanas tambi\u00e9n hemos acabado de instalar un nuevo espacio l\u00fadico pensado para las familias y especialmente para los m\u00e1s peque\u00f1os y m\u00e1s peque\u00f1as. Hace pocos meses tambi\u00e9n renovamos la zona de juegos infantiles de la calle Vel\u00e1zquez, en el barrio de Sant Roc, y durante estos 4 a\u00f1os hemos realizado labores de adecuaci\u00f3n y mantenimiento en todas las zonas infantiles para que perduren en un estado \u00f3ptimo. En las pr\u00f3ximas semanas realizaremos una primera intervenci\u00f3n con car\u00e1cter de urgencia en la calle Coru\u00f1a para mejorar las tuber\u00edas de agua que tienen muchas p\u00e9rdidas y dan muchos problemas al vecindario y, posteriormente, en los pr\u00f3ximos a\u00f1os haremos la reurbanitaci\u00f3n completa de la calle Coru\u00f1a (queremos trabajar tambi\u00e9n con los vecinos y vecinas del Callej\u00f3n de Toledo) y de la misma manera haremos la reurbanizaci\u00f3n completa de la calle Montjuic, en el barrio del Tur\u00f3, proyecto que ya tenemos encargado y muy avanzado. Continuaremos transformando Sant Vicen\u00e7 dels Horts, contigo!"},{"@type":"BreadcrumbList","@id":"https:\/\/miguelcomino.cat\/es\/centre-civic-de-la-guardia-en-la-placa-de-la-pau\/#breadcrumb","itemListElement":[{"@type":"ListItem","position":1,"name":"Portada","item":"https:\/\/miguelcomino.cat\/es\/"},{"@type":"ListItem","position":2,"name":"Centre C\u00edvic de La Gu\u00e0rdia, en la Pla\u00e7a de la Pau"}]},{"@type":"WebSite","@id":"https:\/\/miguelcomino.cat\/es\/#website","url":"https:\/\/miguelcomino.cat\/es\/","name":"Miguel Comino","description":"Alcalde","publisher":{"@id":"https:\/\/miguelcomino.cat\/es\/#\/schema\/person\/4ecf1a3fec86aedb7db8e31067c9ffaf"},"potentialAction":[{"@type":"SearchAction","target":{"@type":"EntryPoint","urlTemplate":"https:\/\/miguelcomino.cat\/es\/?s={search_term_string}"},"query-input":{"@type":"PropertyValueSpecification","valueRequired":true,"valueName":"search_term_string"}}],"inLanguage":"es"},{"@type":["Person","Organization"],"@id":"https:\/\/miguelcomino.cat\/es\/#\/schema\/person\/4ecf1a3fec86aedb7db8e31067c9ffaf","name":"Miguel Comino","image":{"@type":"ImageObject","inLanguage":"es","@id":"https:\/\/miguelcomino.cat\/es\/#\/schema\/person\/image\/","url":"https:\/\/miguelcomino.cat\/wp-content\/uploads\/2023\/05\/003.png","contentUrl":"https:\/\/miguelcomino.cat\/wp-content\/uploads\/2023\/05\/003.png","width":922,"height":572,"caption":"Miguel Comino"},"logo":{"@id":"https:\/\/miguelcomino.cat\/es\/#\/schema\/person\/image\/"},"sameAs":["https:\/\/www.facebook.com\/miguel.comino\/about","https:\/\/www.instagram.com\/miguelcomino\/"],"url":"https:\/\/miguelcomino.cat\/es\/author\/admin-2\/"}]}},"_links":{"self":[{"href":"https:\/\/miguelcomino.cat\/es\/wp-json\/wp\/v2\/posts\/4706","targetHints":{"allow":["GET"]}}],"collection":[{"href":"https:\/\/miguelcomino.cat\/es\/wp-json\/wp\/v2\/posts"}],"about":[{"href":"https:\/\/miguelcomino.cat\/es\/wp-json\/wp\/v2\/types\/post"}],"author":[{"embeddable":true,"href":"https:\/\/miguelcomino.cat\/es\/wp-json\/wp\/v2\/users\/2"}],"replies":[{"embeddable":true,"href":"https:\/\/miguelcomino.cat\/es\/wp-json\/wp\/v2\/comments?post=4706"}],"version-history":[{"count":3,"href":"https:\/\/miguelcomino.cat\/es\/wp-json\/wp\/v2\/posts\/4706\/revisions"}],"predecessor-version":[{"id":4730,"href":"https:\/\/miguelcomino.cat\/es\/wp-json\/wp\/v2\/posts\/4706\/revisions\/4730"}],"wp:featuredmedia":[{"embeddable":true,"href":"https:\/\/miguelcomino.cat\/es\/wp-json\/wp\/v2\/media\/4691"}],"wp:attachment":[{"href":"https:\/\/miguelcomino.cat\/es\/wp-json\/wp\/v2\/media?parent=4706"}],"wp:term":[{"taxonomy":"category","embeddable":true,"href":"https:\/\/miguelcomino.cat\/es\/wp-json\/wp\/v2\/categories?post=4706"},{"taxonomy":"post_tag","embeddable":true,"href":"https:\/\/miguelcomino.cat\/es\/wp-json\/wp\/v2\/tags?post=4706"}],"curies":[{"name":"wp","href":"https:\/\/api.w.org\/{rel}","templated":true}]}}