{"id":4662,"date":"2023-05-03T11:35:13","date_gmt":"2023-05-03T09:35:13","guid":{"rendered":"https:\/\/miguelcomino.cat\/video-presentacion-miguel-comino\/"},"modified":"2023-05-21T13:28:12","modified_gmt":"2023-05-21T11:28:12","slug":"video-presentacion-miguel-comino","status":"publish","type":"post","link":"https:\/\/miguelcomino.cat\/es\/video-presentacion-miguel-comino\/","title":{"rendered":"Video presentaci\u00f3n Miguel Comino"},"content":{"rendered":"\n<p>Quiero seguir liderando esta ciudad que se transforma y que no deja a nadie atr\u00e1s. Y quiero seguir haci\u00e9ndolo contigo.<\/p>\n\n\n\n<p><\/p>\n\n\n\n<figure class=\"wp-block-embed is-type-video is-provider-youtube wp-block-embed-youtube wp-embed-aspect-16-9 wp-has-aspect-ratio\"><div class=\"wp-block-embed__wrapper\">\n<iframe title=\"#AlcaldeComino\" width=\"800\" height=\"450\" src=\"https:\/\/www.youtube.com\/embed\/zmgsS_olDPI?feature=oembed\" frameborder=\"0\" allow=\"accelerometer; autoplay; clipboard-write; encrypted-media; gyroscope; picture-in-picture; web-share\" referrerpolicy=\"strict-origin-when-cross-origin\" allowfullscreen><\/iframe>\n<\/div><\/figure>\n","protected":false},"excerpt":{"rendered":"<p>Quiero seguir liderando esta ciudad que se transforma y que no deja a nadie atr\u00e1s. Y quiero seguir haci\u00e9ndolo contigo.<\/p>\n","protected":false},"author":2,"featured_media":3975,"comment_status":"closed","ping_status":"closed","sticky":false,"template":"","format":"standard","meta":{"footnotes":""},"categories":[26],"tags":[],"class_list":["post-4662","post","type-post","status-publish","format-standard","has-post-thumbnail","hentry","category-psc"],"yoast_head":"<!-- This site is optimized with the Yoast SEO plugin v24.6 - https:\/\/yoast.com\/wordpress\/plugins\/seo\/ -->\n<title>Video presentaci\u00f3n Miguel Comino - Miguel Comino<\/title>\n<meta name=\"description\" content=\"Video presentaci\u00f3n Miguel Comino. Quiero seguir liderando esta ciudad que se transforma y que no deja a nadie atr\u00e1s. Y quiero seguir haci\u00e9ndolo contigo.\" \/>\n<meta name=\"robots\" content=\"index, follow, max-snippet:-1, max-image-preview:large, max-video-preview:-1\" \/>\n<link rel=\"canonical\" href=\"https:\/\/miguelcomino.cat\/es\/video-presentacion-miguel-comino\/\" \/>\n<meta property=\"og:locale\" content=\"es_ES\" \/>\n<meta property=\"og:type\" content=\"article\" \/>\n<meta property=\"og:title\" content=\"Video presentaci\u00f3n Miguel Comino - Miguel Comino\" \/>\n<meta property=\"og:description\" content=\"Video presentaci\u00f3n Miguel Comino. Quiero seguir liderando esta ciudad que se transforma y que no deja a nadie atr\u00e1s. Y quiero seguir haci\u00e9ndolo contigo.\" \/>\n<meta property=\"og:url\" content=\"https:\/\/miguelcomino.cat\/es\/video-presentacion-miguel-comino\/\" \/>\n<meta property=\"og:site_name\" content=\"Miguel Comino\" \/>\n<meta property=\"article:publisher\" content=\"https:\/\/www.facebook.com\/miguel.comino\/about\" \/>\n<meta property=\"article:author\" content=\"https:\/\/www.facebook.com\/miguel.comino\/about\" \/>\n<meta property=\"article:published_time\" content=\"2023-05-03T09:35:13+00:00\" \/>\n<meta property=\"article:modified_time\" content=\"2023-05-21T11:28:12+00:00\" \/>\n<meta property=\"og:image\" content=\"https:\/\/miguelcomino.cat\/wp-content\/uploads\/2023\/04\/338889753_961550095013838_8797781347978849485_n-1024x1024-1.jpg\" \/>\n\t<meta property=\"og:image:width\" content=\"1024\" \/>\n\t<meta property=\"og:image:height\" content=\"1024\" \/>\n\t<meta property=\"og:image:type\" content=\"image\/jpeg\" \/>\n<meta name=\"author\" content=\"Miguel Comino\" \/>\n<meta name=\"twitter:card\" content=\"summary_large_image\" \/>\n<meta name=\"twitter:label1\" content=\"Escrito por\" \/>\n\t<meta name=\"twitter:data1\" content=\"Miguel Comino\" \/>\n\t<meta name=\"twitter:label2\" content=\"Tiempo de lectura\" \/>\n\t<meta name=\"twitter:data2\" content=\"1 minuto\" \/>\n<script type=\"application\/ld+json\" class=\"yoast-schema-graph\">{\"@context\":\"https:\/\/schema.org\",\"@graph\":[{\"@type\":\"Article\",\"@id\":\"https:\/\/miguelcomino.cat\/es\/video-presentacion-miguel-comino\/#article\",\"isPartOf\":{\"@id\":\"https:\/\/miguelcomino.cat\/es\/video-presentacion-miguel-comino\/\"},\"author\":{\"name\":\"Miguel Comino\",\"@id\":\"https:\/\/miguelcomino.cat\/es\/#\/schema\/person\/4ecf1a3fec86aedb7db8e31067c9ffaf\"},\"headline\":\"Video presentaci\u00f3n Miguel Comino\",\"datePublished\":\"2023-05-03T09:35:13+00:00\",\"dateModified\":\"2023-05-21T11:28:12+00:00\",\"mainEntityOfPage\":{\"@id\":\"https:\/\/miguelcomino.cat\/es\/video-presentacion-miguel-comino\/\"},\"wordCount\":32,\"publisher\":{\"@id\":\"https:\/\/miguelcomino.cat\/es\/#\/schema\/person\/4ecf1a3fec86aedb7db8e31067c9ffaf\"},\"image\":{\"@id\":\"https:\/\/miguelcomino.cat\/es\/video-presentacion-miguel-comino\/#primaryimage\"},\"thumbnailUrl\":\"https:\/\/miguelcomino.cat\/wp-content\/uploads\/2023\/04\/338889753_961550095013838_8797781347978849485_n-1024x1024-1.jpg\",\"articleSection\":[\"PSC\"],\"inLanguage\":\"es\"},{\"@type\":\"WebPage\",\"@id\":\"https:\/\/miguelcomino.cat\/es\/video-presentacion-miguel-comino\/\",\"url\":\"https:\/\/miguelcomino.cat\/es\/video-presentacion-miguel-comino\/\",\"name\":\"Video presentaci\u00f3n Miguel Comino - Miguel Comino\",\"isPartOf\":{\"@id\":\"https:\/\/miguelcomino.cat\/es\/#website\"},\"primaryImageOfPage\":{\"@id\":\"https:\/\/miguelcomino.cat\/es\/video-presentacion-miguel-comino\/#primaryimage\"},\"image\":{\"@id\":\"https:\/\/miguelcomino.cat\/es\/video-presentacion-miguel-comino\/#primaryimage\"},\"thumbnailUrl\":\"https:\/\/miguelcomino.cat\/wp-content\/uploads\/2023\/04\/338889753_961550095013838_8797781347978849485_n-1024x1024-1.jpg\",\"datePublished\":\"2023-05-03T09:35:13+00:00\",\"dateModified\":\"2023-05-21T11:28:12+00:00\",\"description\":\"Video presentaci\u00f3n Miguel Comino. Quiero seguir liderando esta ciudad que se transforma y que no deja a nadie atr\u00e1s. Y quiero seguir haci\u00e9ndolo contigo.\",\"breadcrumb\":{\"@id\":\"https:\/\/miguelcomino.cat\/es\/video-presentacion-miguel-comino\/#breadcrumb\"},\"inLanguage\":\"es\",\"potentialAction\":[{\"@type\":\"ReadAction\",\"target\":[\"https:\/\/miguelcomino.cat\/es\/video-presentacion-miguel-comino\/\"]}]},{\"@type\":\"ImageObject\",\"inLanguage\":\"es\",\"@id\":\"https:\/\/miguelcomino.cat\/es\/video-presentacion-miguel-comino\/#primaryimage\",\"url\":\"https:\/\/miguelcomino.cat\/wp-content\/uploads\/2023\/04\/338889753_961550095013838_8797781347978849485_n-1024x1024-1.jpg\",\"contentUrl\":\"https:\/\/miguelcomino.cat\/wp-content\/uploads\/2023\/04\/338889753_961550095013838_8797781347978849485_n-1024x1024-1.jpg\",\"width\":1024,\"height\":1024,\"caption\":\"Os invito a la presentaci\u00f3n de la candidatura de la familia socialista\"},{\"@type\":\"BreadcrumbList\",\"@id\":\"https:\/\/miguelcomino.cat\/es\/video-presentacion-miguel-comino\/#breadcrumb\",\"itemListElement\":[{\"@type\":\"ListItem\",\"position\":1,\"name\":\"Portada\",\"item\":\"https:\/\/miguelcomino.cat\/es\/\"},{\"@type\":\"ListItem\",\"position\":2,\"name\":\"Video presentaci\u00f3n Miguel Comino\"}]},{\"@type\":\"WebSite\",\"@id\":\"https:\/\/miguelcomino.cat\/es\/#website\",\"url\":\"https:\/\/miguelcomino.cat\/es\/\",\"name\":\"Miguel Comino\",\"description\":\"Alcalde\",\"publisher\":{\"@id\":\"https:\/\/miguelcomino.cat\/es\/#\/schema\/person\/4ecf1a3fec86aedb7db8e31067c9ffaf\"},\"potentialAction\":[{\"@type\":\"SearchAction\",\"target\":{\"@type\":\"EntryPoint\",\"urlTemplate\":\"https:\/\/miguelcomino.cat\/es\/?s={search_term_string}\"},\"query-input\":{\"@type\":\"PropertyValueSpecification\",\"valueRequired\":true,\"valueName\":\"search_term_string\"}}],\"inLanguage\":\"es\"},{\"@type\":[\"Person\",\"Organization\"],\"@id\":\"https:\/\/miguelcomino.cat\/es\/#\/schema\/person\/4ecf1a3fec86aedb7db8e31067c9ffaf\",\"name\":\"Miguel Comino\",\"image\":{\"@type\":\"ImageObject\",\"inLanguage\":\"es\",\"@id\":\"https:\/\/miguelcomino.cat\/es\/#\/schema\/person\/image\/\",\"url\":\"https:\/\/miguelcomino.cat\/wp-content\/uploads\/2023\/05\/003.png\",\"contentUrl\":\"https:\/\/miguelcomino.cat\/wp-content\/uploads\/2023\/05\/003.png\",\"width\":922,\"height\":572,\"caption\":\"Miguel Comino\"},\"logo\":{\"@id\":\"https:\/\/miguelcomino.cat\/es\/#\/schema\/person\/image\/\"},\"sameAs\":[\"https:\/\/www.facebook.com\/miguel.comino\/about\",\"https:\/\/www.instagram.com\/miguelcomino\/\"],\"url\":\"https:\/\/miguelcomino.cat\/es\/author\/admin-2\/\"}]}<\/script>\n<!-- \/ Yoast SEO plugin. -->","yoast_head_json":{"title":"Video presentaci\u00f3n Miguel Comino - Miguel Comino","description":"Video presentaci\u00f3n Miguel Comino. Quiero seguir liderando esta ciudad que se transforma y que no deja a nadie atr\u00e1s. Y quiero seguir haci\u00e9ndolo contigo.","robots":{"index":"index","follow":"follow","max-snippet":"max-snippet:-1","max-image-preview":"max-image-preview:large","max-video-preview":"max-video-preview:-1"},"canonical":"https:\/\/miguelcomino.cat\/es\/video-presentacion-miguel-comino\/","og_locale":"es_ES","og_type":"article","og_title":"Video presentaci\u00f3n Miguel Comino - Miguel Comino","og_description":"Video presentaci\u00f3n Miguel Comino. Quiero seguir liderando esta ciudad que se transforma y que no deja a nadie atr\u00e1s. Y quiero seguir haci\u00e9ndolo contigo.","og_url":"https:\/\/miguelcomino.cat\/es\/video-presentacion-miguel-comino\/","og_site_name":"Miguel Comino","article_publisher":"https:\/\/www.facebook.com\/miguel.comino\/about","article_author":"https:\/\/www.facebook.com\/miguel.comino\/about","article_published_time":"2023-05-03T09:35:13+00:00","article_modified_time":"2023-05-21T11:28:12+00:00","og_image":[{"width":1024,"height":1024,"url":"https:\/\/miguelcomino.cat\/wp-content\/uploads\/2023\/04\/338889753_961550095013838_8797781347978849485_n-1024x1024-1.jpg","type":"image\/jpeg"}],"author":"Miguel Comino","twitter_card":"summary_large_image","twitter_misc":{"Escrito por":"Miguel Comino","Tiempo de lectura":"1 minuto"},"schema":{"@context":"https:\/\/schema.org","@graph":[{"@type":"Article","@id":"https:\/\/miguelcomino.cat\/es\/video-presentacion-miguel-comino\/#article","isPartOf":{"@id":"https:\/\/miguelcomino.cat\/es\/video-presentacion-miguel-comino\/"},"author":{"name":"Miguel Comino","@id":"https:\/\/miguelcomino.cat\/es\/#\/schema\/person\/4ecf1a3fec86aedb7db8e31067c9ffaf"},"headline":"Video presentaci\u00f3n Miguel Comino","datePublished":"2023-05-03T09:35:13+00:00","dateModified":"2023-05-21T11:28:12+00:00","mainEntityOfPage":{"@id":"https:\/\/miguelcomino.cat\/es\/video-presentacion-miguel-comino\/"},"wordCount":32,"publisher":{"@id":"https:\/\/miguelcomino.cat\/es\/#\/schema\/person\/4ecf1a3fec86aedb7db8e31067c9ffaf"},"image":{"@id":"https:\/\/miguelcomino.cat\/es\/video-presentacion-miguel-comino\/#primaryimage"},"thumbnailUrl":"https:\/\/miguelcomino.cat\/wp-content\/uploads\/2023\/04\/338889753_961550095013838_8797781347978849485_n-1024x1024-1.jpg","articleSection":["PSC"],"inLanguage":"es"},{"@type":"WebPage","@id":"https:\/\/miguelcomino.cat\/es\/video-presentacion-miguel-comino\/","url":"https:\/\/miguelcomino.cat\/es\/video-presentacion-miguel-comino\/","name":"Video presentaci\u00f3n Miguel Comino - Miguel Comino","isPartOf":{"@id":"https:\/\/miguelcomino.cat\/es\/#website"},"primaryImageOfPage":{"@id":"https:\/\/miguelcomino.cat\/es\/video-presentacion-miguel-comino\/#primaryimage"},"image":{"@id":"https:\/\/miguelcomino.cat\/es\/video-presentacion-miguel-comino\/#primaryimage"},"thumbnailUrl":"https:\/\/miguelcomino.cat\/wp-content\/uploads\/2023\/04\/338889753_961550095013838_8797781347978849485_n-1024x1024-1.jpg","datePublished":"2023-05-03T09:35:13+00:00","dateModified":"2023-05-21T11:28:12+00:00","description":"Video presentaci\u00f3n Miguel Comino. Quiero seguir liderando esta ciudad que se transforma y que no deja a nadie atr\u00e1s. Y quiero seguir haci\u00e9ndolo contigo.","breadcrumb":{"@id":"https:\/\/miguelcomino.cat\/es\/video-presentacion-miguel-comino\/#breadcrumb"},"inLanguage":"es","potentialAction":[{"@type":"ReadAction","target":["https:\/\/miguelcomino.cat\/es\/video-presentacion-miguel-comino\/"]}]},{"@type":"ImageObject","inLanguage":"es","@id":"https:\/\/miguelcomino.cat\/es\/video-presentacion-miguel-comino\/#primaryimage","url":"https:\/\/miguelcomino.cat\/wp-content\/uploads\/2023\/04\/338889753_961550095013838_8797781347978849485_n-1024x1024-1.jpg","contentUrl":"https:\/\/miguelcomino.cat\/wp-content\/uploads\/2023\/04\/338889753_961550095013838_8797781347978849485_n-1024x1024-1.jpg","width":1024,"height":1024,"caption":"Os invito a la presentaci\u00f3n de la candidatura de la familia socialista"},{"@type":"BreadcrumbList","@id":"https:\/\/miguelcomino.cat\/es\/video-presentacion-miguel-comino\/#breadcrumb","itemListElement":[{"@type":"ListItem","position":1,"name":"Portada","item":"https:\/\/miguelcomino.cat\/es\/"},{"@type":"ListItem","position":2,"name":"Video presentaci\u00f3n Miguel Comino"}]},{"@type":"WebSite","@id":"https:\/\/miguelcomino.cat\/es\/#website","url":"https:\/\/miguelcomino.cat\/es\/","name":"Miguel Comino","description":"Alcalde","publisher":{"@id":"https:\/\/miguelcomino.cat\/es\/#\/schema\/person\/4ecf1a3fec86aedb7db8e31067c9ffaf"},"potentialAction":[{"@type":"SearchAction","target":{"@type":"EntryPoint","urlTemplate":"https:\/\/miguelcomino.cat\/es\/?s={search_term_string}"},"query-input":{"@type":"PropertyValueSpecification","valueRequired":true,"valueName":"search_term_string"}}],"inLanguage":"es"},{"@type":["Person","Organization"],"@id":"https:\/\/miguelcomino.cat\/es\/#\/schema\/person\/4ecf1a3fec86aedb7db8e31067c9ffaf","name":"Miguel Comino","image":{"@type":"ImageObject","inLanguage":"es","@id":"https:\/\/miguelcomino.cat\/es\/#\/schema\/person\/image\/","url":"https:\/\/miguelcomino.cat\/wp-content\/uploads\/2023\/05\/003.png","contentUrl":"https:\/\/miguelcomino.cat\/wp-content\/uploads\/2023\/05\/003.png","width":922,"height":572,"caption":"Miguel Comino"},"logo":{"@id":"https:\/\/miguelcomino.cat\/es\/#\/schema\/person\/image\/"},"sameAs":["https:\/\/www.facebook.com\/miguel.comino\/about","https:\/\/www.instagram.com\/miguelcomino\/"],"url":"https:\/\/miguelcomino.cat\/es\/author\/admin-2\/"}]}},"_links":{"self":[{"href":"https:\/\/miguelcomino.cat\/es\/wp-json\/wp\/v2\/posts\/4662","targetHints":{"allow":["GET"]}}],"collection":[{"href":"https:\/\/miguelcomino.cat\/es\/wp-json\/wp\/v2\/posts"}],"about":[{"href":"https:\/\/miguelcomino.cat\/es\/wp-json\/wp\/v2\/types\/post"}],"author":[{"embeddable":true,"href":"https:\/\/miguelcomino.cat\/es\/wp-json\/wp\/v2\/users\/2"}],"replies":[{"embeddable":true,"href":"https:\/\/miguelcomino.cat\/es\/wp-json\/wp\/v2\/comments?post=4662"}],"version-history":[{"count":2,"href":"https:\/\/miguelcomino.cat\/es\/wp-json\/wp\/v2\/posts\/4662\/revisions"}],"predecessor-version":[{"id":4680,"href":"https:\/\/miguelcomino.cat\/es\/wp-json\/wp\/v2\/posts\/4662\/revisions\/4680"}],"wp:featuredmedia":[{"embeddable":true,"href":"https:\/\/miguelcomino.cat\/es\/wp-json\/wp\/v2\/media\/3975"}],"wp:attachment":[{"href":"https:\/\/miguelcomino.cat\/es\/wp-json\/wp\/v2\/media?parent=4662"}],"wp:term":[{"taxonomy":"category","embeddable":true,"href":"https:\/\/miguelcomino.cat\/es\/wp-json\/wp\/v2\/categories?post=4662"},{"taxonomy":"post_tag","embeddable":true,"href":"https:\/\/miguelcomino.cat\/es\/wp-json\/wp\/v2\/tags?post=4662"}],"curies":[{"name":"wp","href":"https:\/\/api.w.org\/{rel}","templated":true}]}}