{"id":4658,"date":"2023-05-06T20:52:12","date_gmt":"2023-05-06T18:52:12","guid":{"rendered":"https:\/\/miguelcomino.cat\/presentacion-del-programa-electoral\/"},"modified":"2023-05-21T13:27:53","modified_gmt":"2023-05-21T11:27:53","slug":"presentacion-del-programa-electoral","status":"publish","type":"post","link":"https:\/\/miguelcomino.cat\/es\/presentacion-del-programa-electoral\/","title":{"rendered":"Presentaci\u00f3n del programa electoral"},"content":{"rendered":"\n<p>Esta ma\u00f1ana hemos realizado el acto de presentaci\u00f3n del programa electoral con el que nos presentamos en las pr\u00f3ximas elecciones municipales.<\/p>\n\n\n\n<p>Un programa elaborado con muchas aportaciones de la ciudadan\u00eda y que pretende continuar con la transformaci\u00f3n iniciada en Sant Vicen\u00e7 dels Horts durante este mandato.<\/p>\n\n\n\n<p>Muchas gracias Sonia Guerra L\u00f3pez por acompa\u00f1arnos, por tus palabras y por tu trabajo en el Congreso de los Diputados dando dignidad a la gente.<\/p>\n\n\n\n<div class=\"wp-block-buttons is-layout-flex wp-block-buttons-is-layout-flex\">\n<div class=\"wp-block-button is-style-outline is-style-outline--1\"><a class=\"wp-block-button__link wp-element-button\" href=\"https:\/\/miguelcomino.cat\/es\/programa\/\">Ver el programa electoral<\/a><\/div>\n<\/div>\n\n\n\n<div style=\"height:33px\" aria-hidden=\"true\" class=\"wp-block-spacer\"><\/div>\n\n\n\n<figure class=\"wp-block-gallery has-nested-images columns-default is-cropped wp-block-gallery-2 is-layout-flex wp-block-gallery-is-layout-flex\">\n<figure class=\"wp-block-image size-large\"><a href=\"https:\/\/miguelcomino.cat\/wp-content\/uploads\/2023\/05\/05.jpg\"><img fetchpriority=\"high\" decoding=\"async\" width=\"1024\" height=\"1024\" data-id=\"4210\" src=\"https:\/\/miguelcomino.cat\/wp-content\/uploads\/2023\/05\/05-1024x1024.jpg\" alt=\"\" class=\"wp-image-4210\" srcset=\"https:\/\/miguelcomino.cat\/wp-content\/uploads\/2023\/05\/05-1024x1024.jpg 1024w, https:\/\/miguelcomino.cat\/wp-content\/uploads\/2023\/05\/05-300x300.jpg 300w, https:\/\/miguelcomino.cat\/wp-content\/uploads\/2023\/05\/05-150x150.jpg 150w, https:\/\/miguelcomino.cat\/wp-content\/uploads\/2023\/05\/05-768x768.jpg 768w, https:\/\/miguelcomino.cat\/wp-content\/uploads\/2023\/05\/05.jpg 1440w\" sizes=\"(max-width: 1024px) 100vw, 1024px\" \/><\/a><\/figure>\n\n\n\n<figure class=\"wp-block-image size-large\"><a href=\"https:\/\/miguelcomino.cat\/wp-content\/uploads\/2023\/05\/04.jpg\"><img decoding=\"async\" width=\"1024\" height=\"1024\" data-id=\"4213\" src=\"https:\/\/miguelcomino.cat\/wp-content\/uploads\/2023\/05\/04-1024x1024.jpg\" alt=\"\" class=\"wp-image-4213\" srcset=\"https:\/\/miguelcomino.cat\/wp-content\/uploads\/2023\/05\/04-1024x1024.jpg 1024w, https:\/\/miguelcomino.cat\/wp-content\/uploads\/2023\/05\/04-300x300.jpg 300w, https:\/\/miguelcomino.cat\/wp-content\/uploads\/2023\/05\/04-150x150.jpg 150w, https:\/\/miguelcomino.cat\/wp-content\/uploads\/2023\/05\/04-768x768.jpg 768w, https:\/\/miguelcomino.cat\/wp-content\/uploads\/2023\/05\/04.jpg 1440w\" sizes=\"(max-width: 1024px) 100vw, 1024px\" \/><\/a><\/figure>\n\n\n\n<figure class=\"wp-block-image size-large\"><a href=\"https:\/\/miguelcomino.cat\/wp-content\/uploads\/2023\/05\/03.jpg\"><img decoding=\"async\" width=\"1024\" height=\"1024\" data-id=\"4212\" src=\"https:\/\/miguelcomino.cat\/wp-content\/uploads\/2023\/05\/03-1024x1024.jpg\" alt=\"\" class=\"wp-image-4212\" srcset=\"https:\/\/miguelcomino.cat\/wp-content\/uploads\/2023\/05\/03-1024x1024.jpg 1024w, https:\/\/miguelcomino.cat\/wp-content\/uploads\/2023\/05\/03-300x300.jpg 300w, https:\/\/miguelcomino.cat\/wp-content\/uploads\/2023\/05\/03-150x150.jpg 150w, https:\/\/miguelcomino.cat\/wp-content\/uploads\/2023\/05\/03-768x768.jpg 768w, https:\/\/miguelcomino.cat\/wp-content\/uploads\/2023\/05\/03.jpg 1440w\" sizes=\"(max-width: 1024px) 100vw, 1024px\" \/><\/a><\/figure>\n\n\n\n<figure class=\"wp-block-image size-large\"><a href=\"https:\/\/miguelcomino.cat\/wp-content\/uploads\/2023\/05\/02.jpg\"><img loading=\"lazy\" decoding=\"async\" width=\"1024\" height=\"1024\" data-id=\"4214\" src=\"https:\/\/miguelcomino.cat\/wp-content\/uploads\/2023\/05\/02-1024x1024.jpg\" alt=\"\" class=\"wp-image-4214\" srcset=\"https:\/\/miguelcomino.cat\/wp-content\/uploads\/2023\/05\/02-1024x1024.jpg 1024w, https:\/\/miguelcomino.cat\/wp-content\/uploads\/2023\/05\/02-300x300.jpg 300w, https:\/\/miguelcomino.cat\/wp-content\/uploads\/2023\/05\/02-150x150.jpg 150w, https:\/\/miguelcomino.cat\/wp-content\/uploads\/2023\/05\/02-768x768.jpg 768w, https:\/\/miguelcomino.cat\/wp-content\/uploads\/2023\/05\/02.jpg 1440w\" sizes=\"(max-width: 1024px) 100vw, 1024px\" \/><\/a><\/figure>\n\n\n\n<figure class=\"wp-block-image size-large\"><a href=\"https:\/\/miguelcomino.cat\/wp-content\/uploads\/2023\/05\/01.jpg\"><img loading=\"lazy\" decoding=\"async\" width=\"1024\" height=\"1024\" data-id=\"4218\" src=\"https:\/\/miguelcomino.cat\/wp-content\/uploads\/2023\/05\/01-1024x1024.jpg\" alt=\"\" class=\"wp-image-4218\" srcset=\"https:\/\/miguelcomino.cat\/wp-content\/uploads\/2023\/05\/01-1024x1024.jpg 1024w, https:\/\/miguelcomino.cat\/wp-content\/uploads\/2023\/05\/01-300x300.jpg 300w, https:\/\/miguelcomino.cat\/wp-content\/uploads\/2023\/05\/01-150x150.jpg 150w, https:\/\/miguelcomino.cat\/wp-content\/uploads\/2023\/05\/01-768x768.jpg 768w, https:\/\/miguelcomino.cat\/wp-content\/uploads\/2023\/05\/01.jpg 1440w\" sizes=\"(max-width: 1024px) 100vw, 1024px\" \/><\/a><\/figure>\n<\/figure>\n","protected":false},"excerpt":{"rendered":"<p>Esta ma\u00f1ana hemos realizado el acto de presentaci\u00f3n del programa electoral con el que nos presentamos en las pr\u00f3ximas elecciones municipales.<\/p>\n","protected":false},"author":2,"featured_media":4219,"comment_status":"closed","ping_status":"closed","sticky":false,"template":"","format":"standard","meta":{"footnotes":""},"categories":[26],"tags":[],"class_list":["post-4658","post","type-post","status-publish","format-standard","has-post-thumbnail","hentry","category-psc"],"yoast_head":"<!-- This site is optimized with the Yoast SEO plugin v24.6 - https:\/\/yoast.com\/wordpress\/plugins\/seo\/ -->\n<title>Presentaci\u00f3n del programa electoral - Miguel Comino<\/title>\n<meta name=\"description\" content=\"Presentaci\u00f3n del programa electoral. Miguel Comino, alcalde socialista en Sant Vicen\u00e7 dels Horts. Alcalde Comino.\" \/>\n<meta name=\"robots\" content=\"index, follow, max-snippet:-1, max-image-preview:large, max-video-preview:-1\" \/>\n<link rel=\"canonical\" href=\"https:\/\/miguelcomino.cat\/es\/presentacion-del-programa-electoral\/\" \/>\n<meta property=\"og:locale\" content=\"es_ES\" \/>\n<meta property=\"og:type\" content=\"article\" \/>\n<meta property=\"og:title\" content=\"Presentaci\u00f3n del programa electoral - Miguel Comino\" \/>\n<meta property=\"og:description\" content=\"Presentaci\u00f3n del programa electoral. Miguel Comino, alcalde socialista en Sant Vicen\u00e7 dels Horts. Alcalde Comino.\" \/>\n<meta property=\"og:url\" content=\"https:\/\/miguelcomino.cat\/es\/presentacion-del-programa-electoral\/\" \/>\n<meta property=\"og:site_name\" content=\"Miguel Comino\" \/>\n<meta property=\"article:publisher\" content=\"https:\/\/www.facebook.com\/miguel.comino\/about\" \/>\n<meta property=\"article:author\" content=\"https:\/\/www.facebook.com\/miguel.comino\/about\" \/>\n<meta property=\"article:published_time\" content=\"2023-05-06T18:52:12+00:00\" \/>\n<meta property=\"article:modified_time\" content=\"2023-05-21T11:27:53+00:00\" \/>\n<meta property=\"og:image\" content=\"https:\/\/miguelcomino.cat\/wp-content\/uploads\/2023\/05\/01.jpg\" \/>\n\t<meta property=\"og:image:width\" content=\"1440\" \/>\n\t<meta property=\"og:image:height\" content=\"1440\" \/>\n\t<meta property=\"og:image:type\" content=\"image\/jpeg\" \/>\n<meta name=\"author\" content=\"Miguel Comino\" \/>\n<meta name=\"twitter:card\" content=\"summary_large_image\" \/>\n<meta name=\"twitter:label1\" content=\"Escrito por\" \/>\n\t<meta name=\"twitter:data1\" content=\"Miguel Comino\" \/>\n\t<meta name=\"twitter:label2\" content=\"Tiempo de lectura\" \/>\n\t<meta name=\"twitter:data2\" content=\"2 minutos\" \/>\n<script type=\"application\/ld+json\" class=\"yoast-schema-graph\">{\"@context\":\"https:\/\/schema.org\",\"@graph\":[{\"@type\":\"Article\",\"@id\":\"https:\/\/miguelcomino.cat\/es\/presentacion-del-programa-electoral\/#article\",\"isPartOf\":{\"@id\":\"https:\/\/miguelcomino.cat\/es\/presentacion-del-programa-electoral\/\"},\"author\":{\"name\":\"Miguel Comino\",\"@id\":\"https:\/\/miguelcomino.cat\/es\/#\/schema\/person\/4ecf1a3fec86aedb7db8e31067c9ffaf\"},\"headline\":\"Presentaci\u00f3n del programa electoral\",\"datePublished\":\"2023-05-06T18:52:12+00:00\",\"dateModified\":\"2023-05-21T11:27:53+00:00\",\"mainEntityOfPage\":{\"@id\":\"https:\/\/miguelcomino.cat\/es\/presentacion-del-programa-electoral\/\"},\"wordCount\":87,\"publisher\":{\"@id\":\"https:\/\/miguelcomino.cat\/es\/#\/schema\/person\/4ecf1a3fec86aedb7db8e31067c9ffaf\"},\"image\":{\"@id\":\"https:\/\/miguelcomino.cat\/es\/presentacion-del-programa-electoral\/#primaryimage\"},\"thumbnailUrl\":\"https:\/\/miguelcomino.cat\/wp-content\/uploads\/2023\/05\/01.jpg\",\"articleSection\":[\"PSC\"],\"inLanguage\":\"es\"},{\"@type\":\"WebPage\",\"@id\":\"https:\/\/miguelcomino.cat\/es\/presentacion-del-programa-electoral\/\",\"url\":\"https:\/\/miguelcomino.cat\/es\/presentacion-del-programa-electoral\/\",\"name\":\"Presentaci\u00f3n del programa electoral - Miguel Comino\",\"isPartOf\":{\"@id\":\"https:\/\/miguelcomino.cat\/es\/#website\"},\"primaryImageOfPage\":{\"@id\":\"https:\/\/miguelcomino.cat\/es\/presentacion-del-programa-electoral\/#primaryimage\"},\"image\":{\"@id\":\"https:\/\/miguelcomino.cat\/es\/presentacion-del-programa-electoral\/#primaryimage\"},\"thumbnailUrl\":\"https:\/\/miguelcomino.cat\/wp-content\/uploads\/2023\/05\/01.jpg\",\"datePublished\":\"2023-05-06T18:52:12+00:00\",\"dateModified\":\"2023-05-21T11:27:53+00:00\",\"description\":\"Presentaci\u00f3n del programa electoral. Miguel Comino, alcalde socialista en Sant Vicen\u00e7 dels Horts. Alcalde Comino.\",\"breadcrumb\":{\"@id\":\"https:\/\/miguelcomino.cat\/es\/presentacion-del-programa-electoral\/#breadcrumb\"},\"inLanguage\":\"es\",\"potentialAction\":[{\"@type\":\"ReadAction\",\"target\":[\"https:\/\/miguelcomino.cat\/es\/presentacion-del-programa-electoral\/\"]}]},{\"@type\":\"ImageObject\",\"inLanguage\":\"es\",\"@id\":\"https:\/\/miguelcomino.cat\/es\/presentacion-del-programa-electoral\/#primaryimage\",\"url\":\"https:\/\/miguelcomino.cat\/wp-content\/uploads\/2023\/05\/01.jpg\",\"contentUrl\":\"https:\/\/miguelcomino.cat\/wp-content\/uploads\/2023\/05\/01.jpg\",\"width\":1440,\"height\":1440,\"caption\":\"Durante esta campa\u00f1a electoral contrastaremos modelos. El nuestro, es un modelo que entiende el municipio como una trinchera de protecci\u00f3n y que pone a la ciudadan\u00eda en el centro de la acci\u00f3n pol\u00edtica. Debemos ayudarnos y protegernos entre nosotros para salir adelante y seguir transformando nuestra realidad. El 28 de mayo, a ganar y a seguir transformando Sant Vicen\u00e7 dels Horts, \u00a1contigo!\"},{\"@type\":\"BreadcrumbList\",\"@id\":\"https:\/\/miguelcomino.cat\/es\/presentacion-del-programa-electoral\/#breadcrumb\",\"itemListElement\":[{\"@type\":\"ListItem\",\"position\":1,\"name\":\"Portada\",\"item\":\"https:\/\/miguelcomino.cat\/es\/\"},{\"@type\":\"ListItem\",\"position\":2,\"name\":\"Presentaci\u00f3n del programa electoral\"}]},{\"@type\":\"WebSite\",\"@id\":\"https:\/\/miguelcomino.cat\/es\/#website\",\"url\":\"https:\/\/miguelcomino.cat\/es\/\",\"name\":\"Miguel Comino\",\"description\":\"Alcalde\",\"publisher\":{\"@id\":\"https:\/\/miguelcomino.cat\/es\/#\/schema\/person\/4ecf1a3fec86aedb7db8e31067c9ffaf\"},\"potentialAction\":[{\"@type\":\"SearchAction\",\"target\":{\"@type\":\"EntryPoint\",\"urlTemplate\":\"https:\/\/miguelcomino.cat\/es\/?s={search_term_string}\"},\"query-input\":{\"@type\":\"PropertyValueSpecification\",\"valueRequired\":true,\"valueName\":\"search_term_string\"}}],\"inLanguage\":\"es\"},{\"@type\":[\"Person\",\"Organization\"],\"@id\":\"https:\/\/miguelcomino.cat\/es\/#\/schema\/person\/4ecf1a3fec86aedb7db8e31067c9ffaf\",\"name\":\"Miguel Comino\",\"image\":{\"@type\":\"ImageObject\",\"inLanguage\":\"es\",\"@id\":\"https:\/\/miguelcomino.cat\/es\/#\/schema\/person\/image\/\",\"url\":\"https:\/\/miguelcomino.cat\/wp-content\/uploads\/2023\/05\/003.png\",\"contentUrl\":\"https:\/\/miguelcomino.cat\/wp-content\/uploads\/2023\/05\/003.png\",\"width\":922,\"height\":572,\"caption\":\"Miguel Comino\"},\"logo\":{\"@id\":\"https:\/\/miguelcomino.cat\/es\/#\/schema\/person\/image\/\"},\"sameAs\":[\"https:\/\/www.facebook.com\/miguel.comino\/about\",\"https:\/\/www.instagram.com\/miguelcomino\/\"],\"url\":\"https:\/\/miguelcomino.cat\/es\/author\/admin-2\/\"}]}<\/script>\n<!-- \/ Yoast SEO plugin. -->","yoast_head_json":{"title":"Presentaci\u00f3n del programa electoral - Miguel Comino","description":"Presentaci\u00f3n del programa electoral. Miguel Comino, alcalde socialista en Sant Vicen\u00e7 dels Horts. Alcalde Comino.","robots":{"index":"index","follow":"follow","max-snippet":"max-snippet:-1","max-image-preview":"max-image-preview:large","max-video-preview":"max-video-preview:-1"},"canonical":"https:\/\/miguelcomino.cat\/es\/presentacion-del-programa-electoral\/","og_locale":"es_ES","og_type":"article","og_title":"Presentaci\u00f3n del programa electoral - Miguel Comino","og_description":"Presentaci\u00f3n del programa electoral. Miguel Comino, alcalde socialista en Sant Vicen\u00e7 dels Horts. Alcalde Comino.","og_url":"https:\/\/miguelcomino.cat\/es\/presentacion-del-programa-electoral\/","og_site_name":"Miguel Comino","article_publisher":"https:\/\/www.facebook.com\/miguel.comino\/about","article_author":"https:\/\/www.facebook.com\/miguel.comino\/about","article_published_time":"2023-05-06T18:52:12+00:00","article_modified_time":"2023-05-21T11:27:53+00:00","og_image":[{"width":1440,"height":1440,"url":"https:\/\/miguelcomino.cat\/wp-content\/uploads\/2023\/05\/01.jpg","type":"image\/jpeg"}],"author":"Miguel Comino","twitter_card":"summary_large_image","twitter_misc":{"Escrito por":"Miguel Comino","Tiempo de lectura":"2 minutos"},"schema":{"@context":"https:\/\/schema.org","@graph":[{"@type":"Article","@id":"https:\/\/miguelcomino.cat\/es\/presentacion-del-programa-electoral\/#article","isPartOf":{"@id":"https:\/\/miguelcomino.cat\/es\/presentacion-del-programa-electoral\/"},"author":{"name":"Miguel Comino","@id":"https:\/\/miguelcomino.cat\/es\/#\/schema\/person\/4ecf1a3fec86aedb7db8e31067c9ffaf"},"headline":"Presentaci\u00f3n del programa electoral","datePublished":"2023-05-06T18:52:12+00:00","dateModified":"2023-05-21T11:27:53+00:00","mainEntityOfPage":{"@id":"https:\/\/miguelcomino.cat\/es\/presentacion-del-programa-electoral\/"},"wordCount":87,"publisher":{"@id":"https:\/\/miguelcomino.cat\/es\/#\/schema\/person\/4ecf1a3fec86aedb7db8e31067c9ffaf"},"image":{"@id":"https:\/\/miguelcomino.cat\/es\/presentacion-del-programa-electoral\/#primaryimage"},"thumbnailUrl":"https:\/\/miguelcomino.cat\/wp-content\/uploads\/2023\/05\/01.jpg","articleSection":["PSC"],"inLanguage":"es"},{"@type":"WebPage","@id":"https:\/\/miguelcomino.cat\/es\/presentacion-del-programa-electoral\/","url":"https:\/\/miguelcomino.cat\/es\/presentacion-del-programa-electoral\/","name":"Presentaci\u00f3n del programa electoral - Miguel Comino","isPartOf":{"@id":"https:\/\/miguelcomino.cat\/es\/#website"},"primaryImageOfPage":{"@id":"https:\/\/miguelcomino.cat\/es\/presentacion-del-programa-electoral\/#primaryimage"},"image":{"@id":"https:\/\/miguelcomino.cat\/es\/presentacion-del-programa-electoral\/#primaryimage"},"thumbnailUrl":"https:\/\/miguelcomino.cat\/wp-content\/uploads\/2023\/05\/01.jpg","datePublished":"2023-05-06T18:52:12+00:00","dateModified":"2023-05-21T11:27:53+00:00","description":"Presentaci\u00f3n del programa electoral. Miguel Comino, alcalde socialista en Sant Vicen\u00e7 dels Horts. Alcalde Comino.","breadcrumb":{"@id":"https:\/\/miguelcomino.cat\/es\/presentacion-del-programa-electoral\/#breadcrumb"},"inLanguage":"es","potentialAction":[{"@type":"ReadAction","target":["https:\/\/miguelcomino.cat\/es\/presentacion-del-programa-electoral\/"]}]},{"@type":"ImageObject","inLanguage":"es","@id":"https:\/\/miguelcomino.cat\/es\/presentacion-del-programa-electoral\/#primaryimage","url":"https:\/\/miguelcomino.cat\/wp-content\/uploads\/2023\/05\/01.jpg","contentUrl":"https:\/\/miguelcomino.cat\/wp-content\/uploads\/2023\/05\/01.jpg","width":1440,"height":1440,"caption":"Durante esta campa\u00f1a electoral contrastaremos modelos. El nuestro, es un modelo que entiende el municipio como una trinchera de protecci\u00f3n y que pone a la ciudadan\u00eda en el centro de la acci\u00f3n pol\u00edtica. Debemos ayudarnos y protegernos entre nosotros para salir adelante y seguir transformando nuestra realidad. El 28 de mayo, a ganar y a seguir transformando Sant Vicen\u00e7 dels Horts, \u00a1contigo!"},{"@type":"BreadcrumbList","@id":"https:\/\/miguelcomino.cat\/es\/presentacion-del-programa-electoral\/#breadcrumb","itemListElement":[{"@type":"ListItem","position":1,"name":"Portada","item":"https:\/\/miguelcomino.cat\/es\/"},{"@type":"ListItem","position":2,"name":"Presentaci\u00f3n del programa electoral"}]},{"@type":"WebSite","@id":"https:\/\/miguelcomino.cat\/es\/#website","url":"https:\/\/miguelcomino.cat\/es\/","name":"Miguel Comino","description":"Alcalde","publisher":{"@id":"https:\/\/miguelcomino.cat\/es\/#\/schema\/person\/4ecf1a3fec86aedb7db8e31067c9ffaf"},"potentialAction":[{"@type":"SearchAction","target":{"@type":"EntryPoint","urlTemplate":"https:\/\/miguelcomino.cat\/es\/?s={search_term_string}"},"query-input":{"@type":"PropertyValueSpecification","valueRequired":true,"valueName":"search_term_string"}}],"inLanguage":"es"},{"@type":["Person","Organization"],"@id":"https:\/\/miguelcomino.cat\/es\/#\/schema\/person\/4ecf1a3fec86aedb7db8e31067c9ffaf","name":"Miguel Comino","image":{"@type":"ImageObject","inLanguage":"es","@id":"https:\/\/miguelcomino.cat\/es\/#\/schema\/person\/image\/","url":"https:\/\/miguelcomino.cat\/wp-content\/uploads\/2023\/05\/003.png","contentUrl":"https:\/\/miguelcomino.cat\/wp-content\/uploads\/2023\/05\/003.png","width":922,"height":572,"caption":"Miguel Comino"},"logo":{"@id":"https:\/\/miguelcomino.cat\/es\/#\/schema\/person\/image\/"},"sameAs":["https:\/\/www.facebook.com\/miguel.comino\/about","https:\/\/www.instagram.com\/miguelcomino\/"],"url":"https:\/\/miguelcomino.cat\/es\/author\/admin-2\/"}]}},"_links":{"self":[{"href":"https:\/\/miguelcomino.cat\/es\/wp-json\/wp\/v2\/posts\/4658","targetHints":{"allow":["GET"]}}],"collection":[{"href":"https:\/\/miguelcomino.cat\/es\/wp-json\/wp\/v2\/posts"}],"about":[{"href":"https:\/\/miguelcomino.cat\/es\/wp-json\/wp\/v2\/types\/post"}],"author":[{"embeddable":true,"href":"https:\/\/miguelcomino.cat\/es\/wp-json\/wp\/v2\/users\/2"}],"replies":[{"embeddable":true,"href":"https:\/\/miguelcomino.cat\/es\/wp-json\/wp\/v2\/comments?post=4658"}],"version-history":[{"count":4,"href":"https:\/\/miguelcomino.cat\/es\/wp-json\/wp\/v2\/posts\/4658\/revisions"}],"predecessor-version":[{"id":4679,"href":"https:\/\/miguelcomino.cat\/es\/wp-json\/wp\/v2\/posts\/4658\/revisions\/4679"}],"wp:featuredmedia":[{"embeddable":true,"href":"https:\/\/miguelcomino.cat\/es\/wp-json\/wp\/v2\/media\/4219"}],"wp:attachment":[{"href":"https:\/\/miguelcomino.cat\/es\/wp-json\/wp\/v2\/media?parent=4658"}],"wp:term":[{"taxonomy":"category","embeddable":true,"href":"https:\/\/miguelcomino.cat\/es\/wp-json\/wp\/v2\/categories?post=4658"},{"taxonomy":"post_tag","embeddable":true,"href":"https:\/\/miguelcomino.cat\/es\/wp-json\/wp\/v2\/tags?post=4658"}],"curies":[{"name":"wp","href":"https:\/\/api.w.org\/{rel}","templated":true}]}}