{"id":4655,"date":"2023-05-11T19:48:15","date_gmt":"2023-05-11T17:48:15","guid":{"rendered":"https:\/\/miguelcomino.cat\/manana-empieza-la-campana-electoral\/"},"modified":"2023-05-21T13:27:02","modified_gmt":"2023-05-21T11:27:02","slug":"manana-empieza-la-campana-electoral","status":"publish","type":"post","link":"https:\/\/miguelcomino.cat\/es\/manana-empieza-la-campana-electoral\/","title":{"rendered":"Ma\u00f1ana empieza la campa\u00f1a electoral."},"content":{"rendered":"\n<p><strong>#AlcaldeComino, contigo, Sant Vicen\u00e7!<\/strong><\/p>\n\n\n\n<p>Ma\u00f1ana viernes comienza la campa\u00f1a electoral para las pr\u00f3ximas elecciones municipales del d\u00eda 28 de mayo.<\/p>\n\n\n\n<p>Una campa\u00f1a donde todos los partidos pol\u00edticos intentar\u00e1n explicarles sus propuestas de futuro por Sant Vicen\u00e7 dels Horts.<\/p>\n\n\n\n<p>Nosotros, el PSC Sant Vicen\u00e7 dels Horts, como ya sab\u00e9is hemos hecho coalici\u00f3n electoral con los compa\u00f1eros y compa\u00f1eras de Sant Vicen\u00e7 dels Positiu y los Verds SVH y nos comprometemos a hacer una campa\u00f1a positiva, explicando la gesti\u00f3n hecha durante estos \u00faltimos 4 a\u00f1os y las propuestas que tenemos para seguir transformando nuestro municipio.<\/p>\n\n\n\n<p>Esperamos que todos los partidos pol\u00edticos est\u00e9n a la altura de la ciudadan\u00eda de Sant Vicen\u00e7 y sea una campa\u00f1a limpia y llena de propuestas.<\/p>\n\n\n\n<p>Nosotros aspiramos a volver a ganar, a revalidar la confianza de los vicentinos y vicentinas ya seguir transformando a San Vicente, de la mano de todos y todas vosotros.<\/p>\n\n\n\n<p><\/p>\n\n\n\n<figure class=\"wp-block-embed is-type-video is-provider-youtube wp-block-embed-youtube wp-embed-aspect-16-9 wp-has-aspect-ratio\"><div class=\"wp-block-embed__wrapper\">\n<iframe title=\"INICIO CAMPA\u00d1A\" width=\"800\" height=\"450\" src=\"https:\/\/www.youtube.com\/embed\/J4yeGoS0UzY?feature=oembed\" frameborder=\"0\" allow=\"accelerometer; autoplay; clipboard-write; encrypted-media; gyroscope; picture-in-picture; web-share\" referrerpolicy=\"strict-origin-when-cross-origin\" allowfullscreen><\/iframe>\n<\/div><\/figure>\n","protected":false},"excerpt":{"rendered":"<p>Ma\u00f1ana viernes comienza la campa\u00f1a electoral para las pr\u00f3ximas elecciones municipales del d\u00eda 28 de mayo.<\/p>\n","protected":false},"author":2,"featured_media":4084,"comment_status":"closed","ping_status":"closed","sticky":false,"template":"","format":"standard","meta":{"footnotes":""},"categories":[26],"tags":[],"class_list":["post-4655","post","type-post","status-publish","format-standard","has-post-thumbnail","hentry","category-psc"],"yoast_head":"<!-- This site is optimized with the Yoast SEO plugin v24.6 - https:\/\/yoast.com\/wordpress\/plugins\/seo\/ -->\n<title>Ma\u00f1ana empieza la campa\u00f1a electoral. - Miguel Comino<\/title>\n<meta name=\"description\" content=\"Ma\u00f1ana empieza la campa\u00f1a electoral. #AlcaldeComino, contigo, Sant Vicen\u00e7!\" \/>\n<meta name=\"robots\" content=\"index, follow, max-snippet:-1, max-image-preview:large, max-video-preview:-1\" \/>\n<link rel=\"canonical\" href=\"https:\/\/miguelcomino.cat\/es\/manana-empieza-la-campana-electoral\/\" \/>\n<meta property=\"og:locale\" content=\"es_ES\" \/>\n<meta property=\"og:type\" content=\"article\" \/>\n<meta property=\"og:title\" content=\"Ma\u00f1ana empieza la campa\u00f1a electoral. - Miguel Comino\" \/>\n<meta property=\"og:description\" content=\"Ma\u00f1ana empieza la campa\u00f1a electoral. #AlcaldeComino, contigo, Sant Vicen\u00e7!\" \/>\n<meta property=\"og:url\" content=\"https:\/\/miguelcomino.cat\/es\/manana-empieza-la-campana-electoral\/\" \/>\n<meta property=\"og:site_name\" content=\"Miguel Comino\" \/>\n<meta property=\"article:publisher\" content=\"https:\/\/www.facebook.com\/miguel.comino\/about\" \/>\n<meta property=\"article:author\" content=\"https:\/\/www.facebook.com\/miguel.comino\/about\" \/>\n<meta property=\"article:published_time\" content=\"2023-05-11T17:48:15+00:00\" \/>\n<meta property=\"article:modified_time\" content=\"2023-05-21T11:27:02+00:00\" \/>\n<meta property=\"og:image\" content=\"https:\/\/miguelcomino.cat\/wp-content\/uploads\/2023\/05\/001.png\" \/>\n\t<meta property=\"og:image:width\" content=\"628\" \/>\n\t<meta property=\"og:image:height\" content=\"537\" \/>\n\t<meta property=\"og:image:type\" content=\"image\/png\" \/>\n<meta name=\"author\" content=\"Miguel Comino\" \/>\n<meta name=\"twitter:card\" content=\"summary_large_image\" \/>\n<meta name=\"twitter:label1\" content=\"Escrito por\" \/>\n\t<meta name=\"twitter:data1\" content=\"Miguel Comino\" \/>\n\t<meta name=\"twitter:label2\" content=\"Tiempo de lectura\" \/>\n\t<meta name=\"twitter:data2\" content=\"1 minuto\" \/>\n<script type=\"application\/ld+json\" class=\"yoast-schema-graph\">{\"@context\":\"https:\/\/schema.org\",\"@graph\":[{\"@type\":\"Article\",\"@id\":\"https:\/\/miguelcomino.cat\/es\/manana-empieza-la-campana-electoral\/#article\",\"isPartOf\":{\"@id\":\"https:\/\/miguelcomino.cat\/es\/manana-empieza-la-campana-electoral\/\"},\"author\":{\"name\":\"Miguel Comino\",\"@id\":\"https:\/\/miguelcomino.cat\/es\/#\/schema\/person\/4ecf1a3fec86aedb7db8e31067c9ffaf\"},\"headline\":\"Ma\u00f1ana empieza la campa\u00f1a electoral.\",\"datePublished\":\"2023-05-11T17:48:15+00:00\",\"dateModified\":\"2023-05-21T11:27:02+00:00\",\"mainEntityOfPage\":{\"@id\":\"https:\/\/miguelcomino.cat\/es\/manana-empieza-la-campana-electoral\/\"},\"wordCount\":176,\"publisher\":{\"@id\":\"https:\/\/miguelcomino.cat\/es\/#\/schema\/person\/4ecf1a3fec86aedb7db8e31067c9ffaf\"},\"image\":{\"@id\":\"https:\/\/miguelcomino.cat\/es\/manana-empieza-la-campana-electoral\/#primaryimage\"},\"thumbnailUrl\":\"https:\/\/miguelcomino.cat\/wp-content\/uploads\/2023\/05\/001.png\",\"articleSection\":[\"PSC\"],\"inLanguage\":\"es\"},{\"@type\":\"WebPage\",\"@id\":\"https:\/\/miguelcomino.cat\/es\/manana-empieza-la-campana-electoral\/\",\"url\":\"https:\/\/miguelcomino.cat\/es\/manana-empieza-la-campana-electoral\/\",\"name\":\"Ma\u00f1ana empieza la campa\u00f1a electoral. - Miguel Comino\",\"isPartOf\":{\"@id\":\"https:\/\/miguelcomino.cat\/es\/#website\"},\"primaryImageOfPage\":{\"@id\":\"https:\/\/miguelcomino.cat\/es\/manana-empieza-la-campana-electoral\/#primaryimage\"},\"image\":{\"@id\":\"https:\/\/miguelcomino.cat\/es\/manana-empieza-la-campana-electoral\/#primaryimage\"},\"thumbnailUrl\":\"https:\/\/miguelcomino.cat\/wp-content\/uploads\/2023\/05\/001.png\",\"datePublished\":\"2023-05-11T17:48:15+00:00\",\"dateModified\":\"2023-05-21T11:27:02+00:00\",\"description\":\"Ma\u00f1ana empieza la campa\u00f1a electoral. #AlcaldeComino, contigo, Sant Vicen\u00e7!\",\"breadcrumb\":{\"@id\":\"https:\/\/miguelcomino.cat\/es\/manana-empieza-la-campana-electoral\/#breadcrumb\"},\"inLanguage\":\"es\",\"potentialAction\":[{\"@type\":\"ReadAction\",\"target\":[\"https:\/\/miguelcomino.cat\/es\/manana-empieza-la-campana-electoral\/\"]}]},{\"@type\":\"ImageObject\",\"inLanguage\":\"es\",\"@id\":\"https:\/\/miguelcomino.cat\/es\/manana-empieza-la-campana-electoral\/#primaryimage\",\"url\":\"https:\/\/miguelcomino.cat\/wp-content\/uploads\/2023\/05\/001.png\",\"contentUrl\":\"https:\/\/miguelcomino.cat\/wp-content\/uploads\/2023\/05\/001.png\",\"width\":628,\"height\":537,\"caption\":\"Ciudad sostenible y comprometida con el medio ambiente Medidas para una ciudad social sostenible y comprometida con el medio ambiente Ciclo del agua, Transici\u00f3n energ\u00e9tica, cambio de modelo de movilidad, calidad del aire, transici\u00f3n agroalimentaria, residuo cero, infraestructura verde y biodiversidad, transici\u00f3n cultural, bienestar animal.\"},{\"@type\":\"BreadcrumbList\",\"@id\":\"https:\/\/miguelcomino.cat\/es\/manana-empieza-la-campana-electoral\/#breadcrumb\",\"itemListElement\":[{\"@type\":\"ListItem\",\"position\":1,\"name\":\"Portada\",\"item\":\"https:\/\/miguelcomino.cat\/es\/\"},{\"@type\":\"ListItem\",\"position\":2,\"name\":\"Ma\u00f1ana empieza la campa\u00f1a electoral.\"}]},{\"@type\":\"WebSite\",\"@id\":\"https:\/\/miguelcomino.cat\/es\/#website\",\"url\":\"https:\/\/miguelcomino.cat\/es\/\",\"name\":\"Miguel Comino\",\"description\":\"Alcalde\",\"publisher\":{\"@id\":\"https:\/\/miguelcomino.cat\/es\/#\/schema\/person\/4ecf1a3fec86aedb7db8e31067c9ffaf\"},\"potentialAction\":[{\"@type\":\"SearchAction\",\"target\":{\"@type\":\"EntryPoint\",\"urlTemplate\":\"https:\/\/miguelcomino.cat\/es\/?s={search_term_string}\"},\"query-input\":{\"@type\":\"PropertyValueSpecification\",\"valueRequired\":true,\"valueName\":\"search_term_string\"}}],\"inLanguage\":\"es\"},{\"@type\":[\"Person\",\"Organization\"],\"@id\":\"https:\/\/miguelcomino.cat\/es\/#\/schema\/person\/4ecf1a3fec86aedb7db8e31067c9ffaf\",\"name\":\"Miguel Comino\",\"image\":{\"@type\":\"ImageObject\",\"inLanguage\":\"es\",\"@id\":\"https:\/\/miguelcomino.cat\/es\/#\/schema\/person\/image\/\",\"url\":\"https:\/\/miguelcomino.cat\/wp-content\/uploads\/2023\/05\/003.png\",\"contentUrl\":\"https:\/\/miguelcomino.cat\/wp-content\/uploads\/2023\/05\/003.png\",\"width\":922,\"height\":572,\"caption\":\"Miguel Comino\"},\"logo\":{\"@id\":\"https:\/\/miguelcomino.cat\/es\/#\/schema\/person\/image\/\"},\"sameAs\":[\"https:\/\/www.facebook.com\/miguel.comino\/about\",\"https:\/\/www.instagram.com\/miguelcomino\/\"],\"url\":\"https:\/\/miguelcomino.cat\/es\/author\/admin-2\/\"}]}<\/script>\n<!-- \/ Yoast SEO plugin. -->","yoast_head_json":{"title":"Ma\u00f1ana empieza la campa\u00f1a electoral. - Miguel Comino","description":"Ma\u00f1ana empieza la campa\u00f1a electoral. #AlcaldeComino, contigo, Sant Vicen\u00e7!","robots":{"index":"index","follow":"follow","max-snippet":"max-snippet:-1","max-image-preview":"max-image-preview:large","max-video-preview":"max-video-preview:-1"},"canonical":"https:\/\/miguelcomino.cat\/es\/manana-empieza-la-campana-electoral\/","og_locale":"es_ES","og_type":"article","og_title":"Ma\u00f1ana empieza la campa\u00f1a electoral. - Miguel Comino","og_description":"Ma\u00f1ana empieza la campa\u00f1a electoral. #AlcaldeComino, contigo, Sant Vicen\u00e7!","og_url":"https:\/\/miguelcomino.cat\/es\/manana-empieza-la-campana-electoral\/","og_site_name":"Miguel Comino","article_publisher":"https:\/\/www.facebook.com\/miguel.comino\/about","article_author":"https:\/\/www.facebook.com\/miguel.comino\/about","article_published_time":"2023-05-11T17:48:15+00:00","article_modified_time":"2023-05-21T11:27:02+00:00","og_image":[{"width":628,"height":537,"url":"https:\/\/miguelcomino.cat\/wp-content\/uploads\/2023\/05\/001.png","type":"image\/png"}],"author":"Miguel Comino","twitter_card":"summary_large_image","twitter_misc":{"Escrito por":"Miguel Comino","Tiempo de lectura":"1 minuto"},"schema":{"@context":"https:\/\/schema.org","@graph":[{"@type":"Article","@id":"https:\/\/miguelcomino.cat\/es\/manana-empieza-la-campana-electoral\/#article","isPartOf":{"@id":"https:\/\/miguelcomino.cat\/es\/manana-empieza-la-campana-electoral\/"},"author":{"name":"Miguel Comino","@id":"https:\/\/miguelcomino.cat\/es\/#\/schema\/person\/4ecf1a3fec86aedb7db8e31067c9ffaf"},"headline":"Ma\u00f1ana empieza la campa\u00f1a electoral.","datePublished":"2023-05-11T17:48:15+00:00","dateModified":"2023-05-21T11:27:02+00:00","mainEntityOfPage":{"@id":"https:\/\/miguelcomino.cat\/es\/manana-empieza-la-campana-electoral\/"},"wordCount":176,"publisher":{"@id":"https:\/\/miguelcomino.cat\/es\/#\/schema\/person\/4ecf1a3fec86aedb7db8e31067c9ffaf"},"image":{"@id":"https:\/\/miguelcomino.cat\/es\/manana-empieza-la-campana-electoral\/#primaryimage"},"thumbnailUrl":"https:\/\/miguelcomino.cat\/wp-content\/uploads\/2023\/05\/001.png","articleSection":["PSC"],"inLanguage":"es"},{"@type":"WebPage","@id":"https:\/\/miguelcomino.cat\/es\/manana-empieza-la-campana-electoral\/","url":"https:\/\/miguelcomino.cat\/es\/manana-empieza-la-campana-electoral\/","name":"Ma\u00f1ana empieza la campa\u00f1a electoral. - Miguel Comino","isPartOf":{"@id":"https:\/\/miguelcomino.cat\/es\/#website"},"primaryImageOfPage":{"@id":"https:\/\/miguelcomino.cat\/es\/manana-empieza-la-campana-electoral\/#primaryimage"},"image":{"@id":"https:\/\/miguelcomino.cat\/es\/manana-empieza-la-campana-electoral\/#primaryimage"},"thumbnailUrl":"https:\/\/miguelcomino.cat\/wp-content\/uploads\/2023\/05\/001.png","datePublished":"2023-05-11T17:48:15+00:00","dateModified":"2023-05-21T11:27:02+00:00","description":"Ma\u00f1ana empieza la campa\u00f1a electoral. #AlcaldeComino, contigo, Sant Vicen\u00e7!","breadcrumb":{"@id":"https:\/\/miguelcomino.cat\/es\/manana-empieza-la-campana-electoral\/#breadcrumb"},"inLanguage":"es","potentialAction":[{"@type":"ReadAction","target":["https:\/\/miguelcomino.cat\/es\/manana-empieza-la-campana-electoral\/"]}]},{"@type":"ImageObject","inLanguage":"es","@id":"https:\/\/miguelcomino.cat\/es\/manana-empieza-la-campana-electoral\/#primaryimage","url":"https:\/\/miguelcomino.cat\/wp-content\/uploads\/2023\/05\/001.png","contentUrl":"https:\/\/miguelcomino.cat\/wp-content\/uploads\/2023\/05\/001.png","width":628,"height":537,"caption":"Ciudad sostenible y comprometida con el medio ambiente Medidas para una ciudad social sostenible y comprometida con el medio ambiente Ciclo del agua, Transici\u00f3n energ\u00e9tica, cambio de modelo de movilidad, calidad del aire, transici\u00f3n agroalimentaria, residuo cero, infraestructura verde y biodiversidad, transici\u00f3n cultural, bienestar animal."},{"@type":"BreadcrumbList","@id":"https:\/\/miguelcomino.cat\/es\/manana-empieza-la-campana-electoral\/#breadcrumb","itemListElement":[{"@type":"ListItem","position":1,"name":"Portada","item":"https:\/\/miguelcomino.cat\/es\/"},{"@type":"ListItem","position":2,"name":"Ma\u00f1ana empieza la campa\u00f1a electoral."}]},{"@type":"WebSite","@id":"https:\/\/miguelcomino.cat\/es\/#website","url":"https:\/\/miguelcomino.cat\/es\/","name":"Miguel Comino","description":"Alcalde","publisher":{"@id":"https:\/\/miguelcomino.cat\/es\/#\/schema\/person\/4ecf1a3fec86aedb7db8e31067c9ffaf"},"potentialAction":[{"@type":"SearchAction","target":{"@type":"EntryPoint","urlTemplate":"https:\/\/miguelcomino.cat\/es\/?s={search_term_string}"},"query-input":{"@type":"PropertyValueSpecification","valueRequired":true,"valueName":"search_term_string"}}],"inLanguage":"es"},{"@type":["Person","Organization"],"@id":"https:\/\/miguelcomino.cat\/es\/#\/schema\/person\/4ecf1a3fec86aedb7db8e31067c9ffaf","name":"Miguel Comino","image":{"@type":"ImageObject","inLanguage":"es","@id":"https:\/\/miguelcomino.cat\/es\/#\/schema\/person\/image\/","url":"https:\/\/miguelcomino.cat\/wp-content\/uploads\/2023\/05\/003.png","contentUrl":"https:\/\/miguelcomino.cat\/wp-content\/uploads\/2023\/05\/003.png","width":922,"height":572,"caption":"Miguel Comino"},"logo":{"@id":"https:\/\/miguelcomino.cat\/es\/#\/schema\/person\/image\/"},"sameAs":["https:\/\/www.facebook.com\/miguel.comino\/about","https:\/\/www.instagram.com\/miguelcomino\/"],"url":"https:\/\/miguelcomino.cat\/es\/author\/admin-2\/"}]}},"_links":{"self":[{"href":"https:\/\/miguelcomino.cat\/es\/wp-json\/wp\/v2\/posts\/4655","targetHints":{"allow":["GET"]}}],"collection":[{"href":"https:\/\/miguelcomino.cat\/es\/wp-json\/wp\/v2\/posts"}],"about":[{"href":"https:\/\/miguelcomino.cat\/es\/wp-json\/wp\/v2\/types\/post"}],"author":[{"embeddable":true,"href":"https:\/\/miguelcomino.cat\/es\/wp-json\/wp\/v2\/users\/2"}],"replies":[{"embeddable":true,"href":"https:\/\/miguelcomino.cat\/es\/wp-json\/wp\/v2\/comments?post=4655"}],"version-history":[{"count":2,"href":"https:\/\/miguelcomino.cat\/es\/wp-json\/wp\/v2\/posts\/4655\/revisions"}],"predecessor-version":[{"id":4678,"href":"https:\/\/miguelcomino.cat\/es\/wp-json\/wp\/v2\/posts\/4655\/revisions\/4678"}],"wp:featuredmedia":[{"embeddable":true,"href":"https:\/\/miguelcomino.cat\/es\/wp-json\/wp\/v2\/media\/4084"}],"wp:attachment":[{"href":"https:\/\/miguelcomino.cat\/es\/wp-json\/wp\/v2\/media?parent=4655"}],"wp:term":[{"taxonomy":"category","embeddable":true,"href":"https:\/\/miguelcomino.cat\/es\/wp-json\/wp\/v2\/categories?post=4655"},{"taxonomy":"post_tag","embeddable":true,"href":"https:\/\/miguelcomino.cat\/es\/wp-json\/wp\/v2\/tags?post=4655"}],"curies":[{"name":"wp","href":"https:\/\/api.w.org\/{rel}","templated":true}]}}