{"id":4634,"date":"2023-05-19T19:53:00","date_gmt":"2023-05-19T17:53:00","guid":{"rendered":"https:\/\/miguelcomino.cat\/ciudad-social-y-para-la-igualdad-de-oportunidades\/"},"modified":"2023-05-21T13:22:51","modified_gmt":"2023-05-21T11:22:51","slug":"ciudad-social-y-para-la-igualdad-de-oportunidades","status":"publish","type":"post","link":"https:\/\/miguelcomino.cat\/es\/ciudad-social-y-para-la-igualdad-de-oportunidades\/","title":{"rendered":"Ciudad social y para la igualdad de oportunidades."},"content":{"rendered":"\n<p><strong>Miguel Comino, alcalde socialista en Sant Vicen\u00e7 dels Horts<\/strong><\/p>\n\n\n\n<p>Los pr\u00f3ximos cuatro a\u00f1os queremos seguir transformando Sant Vicen\u00e7 dels Horts en una ciudad social y que trabaje por la igualdad de oportunidades.<\/p>\n\n\n\n<p>Hoy presentamos las 10 medidas m\u00e1s destacadas del cuarto eje de nuestro programa electoral. Contigo haremos posible que se hagan realidad. Contigo conseguiremos una ciudad social que trabaje por la igualdad de oportunidades.<\/p>\n\n\n\n<p>Amb tu, Sant Vicen\u00e7!<\/p>\n\n\n\n<p><\/p>\n\n\n\n<figure class=\"wp-block-gallery has-nested-images columns-default is-cropped wp-block-gallery-1 is-layout-flex wp-block-gallery-is-layout-flex\">\n<figure class=\"wp-block-image size-large\"><img fetchpriority=\"high\" decoding=\"async\" width=\"768\" height=\"960\" data-id=\"4572\" src=\"https:\/\/miguelcomino.cat\/wp-content\/uploads\/2023\/05\/01-5.jpg\" alt=\"\" class=\"wp-image-4572\" srcset=\"https:\/\/miguelcomino.cat\/wp-content\/uploads\/2023\/05\/01-5.jpg 768w, https:\/\/miguelcomino.cat\/wp-content\/uploads\/2023\/05\/01-5-240x300.jpg 240w\" sizes=\"(max-width: 768px) 100vw, 768px\" \/><\/figure>\n\n\n\n<figure class=\"wp-block-image size-large\"><img decoding=\"async\" width=\"768\" height=\"960\" data-id=\"4568\" src=\"https:\/\/miguelcomino.cat\/wp-content\/uploads\/2023\/05\/02-5.jpg\" alt=\"\" class=\"wp-image-4568\" srcset=\"https:\/\/miguelcomino.cat\/wp-content\/uploads\/2023\/05\/02-5.jpg 768w, https:\/\/miguelcomino.cat\/wp-content\/uploads\/2023\/05\/02-5-240x300.jpg 240w\" sizes=\"(max-width: 768px) 100vw, 768px\" \/><\/figure>\n\n\n\n<figure class=\"wp-block-image size-large\"><img decoding=\"async\" width=\"819\" height=\"1024\" data-id=\"4576\" src=\"https:\/\/miguelcomino.cat\/wp-content\/uploads\/2023\/05\/03-5-819x1024.jpg\" alt=\"\" class=\"wp-image-4576\" srcset=\"https:\/\/miguelcomino.cat\/wp-content\/uploads\/2023\/05\/03-5-819x1024.jpg 819w, https:\/\/miguelcomino.cat\/wp-content\/uploads\/2023\/05\/03-5-240x300.jpg 240w, https:\/\/miguelcomino.cat\/wp-content\/uploads\/2023\/05\/03-5-768x960.jpg 768w, https:\/\/miguelcomino.cat\/wp-content\/uploads\/2023\/05\/03-5.jpg 1080w\" sizes=\"(max-width: 819px) 100vw, 819px\" \/><\/figure>\n\n\n\n<figure class=\"wp-block-image size-large\"><img loading=\"lazy\" decoding=\"async\" width=\"819\" height=\"1024\" data-id=\"4578\" src=\"https:\/\/miguelcomino.cat\/wp-content\/uploads\/2023\/05\/04-5-819x1024.jpg\" alt=\"\" class=\"wp-image-4578\" srcset=\"https:\/\/miguelcomino.cat\/wp-content\/uploads\/2023\/05\/04-5-819x1024.jpg 819w, https:\/\/miguelcomino.cat\/wp-content\/uploads\/2023\/05\/04-5-240x300.jpg 240w, https:\/\/miguelcomino.cat\/wp-content\/uploads\/2023\/05\/04-5-768x960.jpg 768w, https:\/\/miguelcomino.cat\/wp-content\/uploads\/2023\/05\/04-5.jpg 1080w\" sizes=\"(max-width: 819px) 100vw, 819px\" \/><\/figure>\n\n\n\n<figure class=\"wp-block-image size-large\"><img loading=\"lazy\" decoding=\"async\" width=\"819\" height=\"1024\" data-id=\"4570\" src=\"https:\/\/miguelcomino.cat\/wp-content\/uploads\/2023\/05\/05-5-819x1024.jpg\" alt=\"\" class=\"wp-image-4570\" srcset=\"https:\/\/miguelcomino.cat\/wp-content\/uploads\/2023\/05\/05-5-819x1024.jpg 819w, https:\/\/miguelcomino.cat\/wp-content\/uploads\/2023\/05\/05-5-240x300.jpg 240w, https:\/\/miguelcomino.cat\/wp-content\/uploads\/2023\/05\/05-5-768x960.jpg 768w, https:\/\/miguelcomino.cat\/wp-content\/uploads\/2023\/05\/05-5.jpg 1080w\" sizes=\"(max-width: 819px) 100vw, 819px\" \/><\/figure>\n\n\n\n<figure class=\"wp-block-image size-large\"><img loading=\"lazy\" decoding=\"async\" width=\"819\" height=\"1024\" data-id=\"4574\" src=\"https:\/\/miguelcomino.cat\/wp-content\/uploads\/2023\/05\/347122364_2050243738505963_8462135085169256865_n-819x1024.jpg\" alt=\"\" class=\"wp-image-4574\" srcset=\"https:\/\/miguelcomino.cat\/wp-content\/uploads\/2023\/05\/347122364_2050243738505963_8462135085169256865_n-819x1024.jpg 819w, https:\/\/miguelcomino.cat\/wp-content\/uploads\/2023\/05\/347122364_2050243738505963_8462135085169256865_n-240x300.jpg 240w, https:\/\/miguelcomino.cat\/wp-content\/uploads\/2023\/05\/347122364_2050243738505963_8462135085169256865_n-768x960.jpg 768w, https:\/\/miguelcomino.cat\/wp-content\/uploads\/2023\/05\/347122364_2050243738505963_8462135085169256865_n.jpg 1080w\" sizes=\"(max-width: 819px) 100vw, 819px\" \/><\/figure>\n<\/figure>\n","protected":false},"excerpt":{"rendered":"<p>Los pr\u00f3ximos cuatro a\u00f1os queremos seguir transformando Sant Vicen\u00e7 dels Horts en una ciudad social y que trabaje por la igualdad de oportunidades.<\/p>\n","protected":false},"author":2,"featured_media":4581,"comment_status":"open","ping_status":"closed","sticky":false,"template":"","format":"standard","meta":{"footnotes":""},"categories":[26],"tags":[86],"class_list":["post-4634","post","type-post","status-publish","format-standard","has-post-thumbnail","hentry","category-psc","tag-municipales-23"],"yoast_head":"<!-- This site is optimized with the Yoast SEO plugin v24.6 - https:\/\/yoast.com\/wordpress\/plugins\/seo\/ -->\n<title>Ciudad social y para la igualdad de oportunidades. - Miguel Comino<\/title>\n<meta name=\"description\" content=\"Ciudad social y para la igualdad de oportunidades. Miguel Comino, alcalde socialista en Sant Vicen\u00e7 dels Horts. PSC SVH\" \/>\n<meta name=\"robots\" content=\"index, follow, max-snippet:-1, max-image-preview:large, max-video-preview:-1\" \/>\n<link rel=\"canonical\" href=\"https:\/\/miguelcomino.cat\/es\/ciudad-social-y-para-la-igualdad-de-oportunidades\/\" \/>\n<meta property=\"og:locale\" content=\"es_ES\" \/>\n<meta property=\"og:type\" content=\"article\" \/>\n<meta property=\"og:title\" content=\"Ciudad social y para la igualdad de oportunidades. - Miguel Comino\" \/>\n<meta property=\"og:description\" content=\"Ciudad social y para la igualdad de oportunidades. Miguel Comino, alcalde socialista en Sant Vicen\u00e7 dels Horts. PSC SVH\" \/>\n<meta property=\"og:url\" content=\"https:\/\/miguelcomino.cat\/es\/ciudad-social-y-para-la-igualdad-de-oportunidades\/\" \/>\n<meta property=\"og:site_name\" content=\"Miguel Comino\" \/>\n<meta property=\"article:publisher\" content=\"https:\/\/www.facebook.com\/miguel.comino\/about\" \/>\n<meta property=\"article:author\" content=\"https:\/\/www.facebook.com\/miguel.comino\/about\" \/>\n<meta property=\"article:published_time\" content=\"2023-05-19T17:53:00+00:00\" \/>\n<meta property=\"article:modified_time\" content=\"2023-05-21T11:22:51+00:00\" \/>\n<meta property=\"og:image\" content=\"https:\/\/miguelcomino.cat\/wp-content\/uploads\/2023\/05\/Diseno-sin-titulo-53.jpg\" \/>\n\t<meta property=\"og:image:width\" content=\"800\" \/>\n\t<meta property=\"og:image:height\" content=\"600\" \/>\n\t<meta property=\"og:image:type\" content=\"image\/jpeg\" \/>\n<meta name=\"author\" content=\"Miguel Comino\" \/>\n<meta name=\"twitter:card\" content=\"summary_large_image\" \/>\n<meta name=\"twitter:label1\" content=\"Escrito por\" \/>\n\t<meta name=\"twitter:data1\" content=\"Miguel Comino\" \/>\n\t<meta name=\"twitter:label2\" content=\"Tiempo de lectura\" \/>\n\t<meta name=\"twitter:data2\" content=\"2 minutos\" \/>\n<script type=\"application\/ld+json\" class=\"yoast-schema-graph\">{\"@context\":\"https:\/\/schema.org\",\"@graph\":[{\"@type\":\"Article\",\"@id\":\"https:\/\/miguelcomino.cat\/es\/ciudad-social-y-para-la-igualdad-de-oportunidades\/#article\",\"isPartOf\":{\"@id\":\"https:\/\/miguelcomino.cat\/es\/ciudad-social-y-para-la-igualdad-de-oportunidades\/\"},\"author\":{\"name\":\"Miguel Comino\",\"@id\":\"https:\/\/miguelcomino.cat\/es\/#\/schema\/person\/4ecf1a3fec86aedb7db8e31067c9ffaf\"},\"headline\":\"Ciudad social y para la igualdad de oportunidades.\",\"datePublished\":\"2023-05-19T17:53:00+00:00\",\"dateModified\":\"2023-05-21T11:22:51+00:00\",\"mainEntityOfPage\":{\"@id\":\"https:\/\/miguelcomino.cat\/es\/ciudad-social-y-para-la-igualdad-de-oportunidades\/\"},\"wordCount\":79,\"commentCount\":0,\"publisher\":{\"@id\":\"https:\/\/miguelcomino.cat\/es\/#\/schema\/person\/4ecf1a3fec86aedb7db8e31067c9ffaf\"},\"image\":{\"@id\":\"https:\/\/miguelcomino.cat\/es\/ciudad-social-y-para-la-igualdad-de-oportunidades\/#primaryimage\"},\"thumbnailUrl\":\"https:\/\/miguelcomino.cat\/wp-content\/uploads\/2023\/05\/Diseno-sin-titulo-53.jpg\",\"keywords\":[\"Municipales 23\"],\"articleSection\":[\"PSC\"],\"inLanguage\":\"es\",\"potentialAction\":[{\"@type\":\"CommentAction\",\"name\":\"Comment\",\"target\":[\"https:\/\/miguelcomino.cat\/es\/ciudad-social-y-para-la-igualdad-de-oportunidades\/#respond\"]}]},{\"@type\":\"WebPage\",\"@id\":\"https:\/\/miguelcomino.cat\/es\/ciudad-social-y-para-la-igualdad-de-oportunidades\/\",\"url\":\"https:\/\/miguelcomino.cat\/es\/ciudad-social-y-para-la-igualdad-de-oportunidades\/\",\"name\":\"Ciudad social y para la igualdad de oportunidades. - Miguel Comino\",\"isPartOf\":{\"@id\":\"https:\/\/miguelcomino.cat\/es\/#website\"},\"primaryImageOfPage\":{\"@id\":\"https:\/\/miguelcomino.cat\/es\/ciudad-social-y-para-la-igualdad-de-oportunidades\/#primaryimage\"},\"image\":{\"@id\":\"https:\/\/miguelcomino.cat\/es\/ciudad-social-y-para-la-igualdad-de-oportunidades\/#primaryimage\"},\"thumbnailUrl\":\"https:\/\/miguelcomino.cat\/wp-content\/uploads\/2023\/05\/Diseno-sin-titulo-53.jpg\",\"datePublished\":\"2023-05-19T17:53:00+00:00\",\"dateModified\":\"2023-05-21T11:22:51+00:00\",\"description\":\"Ciudad social y para la igualdad de oportunidades. Miguel Comino, alcalde socialista en Sant Vicen\u00e7 dels Horts. PSC SVH\",\"breadcrumb\":{\"@id\":\"https:\/\/miguelcomino.cat\/es\/ciudad-social-y-para-la-igualdad-de-oportunidades\/#breadcrumb\"},\"inLanguage\":\"es\",\"potentialAction\":[{\"@type\":\"ReadAction\",\"target\":[\"https:\/\/miguelcomino.cat\/es\/ciudad-social-y-para-la-igualdad-de-oportunidades\/\"]}]},{\"@type\":\"ImageObject\",\"inLanguage\":\"es\",\"@id\":\"https:\/\/miguelcomino.cat\/es\/ciudad-social-y-para-la-igualdad-de-oportunidades\/#primaryimage\",\"url\":\"https:\/\/miguelcomino.cat\/wp-content\/uploads\/2023\/05\/Diseno-sin-titulo-53.jpg\",\"contentUrl\":\"https:\/\/miguelcomino.cat\/wp-content\/uploads\/2023\/05\/Diseno-sin-titulo-53.jpg\",\"width\":800,\"height\":600,\"caption\":\"Ciudad social y para la igualdad de oportunidades.\"},{\"@type\":\"BreadcrumbList\",\"@id\":\"https:\/\/miguelcomino.cat\/es\/ciudad-social-y-para-la-igualdad-de-oportunidades\/#breadcrumb\",\"itemListElement\":[{\"@type\":\"ListItem\",\"position\":1,\"name\":\"Portada\",\"item\":\"https:\/\/miguelcomino.cat\/es\/\"},{\"@type\":\"ListItem\",\"position\":2,\"name\":\"Ciudad social y para la igualdad de oportunidades.\"}]},{\"@type\":\"WebSite\",\"@id\":\"https:\/\/miguelcomino.cat\/es\/#website\",\"url\":\"https:\/\/miguelcomino.cat\/es\/\",\"name\":\"Miguel Comino\",\"description\":\"Alcalde\",\"publisher\":{\"@id\":\"https:\/\/miguelcomino.cat\/es\/#\/schema\/person\/4ecf1a3fec86aedb7db8e31067c9ffaf\"},\"potentialAction\":[{\"@type\":\"SearchAction\",\"target\":{\"@type\":\"EntryPoint\",\"urlTemplate\":\"https:\/\/miguelcomino.cat\/es\/?s={search_term_string}\"},\"query-input\":{\"@type\":\"PropertyValueSpecification\",\"valueRequired\":true,\"valueName\":\"search_term_string\"}}],\"inLanguage\":\"es\"},{\"@type\":[\"Person\",\"Organization\"],\"@id\":\"https:\/\/miguelcomino.cat\/es\/#\/schema\/person\/4ecf1a3fec86aedb7db8e31067c9ffaf\",\"name\":\"Miguel Comino\",\"image\":{\"@type\":\"ImageObject\",\"inLanguage\":\"es\",\"@id\":\"https:\/\/miguelcomino.cat\/es\/#\/schema\/person\/image\/\",\"url\":\"https:\/\/miguelcomino.cat\/wp-content\/uploads\/2023\/05\/003.png\",\"contentUrl\":\"https:\/\/miguelcomino.cat\/wp-content\/uploads\/2023\/05\/003.png\",\"width\":922,\"height\":572,\"caption\":\"Miguel Comino\"},\"logo\":{\"@id\":\"https:\/\/miguelcomino.cat\/es\/#\/schema\/person\/image\/\"},\"sameAs\":[\"https:\/\/www.facebook.com\/miguel.comino\/about\",\"https:\/\/www.instagram.com\/miguelcomino\/\"],\"url\":\"https:\/\/miguelcomino.cat\/es\/author\/admin-2\/\"}]}<\/script>\n<!-- \/ Yoast SEO plugin. -->","yoast_head_json":{"title":"Ciudad social y para la igualdad de oportunidades. - Miguel Comino","description":"Ciudad social y para la igualdad de oportunidades. Miguel Comino, alcalde socialista en Sant Vicen\u00e7 dels Horts. PSC SVH","robots":{"index":"index","follow":"follow","max-snippet":"max-snippet:-1","max-image-preview":"max-image-preview:large","max-video-preview":"max-video-preview:-1"},"canonical":"https:\/\/miguelcomino.cat\/es\/ciudad-social-y-para-la-igualdad-de-oportunidades\/","og_locale":"es_ES","og_type":"article","og_title":"Ciudad social y para la igualdad de oportunidades. - Miguel Comino","og_description":"Ciudad social y para la igualdad de oportunidades. Miguel Comino, alcalde socialista en Sant Vicen\u00e7 dels Horts. PSC SVH","og_url":"https:\/\/miguelcomino.cat\/es\/ciudad-social-y-para-la-igualdad-de-oportunidades\/","og_site_name":"Miguel Comino","article_publisher":"https:\/\/www.facebook.com\/miguel.comino\/about","article_author":"https:\/\/www.facebook.com\/miguel.comino\/about","article_published_time":"2023-05-19T17:53:00+00:00","article_modified_time":"2023-05-21T11:22:51+00:00","og_image":[{"width":800,"height":600,"url":"https:\/\/miguelcomino.cat\/wp-content\/uploads\/2023\/05\/Diseno-sin-titulo-53.jpg","type":"image\/jpeg"}],"author":"Miguel Comino","twitter_card":"summary_large_image","twitter_misc":{"Escrito por":"Miguel Comino","Tiempo de lectura":"2 minutos"},"schema":{"@context":"https:\/\/schema.org","@graph":[{"@type":"Article","@id":"https:\/\/miguelcomino.cat\/es\/ciudad-social-y-para-la-igualdad-de-oportunidades\/#article","isPartOf":{"@id":"https:\/\/miguelcomino.cat\/es\/ciudad-social-y-para-la-igualdad-de-oportunidades\/"},"author":{"name":"Miguel Comino","@id":"https:\/\/miguelcomino.cat\/es\/#\/schema\/person\/4ecf1a3fec86aedb7db8e31067c9ffaf"},"headline":"Ciudad social y para la igualdad de oportunidades.","datePublished":"2023-05-19T17:53:00+00:00","dateModified":"2023-05-21T11:22:51+00:00","mainEntityOfPage":{"@id":"https:\/\/miguelcomino.cat\/es\/ciudad-social-y-para-la-igualdad-de-oportunidades\/"},"wordCount":79,"commentCount":0,"publisher":{"@id":"https:\/\/miguelcomino.cat\/es\/#\/schema\/person\/4ecf1a3fec86aedb7db8e31067c9ffaf"},"image":{"@id":"https:\/\/miguelcomino.cat\/es\/ciudad-social-y-para-la-igualdad-de-oportunidades\/#primaryimage"},"thumbnailUrl":"https:\/\/miguelcomino.cat\/wp-content\/uploads\/2023\/05\/Diseno-sin-titulo-53.jpg","keywords":["Municipales 23"],"articleSection":["PSC"],"inLanguage":"es","potentialAction":[{"@type":"CommentAction","name":"Comment","target":["https:\/\/miguelcomino.cat\/es\/ciudad-social-y-para-la-igualdad-de-oportunidades\/#respond"]}]},{"@type":"WebPage","@id":"https:\/\/miguelcomino.cat\/es\/ciudad-social-y-para-la-igualdad-de-oportunidades\/","url":"https:\/\/miguelcomino.cat\/es\/ciudad-social-y-para-la-igualdad-de-oportunidades\/","name":"Ciudad social y para la igualdad de oportunidades. - Miguel Comino","isPartOf":{"@id":"https:\/\/miguelcomino.cat\/es\/#website"},"primaryImageOfPage":{"@id":"https:\/\/miguelcomino.cat\/es\/ciudad-social-y-para-la-igualdad-de-oportunidades\/#primaryimage"},"image":{"@id":"https:\/\/miguelcomino.cat\/es\/ciudad-social-y-para-la-igualdad-de-oportunidades\/#primaryimage"},"thumbnailUrl":"https:\/\/miguelcomino.cat\/wp-content\/uploads\/2023\/05\/Diseno-sin-titulo-53.jpg","datePublished":"2023-05-19T17:53:00+00:00","dateModified":"2023-05-21T11:22:51+00:00","description":"Ciudad social y para la igualdad de oportunidades. Miguel Comino, alcalde socialista en Sant Vicen\u00e7 dels Horts. PSC SVH","breadcrumb":{"@id":"https:\/\/miguelcomino.cat\/es\/ciudad-social-y-para-la-igualdad-de-oportunidades\/#breadcrumb"},"inLanguage":"es","potentialAction":[{"@type":"ReadAction","target":["https:\/\/miguelcomino.cat\/es\/ciudad-social-y-para-la-igualdad-de-oportunidades\/"]}]},{"@type":"ImageObject","inLanguage":"es","@id":"https:\/\/miguelcomino.cat\/es\/ciudad-social-y-para-la-igualdad-de-oportunidades\/#primaryimage","url":"https:\/\/miguelcomino.cat\/wp-content\/uploads\/2023\/05\/Diseno-sin-titulo-53.jpg","contentUrl":"https:\/\/miguelcomino.cat\/wp-content\/uploads\/2023\/05\/Diseno-sin-titulo-53.jpg","width":800,"height":600,"caption":"Ciudad social y para la igualdad de oportunidades."},{"@type":"BreadcrumbList","@id":"https:\/\/miguelcomino.cat\/es\/ciudad-social-y-para-la-igualdad-de-oportunidades\/#breadcrumb","itemListElement":[{"@type":"ListItem","position":1,"name":"Portada","item":"https:\/\/miguelcomino.cat\/es\/"},{"@type":"ListItem","position":2,"name":"Ciudad social y para la igualdad de oportunidades."}]},{"@type":"WebSite","@id":"https:\/\/miguelcomino.cat\/es\/#website","url":"https:\/\/miguelcomino.cat\/es\/","name":"Miguel Comino","description":"Alcalde","publisher":{"@id":"https:\/\/miguelcomino.cat\/es\/#\/schema\/person\/4ecf1a3fec86aedb7db8e31067c9ffaf"},"potentialAction":[{"@type":"SearchAction","target":{"@type":"EntryPoint","urlTemplate":"https:\/\/miguelcomino.cat\/es\/?s={search_term_string}"},"query-input":{"@type":"PropertyValueSpecification","valueRequired":true,"valueName":"search_term_string"}}],"inLanguage":"es"},{"@type":["Person","Organization"],"@id":"https:\/\/miguelcomino.cat\/es\/#\/schema\/person\/4ecf1a3fec86aedb7db8e31067c9ffaf","name":"Miguel Comino","image":{"@type":"ImageObject","inLanguage":"es","@id":"https:\/\/miguelcomino.cat\/es\/#\/schema\/person\/image\/","url":"https:\/\/miguelcomino.cat\/wp-content\/uploads\/2023\/05\/003.png","contentUrl":"https:\/\/miguelcomino.cat\/wp-content\/uploads\/2023\/05\/003.png","width":922,"height":572,"caption":"Miguel Comino"},"logo":{"@id":"https:\/\/miguelcomino.cat\/es\/#\/schema\/person\/image\/"},"sameAs":["https:\/\/www.facebook.com\/miguel.comino\/about","https:\/\/www.instagram.com\/miguelcomino\/"],"url":"https:\/\/miguelcomino.cat\/es\/author\/admin-2\/"}]}},"_links":{"self":[{"href":"https:\/\/miguelcomino.cat\/es\/wp-json\/wp\/v2\/posts\/4634","targetHints":{"allow":["GET"]}}],"collection":[{"href":"https:\/\/miguelcomino.cat\/es\/wp-json\/wp\/v2\/posts"}],"about":[{"href":"https:\/\/miguelcomino.cat\/es\/wp-json\/wp\/v2\/types\/post"}],"author":[{"embeddable":true,"href":"https:\/\/miguelcomino.cat\/es\/wp-json\/wp\/v2\/users\/2"}],"replies":[{"embeddable":true,"href":"https:\/\/miguelcomino.cat\/es\/wp-json\/wp\/v2\/comments?post=4634"}],"version-history":[{"count":2,"href":"https:\/\/miguelcomino.cat\/es\/wp-json\/wp\/v2\/posts\/4634\/revisions"}],"predecessor-version":[{"id":4669,"href":"https:\/\/miguelcomino.cat\/es\/wp-json\/wp\/v2\/posts\/4634\/revisions\/4669"}],"wp:featuredmedia":[{"embeddable":true,"href":"https:\/\/miguelcomino.cat\/es\/wp-json\/wp\/v2\/media\/4581"}],"wp:attachment":[{"href":"https:\/\/miguelcomino.cat\/es\/wp-json\/wp\/v2\/media?parent=4634"}],"wp:term":[{"taxonomy":"category","embeddable":true,"href":"https:\/\/miguelcomino.cat\/es\/wp-json\/wp\/v2\/categories?post=4634"},{"taxonomy":"post_tag","embeddable":true,"href":"https:\/\/miguelcomino.cat\/es\/wp-json\/wp\/v2\/tags?post=4634"}],"curies":[{"name":"wp","href":"https:\/\/api.w.org\/{rel}","templated":true}]}}