{"id":4620,"date":"2023-05-21T11:38:08","date_gmt":"2023-05-21T09:38:08","guid":{"rendered":"https:\/\/miguelcomino.cat\/residencia-publica-para-personas-mayores\/"},"modified":"2023-05-21T13:20:29","modified_gmt":"2023-05-21T11:20:29","slug":"residencia-publica-para-personas-mayores","status":"publish","type":"post","link":"https:\/\/miguelcomino.cat\/es\/residencia-publica-para-personas-mayores\/","title":{"rendered":"Residencia p\u00fablica para personas mayores."},"content":{"rendered":"\n<p>Si se ha hablado de un proyecto en los \u00faltimos a\u00f1os, ha sido de la residencia p\u00fablica para personas mayores.<\/p>\n\n\n\n<p>Durante este mandato hemos dado los tres pasos que est\u00e1n en la mano del Ayuntamiento: hemos creado formalmente el servicio, hemos hecho una modificaci\u00f3n del planeamiento y hemos redactado el anteproyecto de la residencia de la mano del AMB.<\/p>\n\n\n\n<p>El siguiente paso para poder avanzar y acabar construyendo la residencia debe hacerlo la Generalitat de Catalu\u00f1a comprometi\u00e9ndose con el concierto econ\u00f3mico de las plazas p\u00fablicas.<\/p>\n\n\n\n<p>As\u00ed pues, nuestro compromiso es seguir exigiendo a la Generalitat que cumpla con Sant Vicen\u00e7, que cumpla con las personas mayores de nuestro municipio y se comprometa a concertar las plazas p\u00fablicas de la futura residencia de las personas mayores.<\/p>\n\n\n\n<p>Durante los pr\u00f3ximos 4 a\u00f1os seguiremos mejorando los servicios y la dinamizaci\u00f3n de las personas mayores, de forma coordinada con los Casals y Esplais y en trabajar programas importantes como el de las comidas a domicilio o la lucha contra la soledad no deseada.<\/p>\n\n\n\n<p>Seguiremos transformando<\/p>\n\n\n\n<p>Sant Vicen\u00e7, contigo!<\/p>\n\n\n\n<p><\/p>\n\n\n\n<figure class=\"wp-block-embed is-type-video is-provider-youtube wp-block-embed-youtube wp-embed-aspect-16-9 wp-has-aspect-ratio\"><div class=\"wp-block-embed__wrapper\">\n<iframe title=\"CAP\u00cdTULO 6 - SANT VICEN\u00c7 SE TRANSFORMA CONTIGO - MOL\u00cd DELS FRARES\" width=\"800\" height=\"450\" src=\"https:\/\/www.youtube.com\/embed\/HvcUQbBG3E4?feature=oembed\" frameborder=\"0\" allow=\"accelerometer; autoplay; clipboard-write; encrypted-media; gyroscope; picture-in-picture; web-share\" referrerpolicy=\"strict-origin-when-cross-origin\" allowfullscreen><\/iframe>\n<\/div><\/figure>\n","protected":false},"excerpt":{"rendered":"<p>Durante este mandato hemos dado los tres pasos que est\u00e1n en la mano del Ayuntamiento: hemos creado formalmente el servicio, hemos hecho una modificaci\u00f3n del planeamiento y hemos redactado el anteproyecto de la residencia de la mano del AMB.<\/p>\n","protected":false},"author":2,"featured_media":4606,"comment_status":"open","ping_status":"closed","sticky":false,"template":"","format":"standard","meta":{"footnotes":""},"categories":[26],"tags":[86],"class_list":["post-4620","post","type-post","status-publish","format-standard","has-post-thumbnail","hentry","category-psc","tag-municipales-23"],"yoast_head":"<!-- This site is optimized with the Yoast SEO plugin v24.6 - https:\/\/yoast.com\/wordpress\/plugins\/seo\/ -->\n<title>Residencia p\u00fablica para personas mayores. - Miguel Comino<\/title>\n<meta name=\"description\" content=\"Residencia p\u00fablica para personas mayores. Miguel Comino, alcalde socialista en Sant Vicen\u00e7 dels Horts. Alcalde Comino.\" \/>\n<meta name=\"robots\" content=\"index, follow, max-snippet:-1, max-image-preview:large, max-video-preview:-1\" \/>\n<link rel=\"canonical\" href=\"https:\/\/miguelcomino.cat\/es\/residencia-publica-para-personas-mayores\/\" \/>\n<meta property=\"og:locale\" content=\"es_ES\" \/>\n<meta property=\"og:type\" content=\"article\" \/>\n<meta property=\"og:title\" content=\"Residencia p\u00fablica para personas mayores. - Miguel Comino\" \/>\n<meta property=\"og:description\" content=\"Residencia p\u00fablica para personas mayores. Miguel Comino, alcalde socialista en Sant Vicen\u00e7 dels Horts. Alcalde Comino.\" \/>\n<meta property=\"og:url\" content=\"https:\/\/miguelcomino.cat\/es\/residencia-publica-para-personas-mayores\/\" \/>\n<meta property=\"og:site_name\" content=\"Miguel Comino\" \/>\n<meta property=\"article:publisher\" content=\"https:\/\/www.facebook.com\/miguel.comino\/about\" \/>\n<meta property=\"article:author\" content=\"https:\/\/www.facebook.com\/miguel.comino\/about\" \/>\n<meta property=\"article:published_time\" content=\"2023-05-21T09:38:08+00:00\" \/>\n<meta property=\"article:modified_time\" content=\"2023-05-21T11:20:29+00:00\" \/>\n<meta property=\"og:image\" content=\"https:\/\/miguelcomino.cat\/wp-content\/uploads\/2023\/05\/Captura-de-pantalla-2023-05-21-113640.png\" \/>\n\t<meta property=\"og:image:width\" content=\"1011\" \/>\n\t<meta property=\"og:image:height\" content=\"552\" \/>\n\t<meta property=\"og:image:type\" content=\"image\/png\" \/>\n<meta name=\"author\" content=\"Miguel Comino\" \/>\n<meta name=\"twitter:card\" content=\"summary_large_image\" \/>\n<meta name=\"twitter:label1\" content=\"Escrito por\" \/>\n\t<meta name=\"twitter:data1\" content=\"Miguel Comino\" \/>\n\t<meta name=\"twitter:label2\" content=\"Tiempo de lectura\" \/>\n\t<meta name=\"twitter:data2\" content=\"1 minuto\" \/>\n<script type=\"application\/ld+json\" class=\"yoast-schema-graph\">{\"@context\":\"https:\/\/schema.org\",\"@graph\":[{\"@type\":\"Article\",\"@id\":\"https:\/\/miguelcomino.cat\/es\/residencia-publica-para-personas-mayores\/#article\",\"isPartOf\":{\"@id\":\"https:\/\/miguelcomino.cat\/es\/residencia-publica-para-personas-mayores\/\"},\"author\":{\"name\":\"Miguel Comino\",\"@id\":\"https:\/\/miguelcomino.cat\/es\/#\/schema\/person\/4ecf1a3fec86aedb7db8e31067c9ffaf\"},\"headline\":\"Residencia p\u00fablica para personas mayores.\",\"datePublished\":\"2023-05-21T09:38:08+00:00\",\"dateModified\":\"2023-05-21T11:20:29+00:00\",\"mainEntityOfPage\":{\"@id\":\"https:\/\/miguelcomino.cat\/es\/residencia-publica-para-personas-mayores\/\"},\"wordCount\":196,\"commentCount\":0,\"publisher\":{\"@id\":\"https:\/\/miguelcomino.cat\/es\/#\/schema\/person\/4ecf1a3fec86aedb7db8e31067c9ffaf\"},\"image\":{\"@id\":\"https:\/\/miguelcomino.cat\/es\/residencia-publica-para-personas-mayores\/#primaryimage\"},\"thumbnailUrl\":\"https:\/\/miguelcomino.cat\/wp-content\/uploads\/2023\/05\/Captura-de-pantalla-2023-05-21-113640.png\",\"keywords\":[\"Municipales 23\"],\"articleSection\":[\"PSC\"],\"inLanguage\":\"es\",\"potentialAction\":[{\"@type\":\"CommentAction\",\"name\":\"Comment\",\"target\":[\"https:\/\/miguelcomino.cat\/es\/residencia-publica-para-personas-mayores\/#respond\"]}]},{\"@type\":\"WebPage\",\"@id\":\"https:\/\/miguelcomino.cat\/es\/residencia-publica-para-personas-mayores\/\",\"url\":\"https:\/\/miguelcomino.cat\/es\/residencia-publica-para-personas-mayores\/\",\"name\":\"Residencia p\u00fablica para personas mayores. - Miguel Comino\",\"isPartOf\":{\"@id\":\"https:\/\/miguelcomino.cat\/es\/#website\"},\"primaryImageOfPage\":{\"@id\":\"https:\/\/miguelcomino.cat\/es\/residencia-publica-para-personas-mayores\/#primaryimage\"},\"image\":{\"@id\":\"https:\/\/miguelcomino.cat\/es\/residencia-publica-para-personas-mayores\/#primaryimage\"},\"thumbnailUrl\":\"https:\/\/miguelcomino.cat\/wp-content\/uploads\/2023\/05\/Captura-de-pantalla-2023-05-21-113640.png\",\"datePublished\":\"2023-05-21T09:38:08+00:00\",\"dateModified\":\"2023-05-21T11:20:29+00:00\",\"description\":\"Residencia p\u00fablica para personas mayores. Miguel Comino, alcalde socialista en Sant Vicen\u00e7 dels Horts. Alcalde Comino.\",\"breadcrumb\":{\"@id\":\"https:\/\/miguelcomino.cat\/es\/residencia-publica-para-personas-mayores\/#breadcrumb\"},\"inLanguage\":\"es\",\"potentialAction\":[{\"@type\":\"ReadAction\",\"target\":[\"https:\/\/miguelcomino.cat\/es\/residencia-publica-para-personas-mayores\/\"]}]},{\"@type\":\"ImageObject\",\"inLanguage\":\"es\",\"@id\":\"https:\/\/miguelcomino.cat\/es\/residencia-publica-para-personas-mayores\/#primaryimage\",\"url\":\"https:\/\/miguelcomino.cat\/wp-content\/uploads\/2023\/05\/Captura-de-pantalla-2023-05-21-113640.png\",\"contentUrl\":\"https:\/\/miguelcomino.cat\/wp-content\/uploads\/2023\/05\/Captura-de-pantalla-2023-05-21-113640.png\",\"width\":1011,\"height\":552,\"caption\":\"Residencia p\u00fablica para personas mayores. Durante este mandato hemos dado los tres pasos que est\u00e1n en la mano del Ayuntamiento: hemos creado formalmente el servicio, hemos hecho una modificaci\u00f3n del planeamiento y hemos redactado el anteproyecto de la residencia de la mano del AMB.\"},{\"@type\":\"BreadcrumbList\",\"@id\":\"https:\/\/miguelcomino.cat\/es\/residencia-publica-para-personas-mayores\/#breadcrumb\",\"itemListElement\":[{\"@type\":\"ListItem\",\"position\":1,\"name\":\"Portada\",\"item\":\"https:\/\/miguelcomino.cat\/es\/\"},{\"@type\":\"ListItem\",\"position\":2,\"name\":\"Residencia p\u00fablica para personas mayores.\"}]},{\"@type\":\"WebSite\",\"@id\":\"https:\/\/miguelcomino.cat\/es\/#website\",\"url\":\"https:\/\/miguelcomino.cat\/es\/\",\"name\":\"Miguel Comino\",\"description\":\"Alcalde\",\"publisher\":{\"@id\":\"https:\/\/miguelcomino.cat\/es\/#\/schema\/person\/4ecf1a3fec86aedb7db8e31067c9ffaf\"},\"potentialAction\":[{\"@type\":\"SearchAction\",\"target\":{\"@type\":\"EntryPoint\",\"urlTemplate\":\"https:\/\/miguelcomino.cat\/es\/?s={search_term_string}\"},\"query-input\":{\"@type\":\"PropertyValueSpecification\",\"valueRequired\":true,\"valueName\":\"search_term_string\"}}],\"inLanguage\":\"es\"},{\"@type\":[\"Person\",\"Organization\"],\"@id\":\"https:\/\/miguelcomino.cat\/es\/#\/schema\/person\/4ecf1a3fec86aedb7db8e31067c9ffaf\",\"name\":\"Miguel Comino\",\"image\":{\"@type\":\"ImageObject\",\"inLanguage\":\"es\",\"@id\":\"https:\/\/miguelcomino.cat\/es\/#\/schema\/person\/image\/\",\"url\":\"https:\/\/miguelcomino.cat\/wp-content\/uploads\/2023\/05\/003.png\",\"contentUrl\":\"https:\/\/miguelcomino.cat\/wp-content\/uploads\/2023\/05\/003.png\",\"width\":922,\"height\":572,\"caption\":\"Miguel Comino\"},\"logo\":{\"@id\":\"https:\/\/miguelcomino.cat\/es\/#\/schema\/person\/image\/\"},\"sameAs\":[\"https:\/\/www.facebook.com\/miguel.comino\/about\",\"https:\/\/www.instagram.com\/miguelcomino\/\"],\"url\":\"https:\/\/miguelcomino.cat\/es\/author\/admin-2\/\"}]}<\/script>\n<!-- \/ Yoast SEO plugin. -->","yoast_head_json":{"title":"Residencia p\u00fablica para personas mayores. - Miguel Comino","description":"Residencia p\u00fablica para personas mayores. Miguel Comino, alcalde socialista en Sant Vicen\u00e7 dels Horts. Alcalde Comino.","robots":{"index":"index","follow":"follow","max-snippet":"max-snippet:-1","max-image-preview":"max-image-preview:large","max-video-preview":"max-video-preview:-1"},"canonical":"https:\/\/miguelcomino.cat\/es\/residencia-publica-para-personas-mayores\/","og_locale":"es_ES","og_type":"article","og_title":"Residencia p\u00fablica para personas mayores. - Miguel Comino","og_description":"Residencia p\u00fablica para personas mayores. Miguel Comino, alcalde socialista en Sant Vicen\u00e7 dels Horts. Alcalde Comino.","og_url":"https:\/\/miguelcomino.cat\/es\/residencia-publica-para-personas-mayores\/","og_site_name":"Miguel Comino","article_publisher":"https:\/\/www.facebook.com\/miguel.comino\/about","article_author":"https:\/\/www.facebook.com\/miguel.comino\/about","article_published_time":"2023-05-21T09:38:08+00:00","article_modified_time":"2023-05-21T11:20:29+00:00","og_image":[{"width":1011,"height":552,"url":"https:\/\/miguelcomino.cat\/wp-content\/uploads\/2023\/05\/Captura-de-pantalla-2023-05-21-113640.png","type":"image\/png"}],"author":"Miguel Comino","twitter_card":"summary_large_image","twitter_misc":{"Escrito por":"Miguel Comino","Tiempo de lectura":"1 minuto"},"schema":{"@context":"https:\/\/schema.org","@graph":[{"@type":"Article","@id":"https:\/\/miguelcomino.cat\/es\/residencia-publica-para-personas-mayores\/#article","isPartOf":{"@id":"https:\/\/miguelcomino.cat\/es\/residencia-publica-para-personas-mayores\/"},"author":{"name":"Miguel Comino","@id":"https:\/\/miguelcomino.cat\/es\/#\/schema\/person\/4ecf1a3fec86aedb7db8e31067c9ffaf"},"headline":"Residencia p\u00fablica para personas mayores.","datePublished":"2023-05-21T09:38:08+00:00","dateModified":"2023-05-21T11:20:29+00:00","mainEntityOfPage":{"@id":"https:\/\/miguelcomino.cat\/es\/residencia-publica-para-personas-mayores\/"},"wordCount":196,"commentCount":0,"publisher":{"@id":"https:\/\/miguelcomino.cat\/es\/#\/schema\/person\/4ecf1a3fec86aedb7db8e31067c9ffaf"},"image":{"@id":"https:\/\/miguelcomino.cat\/es\/residencia-publica-para-personas-mayores\/#primaryimage"},"thumbnailUrl":"https:\/\/miguelcomino.cat\/wp-content\/uploads\/2023\/05\/Captura-de-pantalla-2023-05-21-113640.png","keywords":["Municipales 23"],"articleSection":["PSC"],"inLanguage":"es","potentialAction":[{"@type":"CommentAction","name":"Comment","target":["https:\/\/miguelcomino.cat\/es\/residencia-publica-para-personas-mayores\/#respond"]}]},{"@type":"WebPage","@id":"https:\/\/miguelcomino.cat\/es\/residencia-publica-para-personas-mayores\/","url":"https:\/\/miguelcomino.cat\/es\/residencia-publica-para-personas-mayores\/","name":"Residencia p\u00fablica para personas mayores. - Miguel Comino","isPartOf":{"@id":"https:\/\/miguelcomino.cat\/es\/#website"},"primaryImageOfPage":{"@id":"https:\/\/miguelcomino.cat\/es\/residencia-publica-para-personas-mayores\/#primaryimage"},"image":{"@id":"https:\/\/miguelcomino.cat\/es\/residencia-publica-para-personas-mayores\/#primaryimage"},"thumbnailUrl":"https:\/\/miguelcomino.cat\/wp-content\/uploads\/2023\/05\/Captura-de-pantalla-2023-05-21-113640.png","datePublished":"2023-05-21T09:38:08+00:00","dateModified":"2023-05-21T11:20:29+00:00","description":"Residencia p\u00fablica para personas mayores. Miguel Comino, alcalde socialista en Sant Vicen\u00e7 dels Horts. Alcalde Comino.","breadcrumb":{"@id":"https:\/\/miguelcomino.cat\/es\/residencia-publica-para-personas-mayores\/#breadcrumb"},"inLanguage":"es","potentialAction":[{"@type":"ReadAction","target":["https:\/\/miguelcomino.cat\/es\/residencia-publica-para-personas-mayores\/"]}]},{"@type":"ImageObject","inLanguage":"es","@id":"https:\/\/miguelcomino.cat\/es\/residencia-publica-para-personas-mayores\/#primaryimage","url":"https:\/\/miguelcomino.cat\/wp-content\/uploads\/2023\/05\/Captura-de-pantalla-2023-05-21-113640.png","contentUrl":"https:\/\/miguelcomino.cat\/wp-content\/uploads\/2023\/05\/Captura-de-pantalla-2023-05-21-113640.png","width":1011,"height":552,"caption":"Residencia p\u00fablica para personas mayores. Durante este mandato hemos dado los tres pasos que est\u00e1n en la mano del Ayuntamiento: hemos creado formalmente el servicio, hemos hecho una modificaci\u00f3n del planeamiento y hemos redactado el anteproyecto de la residencia de la mano del AMB."},{"@type":"BreadcrumbList","@id":"https:\/\/miguelcomino.cat\/es\/residencia-publica-para-personas-mayores\/#breadcrumb","itemListElement":[{"@type":"ListItem","position":1,"name":"Portada","item":"https:\/\/miguelcomino.cat\/es\/"},{"@type":"ListItem","position":2,"name":"Residencia p\u00fablica para personas mayores."}]},{"@type":"WebSite","@id":"https:\/\/miguelcomino.cat\/es\/#website","url":"https:\/\/miguelcomino.cat\/es\/","name":"Miguel Comino","description":"Alcalde","publisher":{"@id":"https:\/\/miguelcomino.cat\/es\/#\/schema\/person\/4ecf1a3fec86aedb7db8e31067c9ffaf"},"potentialAction":[{"@type":"SearchAction","target":{"@type":"EntryPoint","urlTemplate":"https:\/\/miguelcomino.cat\/es\/?s={search_term_string}"},"query-input":{"@type":"PropertyValueSpecification","valueRequired":true,"valueName":"search_term_string"}}],"inLanguage":"es"},{"@type":["Person","Organization"],"@id":"https:\/\/miguelcomino.cat\/es\/#\/schema\/person\/4ecf1a3fec86aedb7db8e31067c9ffaf","name":"Miguel Comino","image":{"@type":"ImageObject","inLanguage":"es","@id":"https:\/\/miguelcomino.cat\/es\/#\/schema\/person\/image\/","url":"https:\/\/miguelcomino.cat\/wp-content\/uploads\/2023\/05\/003.png","contentUrl":"https:\/\/miguelcomino.cat\/wp-content\/uploads\/2023\/05\/003.png","width":922,"height":572,"caption":"Miguel Comino"},"logo":{"@id":"https:\/\/miguelcomino.cat\/es\/#\/schema\/person\/image\/"},"sameAs":["https:\/\/www.facebook.com\/miguel.comino\/about","https:\/\/www.instagram.com\/miguelcomino\/"],"url":"https:\/\/miguelcomino.cat\/es\/author\/admin-2\/"}]}},"_links":{"self":[{"href":"https:\/\/miguelcomino.cat\/es\/wp-json\/wp\/v2\/posts\/4620","targetHints":{"allow":["GET"]}}],"collection":[{"href":"https:\/\/miguelcomino.cat\/es\/wp-json\/wp\/v2\/posts"}],"about":[{"href":"https:\/\/miguelcomino.cat\/es\/wp-json\/wp\/v2\/types\/post"}],"author":[{"embeddable":true,"href":"https:\/\/miguelcomino.cat\/es\/wp-json\/wp\/v2\/users\/2"}],"replies":[{"embeddable":true,"href":"https:\/\/miguelcomino.cat\/es\/wp-json\/wp\/v2\/comments?post=4620"}],"version-history":[{"count":4,"href":"https:\/\/miguelcomino.cat\/es\/wp-json\/wp\/v2\/posts\/4620\/revisions"}],"predecessor-version":[{"id":4665,"href":"https:\/\/miguelcomino.cat\/es\/wp-json\/wp\/v2\/posts\/4620\/revisions\/4665"}],"wp:featuredmedia":[{"embeddable":true,"href":"https:\/\/miguelcomino.cat\/es\/wp-json\/wp\/v2\/media\/4606"}],"wp:attachment":[{"href":"https:\/\/miguelcomino.cat\/es\/wp-json\/wp\/v2\/media?parent=4620"}],"wp:term":[{"taxonomy":"category","embeddable":true,"href":"https:\/\/miguelcomino.cat\/es\/wp-json\/wp\/v2\/categories?post=4620"},{"taxonomy":"post_tag","embeddable":true,"href":"https:\/\/miguelcomino.cat\/es\/wp-json\/wp\/v2\/tags?post=4620"}],"curies":[{"name":"wp","href":"https:\/\/api.w.org\/{rel}","templated":true}]}}