{"id":4254,"date":"2023-05-14T09:11:20","date_gmt":"2023-05-14T07:11:20","guid":{"rendered":"https:\/\/miguelcomino.cat\/acto-de-campana-en-la-rambla-llobregat\/"},"modified":"2023-05-21T13:26:42","modified_gmt":"2023-05-21T11:26:42","slug":"acto-de-campana-en-la-rambla-llobregat","status":"publish","type":"post","link":"https:\/\/miguelcomino.cat\/es\/acto-de-campana-en-la-rambla-llobregat\/","title":{"rendered":"Acto de campa\u00f1a en la Rambla Llobregat"},"content":{"rendered":"\n<p>La lluvia ha impedido que pudi\u00e9ramos celebrar el acto de campa\u00f1a previsto en la rambla Llobregat, pero gracias a la generosidad de la junta del Casal de la gente mayor de Can Ros, lo hemos podido hacer a cubierto.<\/p>\n\n\n\n<p>Hoy Sant Vicen\u00e7 dels Horts es un municipio mejor que hace cuatro a\u00f1os: m\u00e1s cohesionado, m\u00e1s seguro, con m\u00e1s trabajo, con m\u00e1s y mejor espacio p\u00fablico para la ciudadan\u00eda y m\u00e1s preparado para afrontar el futuro con garant\u00edas.<\/p>\n\n\n\n<p>Votar la candidatura del PSC SVH, San Vicente en Positivo y Verdes SVH es la garant\u00eda para seguir progresando con igualdad de oportunidades y que nadie quede atr\u00e1s.<\/p>\n\n\n\n<p>Gracias, Javi L\u00f3pez, por acompa\u00f1arnos y por tus palabras. Y gracias al centenar de personas que nos han acompa\u00f1ado.<\/p>\n\n\n\n<p>Contigo, San Vicente<\/p>\n\n\n\n<p><\/p>\n\n\n\n<figure class=\"wp-block-gallery has-nested-images columns-default is-cropped wp-block-gallery-1 is-layout-flex wp-block-gallery-is-layout-flex\">\n<figure class=\"wp-block-image size-large\"><img fetchpriority=\"high\" decoding=\"async\" width=\"1024\" height=\"1024\" data-id=\"4227\" src=\"https:\/\/miguelcomino.cat\/wp-content\/uploads\/2023\/05\/05-1-1024x1024.jpg\" alt=\"\" class=\"wp-image-4227\" srcset=\"https:\/\/miguelcomino.cat\/wp-content\/uploads\/2023\/05\/05-1-1024x1024.jpg 1024w, https:\/\/miguelcomino.cat\/wp-content\/uploads\/2023\/05\/05-1-300x300.jpg 300w, https:\/\/miguelcomino.cat\/wp-content\/uploads\/2023\/05\/05-1-150x150.jpg 150w, https:\/\/miguelcomino.cat\/wp-content\/uploads\/2023\/05\/05-1-768x768.jpg 768w, https:\/\/miguelcomino.cat\/wp-content\/uploads\/2023\/05\/05-1.jpg 1200w\" sizes=\"(max-width: 1024px) 100vw, 1024px\" \/><\/figure>\n\n\n\n<figure class=\"wp-block-image size-large\"><img decoding=\"async\" width=\"960\" height=\"960\" data-id=\"4224\" src=\"https:\/\/miguelcomino.cat\/wp-content\/uploads\/2023\/05\/04-1.jpg\" alt=\"\" class=\"wp-image-4224\" srcset=\"https:\/\/miguelcomino.cat\/wp-content\/uploads\/2023\/05\/04-1.jpg 960w, https:\/\/miguelcomino.cat\/wp-content\/uploads\/2023\/05\/04-1-300x300.jpg 300w, https:\/\/miguelcomino.cat\/wp-content\/uploads\/2023\/05\/04-1-150x150.jpg 150w, https:\/\/miguelcomino.cat\/wp-content\/uploads\/2023\/05\/04-1-768x768.jpg 768w\" sizes=\"(max-width: 960px) 100vw, 960px\" \/><\/figure>\n\n\n\n<figure class=\"wp-block-image size-large\"><img decoding=\"async\" width=\"960\" height=\"960\" data-id=\"4230\" src=\"https:\/\/miguelcomino.cat\/wp-content\/uploads\/2023\/05\/03-1.jpg\" alt=\"\" class=\"wp-image-4230\" srcset=\"https:\/\/miguelcomino.cat\/wp-content\/uploads\/2023\/05\/03-1.jpg 960w, https:\/\/miguelcomino.cat\/wp-content\/uploads\/2023\/05\/03-1-300x300.jpg 300w, https:\/\/miguelcomino.cat\/wp-content\/uploads\/2023\/05\/03-1-150x150.jpg 150w, https:\/\/miguelcomino.cat\/wp-content\/uploads\/2023\/05\/03-1-768x768.jpg 768w\" sizes=\"(max-width: 960px) 100vw, 960px\" \/><\/figure>\n\n\n\n<figure class=\"wp-block-image size-large\"><img loading=\"lazy\" decoding=\"async\" width=\"960\" height=\"960\" data-id=\"4226\" src=\"https:\/\/miguelcomino.cat\/wp-content\/uploads\/2023\/05\/02-1.jpg\" alt=\"\" class=\"wp-image-4226\" srcset=\"https:\/\/miguelcomino.cat\/wp-content\/uploads\/2023\/05\/02-1.jpg 960w, https:\/\/miguelcomino.cat\/wp-content\/uploads\/2023\/05\/02-1-300x300.jpg 300w, https:\/\/miguelcomino.cat\/wp-content\/uploads\/2023\/05\/02-1-150x150.jpg 150w, https:\/\/miguelcomino.cat\/wp-content\/uploads\/2023\/05\/02-1-768x768.jpg 768w\" sizes=\"(max-width: 960px) 100vw, 960px\" \/><\/figure>\n\n\n\n<figure class=\"wp-block-image size-large\"><img loading=\"lazy\" decoding=\"async\" width=\"784\" height=\"784\" data-id=\"4222\" src=\"https:\/\/miguelcomino.cat\/wp-content\/uploads\/2023\/05\/01-1.jpg\" alt=\"\" class=\"wp-image-4222\" srcset=\"https:\/\/miguelcomino.cat\/wp-content\/uploads\/2023\/05\/01-1.jpg 784w, https:\/\/miguelcomino.cat\/wp-content\/uploads\/2023\/05\/01-1-300x300.jpg 300w, https:\/\/miguelcomino.cat\/wp-content\/uploads\/2023\/05\/01-1-150x150.jpg 150w, https:\/\/miguelcomino.cat\/wp-content\/uploads\/2023\/05\/01-1-768x768.jpg 768w\" sizes=\"(max-width: 784px) 100vw, 784px\" \/><\/figure>\n<\/figure>\n","protected":false},"excerpt":{"rendered":"<p>Votar la candidatura del PSC SVH, San Vicente en Positivo y Verdes SVH es la garant\u00eda para seguir progresando con igualdad de oportunidades y que nadie quede atr\u00e1s.<\/p>\n","protected":false},"author":2,"featured_media":4231,"comment_status":"closed","ping_status":"closed","sticky":false,"template":"","format":"standard","meta":{"footnotes":""},"categories":[26],"tags":[],"class_list":["post-4254","post","type-post","status-publish","format-standard","has-post-thumbnail","hentry","category-psc"],"yoast_head":"<!-- This site is optimized with the Yoast SEO plugin v24.6 - https:\/\/yoast.com\/wordpress\/plugins\/seo\/ -->\n<title>Acto de campa\u00f1a en la Rambla Llobregat - Miguel Comino alcalde socialista<\/title>\n<meta name=\"description\" content=\"Acto de campa\u00f1a en la Rambla Llobregat. Votar la candidatura del PSC SVH, San Vicente en Positivo y Verdes SVH es la garant\u00eda para seguir progresando con igualdad de oportunidades y que nadie quede atr\u00e1s.\" \/>\n<meta name=\"robots\" content=\"index, follow, max-snippet:-1, max-image-preview:large, max-video-preview:-1\" \/>\n<link rel=\"canonical\" href=\"https:\/\/miguelcomino.cat\/es\/acto-de-campana-en-la-rambla-llobregat\/\" \/>\n<meta property=\"og:locale\" content=\"es_ES\" \/>\n<meta property=\"og:type\" content=\"article\" \/>\n<meta property=\"og:title\" content=\"Acto de campa\u00f1a en la Rambla Llobregat - Miguel Comino alcalde socialista\" \/>\n<meta property=\"og:description\" content=\"Acto de campa\u00f1a en la Rambla Llobregat. Votar la candidatura del PSC SVH, San Vicente en Positivo y Verdes SVH es la garant\u00eda para seguir progresando con igualdad de oportunidades y que nadie quede atr\u00e1s.\" \/>\n<meta property=\"og:url\" content=\"https:\/\/miguelcomino.cat\/es\/acto-de-campana-en-la-rambla-llobregat\/\" \/>\n<meta property=\"og:site_name\" content=\"Miguel Comino\" \/>\n<meta property=\"article:publisher\" content=\"https:\/\/www.facebook.com\/miguel.comino\/about\" \/>\n<meta property=\"article:author\" content=\"https:\/\/www.facebook.com\/miguel.comino\/about\" \/>\n<meta property=\"article:published_time\" content=\"2023-05-14T07:11:20+00:00\" \/>\n<meta property=\"article:modified_time\" content=\"2023-05-21T11:26:42+00:00\" \/>\n<meta property=\"og:image\" content=\"https:\/\/miguelcomino.cat\/wp-content\/uploads\/2023\/05\/03-1.jpg\" \/>\n\t<meta property=\"og:image:width\" content=\"960\" \/>\n\t<meta property=\"og:image:height\" content=\"960\" \/>\n\t<meta property=\"og:image:type\" content=\"image\/jpeg\" \/>\n<meta name=\"author\" content=\"Miguel Comino\" \/>\n<meta name=\"twitter:card\" content=\"summary_large_image\" \/>\n<meta name=\"twitter:label1\" content=\"Escrito por\" \/>\n\t<meta name=\"twitter:data1\" content=\"Miguel Comino\" \/>\n\t<meta name=\"twitter:label2\" content=\"Tiempo de lectura\" \/>\n\t<meta name=\"twitter:data2\" content=\"2 minutos\" \/>\n<script type=\"application\/ld+json\" class=\"yoast-schema-graph\">{\"@context\":\"https:\/\/schema.org\",\"@graph\":[{\"@type\":\"Article\",\"@id\":\"https:\/\/miguelcomino.cat\/es\/acto-de-campana-en-la-rambla-llobregat\/#article\",\"isPartOf\":{\"@id\":\"https:\/\/miguelcomino.cat\/es\/acto-de-campana-en-la-rambla-llobregat\/\"},\"author\":{\"name\":\"Miguel Comino\",\"@id\":\"https:\/\/miguelcomino.cat\/es\/#\/schema\/person\/4ecf1a3fec86aedb7db8e31067c9ffaf\"},\"headline\":\"Acto de campa\u00f1a en la Rambla Llobregat\",\"datePublished\":\"2023-05-14T07:11:20+00:00\",\"dateModified\":\"2023-05-21T11:26:42+00:00\",\"mainEntityOfPage\":{\"@id\":\"https:\/\/miguelcomino.cat\/es\/acto-de-campana-en-la-rambla-llobregat\/\"},\"wordCount\":151,\"publisher\":{\"@id\":\"https:\/\/miguelcomino.cat\/es\/#\/schema\/person\/4ecf1a3fec86aedb7db8e31067c9ffaf\"},\"image\":{\"@id\":\"https:\/\/miguelcomino.cat\/es\/acto-de-campana-en-la-rambla-llobregat\/#primaryimage\"},\"thumbnailUrl\":\"https:\/\/miguelcomino.cat\/wp-content\/uploads\/2023\/05\/03-1.jpg\",\"articleSection\":[\"PSC\"],\"inLanguage\":\"es\"},{\"@type\":\"WebPage\",\"@id\":\"https:\/\/miguelcomino.cat\/es\/acto-de-campana-en-la-rambla-llobregat\/\",\"url\":\"https:\/\/miguelcomino.cat\/es\/acto-de-campana-en-la-rambla-llobregat\/\",\"name\":\"Acto de campa\u00f1a en la Rambla Llobregat - Miguel Comino alcalde socialista\",\"isPartOf\":{\"@id\":\"https:\/\/miguelcomino.cat\/es\/#website\"},\"primaryImageOfPage\":{\"@id\":\"https:\/\/miguelcomino.cat\/es\/acto-de-campana-en-la-rambla-llobregat\/#primaryimage\"},\"image\":{\"@id\":\"https:\/\/miguelcomino.cat\/es\/acto-de-campana-en-la-rambla-llobregat\/#primaryimage\"},\"thumbnailUrl\":\"https:\/\/miguelcomino.cat\/wp-content\/uploads\/2023\/05\/03-1.jpg\",\"datePublished\":\"2023-05-14T07:11:20+00:00\",\"dateModified\":\"2023-05-21T11:26:42+00:00\",\"description\":\"Acto de campa\u00f1a en la Rambla Llobregat. Votar la candidatura del PSC SVH, San Vicente en Positivo y Verdes SVH es la garant\u00eda para seguir progresando con igualdad de oportunidades y que nadie quede atr\u00e1s.\",\"breadcrumb\":{\"@id\":\"https:\/\/miguelcomino.cat\/es\/acto-de-campana-en-la-rambla-llobregat\/#breadcrumb\"},\"inLanguage\":\"es\",\"potentialAction\":[{\"@type\":\"ReadAction\",\"target\":[\"https:\/\/miguelcomino.cat\/es\/acto-de-campana-en-la-rambla-llobregat\/\"]}]},{\"@type\":\"ImageObject\",\"inLanguage\":\"es\",\"@id\":\"https:\/\/miguelcomino.cat\/es\/acto-de-campana-en-la-rambla-llobregat\/#primaryimage\",\"url\":\"https:\/\/miguelcomino.cat\/wp-content\/uploads\/2023\/05\/03-1.jpg\",\"contentUrl\":\"https:\/\/miguelcomino.cat\/wp-content\/uploads\/2023\/05\/03-1.jpg\",\"width\":960,\"height\":960,\"caption\":\"Durante esta campa\u00f1a electoral contrastaremos modelos. El nuestro, es un modelo que entiende el municipio como una trinchera de protecci\u00f3n y que pone a la ciudadan\u00eda en el centro de la acci\u00f3n pol\u00edtica. Debemos ayudarnos y protegernos entre nosotros para salir adelante y seguir transformando nuestra realidad. El 28 de mayo, a ganar y a seguir transformando Sant Vicen\u00e7 dels Horts, \u00a1contigo!\"},{\"@type\":\"BreadcrumbList\",\"@id\":\"https:\/\/miguelcomino.cat\/es\/acto-de-campana-en-la-rambla-llobregat\/#breadcrumb\",\"itemListElement\":[{\"@type\":\"ListItem\",\"position\":1,\"name\":\"Portada\",\"item\":\"https:\/\/miguelcomino.cat\/es\/\"},{\"@type\":\"ListItem\",\"position\":2,\"name\":\"Acto de campa\u00f1a en la Rambla Llobregat\"}]},{\"@type\":\"WebSite\",\"@id\":\"https:\/\/miguelcomino.cat\/es\/#website\",\"url\":\"https:\/\/miguelcomino.cat\/es\/\",\"name\":\"Miguel Comino\",\"description\":\"Alcalde\",\"publisher\":{\"@id\":\"https:\/\/miguelcomino.cat\/es\/#\/schema\/person\/4ecf1a3fec86aedb7db8e31067c9ffaf\"},\"potentialAction\":[{\"@type\":\"SearchAction\",\"target\":{\"@type\":\"EntryPoint\",\"urlTemplate\":\"https:\/\/miguelcomino.cat\/es\/?s={search_term_string}\"},\"query-input\":{\"@type\":\"PropertyValueSpecification\",\"valueRequired\":true,\"valueName\":\"search_term_string\"}}],\"inLanguage\":\"es\"},{\"@type\":[\"Person\",\"Organization\"],\"@id\":\"https:\/\/miguelcomino.cat\/es\/#\/schema\/person\/4ecf1a3fec86aedb7db8e31067c9ffaf\",\"name\":\"Miguel Comino\",\"image\":{\"@type\":\"ImageObject\",\"inLanguage\":\"es\",\"@id\":\"https:\/\/miguelcomino.cat\/es\/#\/schema\/person\/image\/\",\"url\":\"https:\/\/miguelcomino.cat\/wp-content\/uploads\/2023\/05\/003.png\",\"contentUrl\":\"https:\/\/miguelcomino.cat\/wp-content\/uploads\/2023\/05\/003.png\",\"width\":922,\"height\":572,\"caption\":\"Miguel Comino\"},\"logo\":{\"@id\":\"https:\/\/miguelcomino.cat\/es\/#\/schema\/person\/image\/\"},\"sameAs\":[\"https:\/\/www.facebook.com\/miguel.comino\/about\",\"https:\/\/www.instagram.com\/miguelcomino\/\"],\"url\":\"https:\/\/miguelcomino.cat\/es\/author\/admin-2\/\"}]}<\/script>\n<!-- \/ Yoast SEO plugin. -->","yoast_head_json":{"title":"Acto de campa\u00f1a en la Rambla Llobregat - Miguel Comino alcalde socialista","description":"Acto de campa\u00f1a en la Rambla Llobregat. Votar la candidatura del PSC SVH, San Vicente en Positivo y Verdes SVH es la garant\u00eda para seguir progresando con igualdad de oportunidades y que nadie quede atr\u00e1s.","robots":{"index":"index","follow":"follow","max-snippet":"max-snippet:-1","max-image-preview":"max-image-preview:large","max-video-preview":"max-video-preview:-1"},"canonical":"https:\/\/miguelcomino.cat\/es\/acto-de-campana-en-la-rambla-llobregat\/","og_locale":"es_ES","og_type":"article","og_title":"Acto de campa\u00f1a en la Rambla Llobregat - Miguel Comino alcalde socialista","og_description":"Acto de campa\u00f1a en la Rambla Llobregat. Votar la candidatura del PSC SVH, San Vicente en Positivo y Verdes SVH es la garant\u00eda para seguir progresando con igualdad de oportunidades y que nadie quede atr\u00e1s.","og_url":"https:\/\/miguelcomino.cat\/es\/acto-de-campana-en-la-rambla-llobregat\/","og_site_name":"Miguel Comino","article_publisher":"https:\/\/www.facebook.com\/miguel.comino\/about","article_author":"https:\/\/www.facebook.com\/miguel.comino\/about","article_published_time":"2023-05-14T07:11:20+00:00","article_modified_time":"2023-05-21T11:26:42+00:00","og_image":[{"width":960,"height":960,"url":"https:\/\/miguelcomino.cat\/wp-content\/uploads\/2023\/05\/03-1.jpg","type":"image\/jpeg"}],"author":"Miguel Comino","twitter_card":"summary_large_image","twitter_misc":{"Escrito por":"Miguel Comino","Tiempo de lectura":"2 minutos"},"schema":{"@context":"https:\/\/schema.org","@graph":[{"@type":"Article","@id":"https:\/\/miguelcomino.cat\/es\/acto-de-campana-en-la-rambla-llobregat\/#article","isPartOf":{"@id":"https:\/\/miguelcomino.cat\/es\/acto-de-campana-en-la-rambla-llobregat\/"},"author":{"name":"Miguel Comino","@id":"https:\/\/miguelcomino.cat\/es\/#\/schema\/person\/4ecf1a3fec86aedb7db8e31067c9ffaf"},"headline":"Acto de campa\u00f1a en la Rambla Llobregat","datePublished":"2023-05-14T07:11:20+00:00","dateModified":"2023-05-21T11:26:42+00:00","mainEntityOfPage":{"@id":"https:\/\/miguelcomino.cat\/es\/acto-de-campana-en-la-rambla-llobregat\/"},"wordCount":151,"publisher":{"@id":"https:\/\/miguelcomino.cat\/es\/#\/schema\/person\/4ecf1a3fec86aedb7db8e31067c9ffaf"},"image":{"@id":"https:\/\/miguelcomino.cat\/es\/acto-de-campana-en-la-rambla-llobregat\/#primaryimage"},"thumbnailUrl":"https:\/\/miguelcomino.cat\/wp-content\/uploads\/2023\/05\/03-1.jpg","articleSection":["PSC"],"inLanguage":"es"},{"@type":"WebPage","@id":"https:\/\/miguelcomino.cat\/es\/acto-de-campana-en-la-rambla-llobregat\/","url":"https:\/\/miguelcomino.cat\/es\/acto-de-campana-en-la-rambla-llobregat\/","name":"Acto de campa\u00f1a en la Rambla Llobregat - Miguel Comino alcalde socialista","isPartOf":{"@id":"https:\/\/miguelcomino.cat\/es\/#website"},"primaryImageOfPage":{"@id":"https:\/\/miguelcomino.cat\/es\/acto-de-campana-en-la-rambla-llobregat\/#primaryimage"},"image":{"@id":"https:\/\/miguelcomino.cat\/es\/acto-de-campana-en-la-rambla-llobregat\/#primaryimage"},"thumbnailUrl":"https:\/\/miguelcomino.cat\/wp-content\/uploads\/2023\/05\/03-1.jpg","datePublished":"2023-05-14T07:11:20+00:00","dateModified":"2023-05-21T11:26:42+00:00","description":"Acto de campa\u00f1a en la Rambla Llobregat. Votar la candidatura del PSC SVH, San Vicente en Positivo y Verdes SVH es la garant\u00eda para seguir progresando con igualdad de oportunidades y que nadie quede atr\u00e1s.","breadcrumb":{"@id":"https:\/\/miguelcomino.cat\/es\/acto-de-campana-en-la-rambla-llobregat\/#breadcrumb"},"inLanguage":"es","potentialAction":[{"@type":"ReadAction","target":["https:\/\/miguelcomino.cat\/es\/acto-de-campana-en-la-rambla-llobregat\/"]}]},{"@type":"ImageObject","inLanguage":"es","@id":"https:\/\/miguelcomino.cat\/es\/acto-de-campana-en-la-rambla-llobregat\/#primaryimage","url":"https:\/\/miguelcomino.cat\/wp-content\/uploads\/2023\/05\/03-1.jpg","contentUrl":"https:\/\/miguelcomino.cat\/wp-content\/uploads\/2023\/05\/03-1.jpg","width":960,"height":960,"caption":"Durante esta campa\u00f1a electoral contrastaremos modelos. El nuestro, es un modelo que entiende el municipio como una trinchera de protecci\u00f3n y que pone a la ciudadan\u00eda en el centro de la acci\u00f3n pol\u00edtica. Debemos ayudarnos y protegernos entre nosotros para salir adelante y seguir transformando nuestra realidad. El 28 de mayo, a ganar y a seguir transformando Sant Vicen\u00e7 dels Horts, \u00a1contigo!"},{"@type":"BreadcrumbList","@id":"https:\/\/miguelcomino.cat\/es\/acto-de-campana-en-la-rambla-llobregat\/#breadcrumb","itemListElement":[{"@type":"ListItem","position":1,"name":"Portada","item":"https:\/\/miguelcomino.cat\/es\/"},{"@type":"ListItem","position":2,"name":"Acto de campa\u00f1a en la Rambla Llobregat"}]},{"@type":"WebSite","@id":"https:\/\/miguelcomino.cat\/es\/#website","url":"https:\/\/miguelcomino.cat\/es\/","name":"Miguel Comino","description":"Alcalde","publisher":{"@id":"https:\/\/miguelcomino.cat\/es\/#\/schema\/person\/4ecf1a3fec86aedb7db8e31067c9ffaf"},"potentialAction":[{"@type":"SearchAction","target":{"@type":"EntryPoint","urlTemplate":"https:\/\/miguelcomino.cat\/es\/?s={search_term_string}"},"query-input":{"@type":"PropertyValueSpecification","valueRequired":true,"valueName":"search_term_string"}}],"inLanguage":"es"},{"@type":["Person","Organization"],"@id":"https:\/\/miguelcomino.cat\/es\/#\/schema\/person\/4ecf1a3fec86aedb7db8e31067c9ffaf","name":"Miguel Comino","image":{"@type":"ImageObject","inLanguage":"es","@id":"https:\/\/miguelcomino.cat\/es\/#\/schema\/person\/image\/","url":"https:\/\/miguelcomino.cat\/wp-content\/uploads\/2023\/05\/003.png","contentUrl":"https:\/\/miguelcomino.cat\/wp-content\/uploads\/2023\/05\/003.png","width":922,"height":572,"caption":"Miguel Comino"},"logo":{"@id":"https:\/\/miguelcomino.cat\/es\/#\/schema\/person\/image\/"},"sameAs":["https:\/\/www.facebook.com\/miguel.comino\/about","https:\/\/www.instagram.com\/miguelcomino\/"],"url":"https:\/\/miguelcomino.cat\/es\/author\/admin-2\/"}]}},"_links":{"self":[{"href":"https:\/\/miguelcomino.cat\/es\/wp-json\/wp\/v2\/posts\/4254","targetHints":{"allow":["GET"]}}],"collection":[{"href":"https:\/\/miguelcomino.cat\/es\/wp-json\/wp\/v2\/posts"}],"about":[{"href":"https:\/\/miguelcomino.cat\/es\/wp-json\/wp\/v2\/types\/post"}],"author":[{"embeddable":true,"href":"https:\/\/miguelcomino.cat\/es\/wp-json\/wp\/v2\/users\/2"}],"replies":[{"embeddable":true,"href":"https:\/\/miguelcomino.cat\/es\/wp-json\/wp\/v2\/comments?post=4254"}],"version-history":[{"count":4,"href":"https:\/\/miguelcomino.cat\/es\/wp-json\/wp\/v2\/posts\/4254\/revisions"}],"predecessor-version":[{"id":4677,"href":"https:\/\/miguelcomino.cat\/es\/wp-json\/wp\/v2\/posts\/4254\/revisions\/4677"}],"wp:featuredmedia":[{"embeddable":true,"href":"https:\/\/miguelcomino.cat\/es\/wp-json\/wp\/v2\/media\/4231"}],"wp:attachment":[{"href":"https:\/\/miguelcomino.cat\/es\/wp-json\/wp\/v2\/media?parent=4254"}],"wp:term":[{"taxonomy":"category","embeddable":true,"href":"https:\/\/miguelcomino.cat\/es\/wp-json\/wp\/v2\/categories?post=4254"},{"taxonomy":"post_tag","embeddable":true,"href":"https:\/\/miguelcomino.cat\/es\/wp-json\/wp\/v2\/tags?post=4254"}],"curies":[{"name":"wp","href":"https:\/\/api.w.org\/{rel}","templated":true}]}}