{"id":4013,"date":"2023-04-22T13:10:32","date_gmt":"2023-04-22T11:10:32","guid":{"rendered":"https:\/\/miguelcomino.cat\/presentacion-de-la-candidatura\/"},"modified":"2023-04-24T13:21:37","modified_gmt":"2023-04-24T11:21:37","slug":"presentacion-de-la-candidatura","status":"publish","type":"post","link":"https:\/\/miguelcomino.cat\/es\/presentacion-de-la-candidatura\/","title":{"rendered":"Presentaci\u00f3n de la candidatura"},"content":{"rendered":"\n<p>El s\u00e1bado hicimos el acto de presentaci\u00f3n de la candidatura del PSC Sant Vicen\u00e7 dels Horts, Sant Vicen\u00e7 en Positiu y Verds SVH para las pr\u00f3ximas elecciones municipales del 28 de mayo.<\/p>\n\n\n\n<p>Tenemos el mejor equipo para seguir transformando Sant Vicen\u00e7 dels Horts<\/p>\n\n\n\n<p>Muchas gracias <a href=\"https:\/\/www.facebook.com\/lluisa.moretsabido?__cft__%5B0%5D=AZWUngOyoS9zq3u8HAiETIj4xgo7QVfDZuMcXQJ6YoLGCkjU-iUDx5S5wWeK-C0MyMr-gsHdxTT6ntt48Z9pP2V_7jm9eXPVHK63Yq_CyKICmqXZx9II59_qHN73xcIiF1IlIgpm9RVa_Vy0UP40zN25w7tu8nLgzhTYPVurWlJ2-5SpKLTxejQjXAn17_f49Bo&amp;__tn__=-%5DK-R\">Luisa Moret Sabido<\/a> por tus palabras ya todo el que nos acompa\u00f1\u00f3 en un d\u00eda tan importante.<\/p>\n\n\n\n<p><\/p>\n\n\n\n<p><\/p>\n\n\n\n<figure class=\"wp-block-gallery has-nested-images columns-default is-cropped wp-block-gallery-1 is-layout-flex wp-block-gallery-is-layout-flex\">\n<figure class=\"wp-block-image size-large\"><a href=\"https:\/\/miguelcomino.cat\/wp-content\/uploads\/2023\/04\/09.jpg\"><img fetchpriority=\"high\" decoding=\"async\" width=\"1024\" height=\"682\" data-id=\"4000\" src=\"https:\/\/miguelcomino.cat\/wp-content\/uploads\/2023\/04\/09-1024x682.jpg\" alt=\"\" class=\"wp-image-4000\" srcset=\"https:\/\/miguelcomino.cat\/wp-content\/uploads\/2023\/04\/09-1024x682.jpg 1024w, https:\/\/miguelcomino.cat\/wp-content\/uploads\/2023\/04\/09-300x200.jpg 300w, https:\/\/miguelcomino.cat\/wp-content\/uploads\/2023\/04\/09-768x511.jpg 768w, https:\/\/miguelcomino.cat\/wp-content\/uploads\/2023\/04\/09.jpg 1440w\" sizes=\"(max-width: 1024px) 100vw, 1024px\" \/><\/a><\/figure>\n\n\n\n<figure class=\"wp-block-image size-large\"><a href=\"https:\/\/miguelcomino.cat\/wp-content\/uploads\/2023\/04\/08.jpg\"><img decoding=\"async\" width=\"1024\" height=\"683\" data-id=\"3995\" src=\"https:\/\/miguelcomino.cat\/wp-content\/uploads\/2023\/04\/08-1024x683.jpg\" alt=\"\" class=\"wp-image-3995\" srcset=\"https:\/\/miguelcomino.cat\/wp-content\/uploads\/2023\/04\/08-1024x683.jpg 1024w, https:\/\/miguelcomino.cat\/wp-content\/uploads\/2023\/04\/08-300x200.jpg 300w, https:\/\/miguelcomino.cat\/wp-content\/uploads\/2023\/04\/08-768x512.jpg 768w, https:\/\/miguelcomino.cat\/wp-content\/uploads\/2023\/04\/08.jpg 1440w\" sizes=\"(max-width: 1024px) 100vw, 1024px\" \/><\/a><\/figure>\n\n\n\n<figure class=\"wp-block-image size-large\"><a href=\"https:\/\/miguelcomino.cat\/wp-content\/uploads\/2023\/04\/07.jpg\"><img decoding=\"async\" width=\"1024\" height=\"683\" data-id=\"4008\" src=\"https:\/\/miguelcomino.cat\/wp-content\/uploads\/2023\/04\/07-1024x683.jpg\" alt=\"\" class=\"wp-image-4008\" srcset=\"https:\/\/miguelcomino.cat\/wp-content\/uploads\/2023\/04\/07-1024x683.jpg 1024w, https:\/\/miguelcomino.cat\/wp-content\/uploads\/2023\/04\/07-300x200.jpg 300w, https:\/\/miguelcomino.cat\/wp-content\/uploads\/2023\/04\/07-768x512.jpg 768w, https:\/\/miguelcomino.cat\/wp-content\/uploads\/2023\/04\/07.jpg 1440w\" sizes=\"(max-width: 1024px) 100vw, 1024px\" \/><\/a><\/figure>\n\n\n\n<figure class=\"wp-block-image size-large\"><a href=\"https:\/\/miguelcomino.cat\/wp-content\/uploads\/2023\/04\/06.jpg\"><img loading=\"lazy\" decoding=\"async\" width=\"1024\" height=\"683\" data-id=\"3998\" src=\"https:\/\/miguelcomino.cat\/wp-content\/uploads\/2023\/04\/06-1024x683.jpg\" alt=\"\" class=\"wp-image-3998\" srcset=\"https:\/\/miguelcomino.cat\/wp-content\/uploads\/2023\/04\/06-1024x683.jpg 1024w, https:\/\/miguelcomino.cat\/wp-content\/uploads\/2023\/04\/06-300x200.jpg 300w, https:\/\/miguelcomino.cat\/wp-content\/uploads\/2023\/04\/06-768x512.jpg 768w, https:\/\/miguelcomino.cat\/wp-content\/uploads\/2023\/04\/06.jpg 1440w\" sizes=\"(max-width: 1024px) 100vw, 1024px\" \/><\/a><\/figure>\n\n\n\n<figure class=\"wp-block-image size-large\"><a href=\"https:\/\/miguelcomino.cat\/wp-content\/uploads\/2023\/04\/05.jpg\"><img loading=\"lazy\" decoding=\"async\" width=\"1024\" height=\"683\" data-id=\"3997\" src=\"https:\/\/miguelcomino.cat\/wp-content\/uploads\/2023\/04\/05-1024x683.jpg\" alt=\"\" class=\"wp-image-3997\" srcset=\"https:\/\/miguelcomino.cat\/wp-content\/uploads\/2023\/04\/05-1024x683.jpg 1024w, https:\/\/miguelcomino.cat\/wp-content\/uploads\/2023\/04\/05-300x200.jpg 300w, https:\/\/miguelcomino.cat\/wp-content\/uploads\/2023\/04\/05-768x512.jpg 768w, https:\/\/miguelcomino.cat\/wp-content\/uploads\/2023\/04\/05.jpg 1440w\" sizes=\"(max-width: 1024px) 100vw, 1024px\" \/><\/a><\/figure>\n\n\n\n<figure class=\"wp-block-image size-large\"><a href=\"https:\/\/miguelcomino.cat\/wp-content\/uploads\/2023\/04\/04.jpg\"><img loading=\"lazy\" decoding=\"async\" width=\"1024\" height=\"683\" data-id=\"3993\" src=\"https:\/\/miguelcomino.cat\/wp-content\/uploads\/2023\/04\/04-1024x683.jpg\" alt=\"\" class=\"wp-image-3993\" srcset=\"https:\/\/miguelcomino.cat\/wp-content\/uploads\/2023\/04\/04-1024x683.jpg 1024w, https:\/\/miguelcomino.cat\/wp-content\/uploads\/2023\/04\/04-300x200.jpg 300w, https:\/\/miguelcomino.cat\/wp-content\/uploads\/2023\/04\/04-768x512.jpg 768w, https:\/\/miguelcomino.cat\/wp-content\/uploads\/2023\/04\/04.jpg 1440w\" sizes=\"(max-width: 1024px) 100vw, 1024px\" \/><\/a><\/figure>\n\n\n\n<figure class=\"wp-block-image size-large\"><a href=\"https:\/\/miguelcomino.cat\/wp-content\/uploads\/2023\/04\/03.jpg\"><img loading=\"lazy\" decoding=\"async\" width=\"1024\" height=\"683\" data-id=\"4001\" src=\"https:\/\/miguelcomino.cat\/wp-content\/uploads\/2023\/04\/03-1024x683.jpg\" alt=\"\" class=\"wp-image-4001\" srcset=\"https:\/\/miguelcomino.cat\/wp-content\/uploads\/2023\/04\/03-1024x683.jpg 1024w, https:\/\/miguelcomino.cat\/wp-content\/uploads\/2023\/04\/03-300x200.jpg 300w, https:\/\/miguelcomino.cat\/wp-content\/uploads\/2023\/04\/03-768x512.jpg 768w, https:\/\/miguelcomino.cat\/wp-content\/uploads\/2023\/04\/03.jpg 1440w\" sizes=\"(max-width: 1024px) 100vw, 1024px\" \/><\/a><\/figure>\n\n\n\n<figure class=\"wp-block-image size-large\"><a href=\"https:\/\/miguelcomino.cat\/wp-content\/uploads\/2023\/04\/02.jpg\"><img loading=\"lazy\" decoding=\"async\" width=\"1024\" height=\"683\" data-id=\"4004\" src=\"https:\/\/miguelcomino.cat\/wp-content\/uploads\/2023\/04\/02-1024x683.jpg\" alt=\"\" class=\"wp-image-4004\" srcset=\"https:\/\/miguelcomino.cat\/wp-content\/uploads\/2023\/04\/02-1024x683.jpg 1024w, https:\/\/miguelcomino.cat\/wp-content\/uploads\/2023\/04\/02-300x200.jpg 300w, https:\/\/miguelcomino.cat\/wp-content\/uploads\/2023\/04\/02-768x512.jpg 768w, https:\/\/miguelcomino.cat\/wp-content\/uploads\/2023\/04\/02.jpg 1440w\" sizes=\"(max-width: 1024px) 100vw, 1024px\" \/><\/a><\/figure>\n\n\n\n<figure class=\"wp-block-image size-large\"><a href=\"https:\/\/miguelcomino.cat\/wp-content\/uploads\/2023\/04\/01.jpg\"><img decoding=\"async\" data-id=\"4002\" src=\"https:\/\/miguelcomino.cat\/wp-content\/uploads\/2023\/04\/01-1024x682.jpg\" alt=\"\" class=\"wp-image-4002\"\/><\/a><\/figure>\n<\/figure>\n","protected":false},"excerpt":{"rendered":"<p>El s\u00e1bado hicimos el acto de presentaci\u00f3n de la candidatura del PSC Sant Vicen\u00e7 dels Horts, Sant Vicen\u00e7 en Positiu y Verds SVH en las pr\u00f3ximas elecciones municipales del 28 de mayo.<\/p>\n","protected":false},"author":2,"featured_media":4003,"comment_status":"open","ping_status":"closed","sticky":false,"template":"","format":"standard","meta":{"footnotes":""},"categories":[26],"tags":[],"class_list":["post-4013","post","type-post","status-publish","format-standard","has-post-thumbnail","hentry","category-psc"],"yoast_head":"<!-- This site is optimized with the Yoast SEO plugin v24.6 - https:\/\/yoast.com\/wordpress\/plugins\/seo\/ -->\n<title>Presentaci\u00f3n de la candidatura - Miguel Comino<\/title>\n<meta name=\"description\" content=\"Presentaci\u00f3n de la candidatura. El s\u00e1bado hicimos el acto de presentaci\u00f3n de la candidatura del PSC Sant Vicen\u00e7 dels Horts, Sant Vicen\u00e7 en Positiu y Verds SVH para las pr\u00f3ximas elecciones municipales del 28 de mayo.\" \/>\n<meta name=\"robots\" content=\"index, follow, max-snippet:-1, max-image-preview:large, max-video-preview:-1\" \/>\n<link rel=\"canonical\" href=\"https:\/\/miguelcomino.cat\/es\/presentacion-de-la-candidatura\/\" \/>\n<meta property=\"og:locale\" content=\"es_ES\" \/>\n<meta property=\"og:type\" content=\"article\" \/>\n<meta property=\"og:title\" content=\"Presentaci\u00f3n de la candidatura - Miguel Comino\" \/>\n<meta property=\"og:description\" content=\"Presentaci\u00f3n de la candidatura. El s\u00e1bado hicimos el acto de presentaci\u00f3n de la candidatura del PSC Sant Vicen\u00e7 dels Horts, Sant Vicen\u00e7 en Positiu y Verds SVH para las pr\u00f3ximas elecciones municipales del 28 de mayo.\" \/>\n<meta property=\"og:url\" content=\"https:\/\/miguelcomino.cat\/es\/presentacion-de-la-candidatura\/\" \/>\n<meta property=\"og:site_name\" content=\"Miguel Comino\" \/>\n<meta property=\"article:publisher\" content=\"https:\/\/www.facebook.com\/miguel.comino\/about\" \/>\n<meta property=\"article:author\" content=\"https:\/\/www.facebook.com\/miguel.comino\/about\" \/>\n<meta property=\"article:published_time\" content=\"2023-04-22T11:10:32+00:00\" \/>\n<meta property=\"article:modified_time\" content=\"2023-04-24T11:21:37+00:00\" \/>\n<meta property=\"og:image\" content=\"https:\/\/miguelcomino.cat\/wp-content\/uploads\/2023\/04\/09.jpg\" \/>\n\t<meta property=\"og:image:width\" content=\"1440\" \/>\n\t<meta property=\"og:image:height\" content=\"959\" \/>\n\t<meta property=\"og:image:type\" content=\"image\/jpeg\" \/>\n<meta name=\"author\" content=\"Miguel Comino\" \/>\n<meta name=\"twitter:card\" content=\"summary_large_image\" \/>\n<meta name=\"twitter:label1\" content=\"Escrito por\" \/>\n\t<meta name=\"twitter:data1\" content=\"Miguel Comino\" \/>\n\t<meta name=\"twitter:label2\" content=\"Tiempo de lectura\" \/>\n\t<meta name=\"twitter:data2\" content=\"3 minutos\" \/>\n<script type=\"application\/ld+json\" class=\"yoast-schema-graph\">{\"@context\":\"https:\/\/schema.org\",\"@graph\":[{\"@type\":\"Article\",\"@id\":\"https:\/\/miguelcomino.cat\/es\/presentacion-de-la-candidatura\/#article\",\"isPartOf\":{\"@id\":\"https:\/\/miguelcomino.cat\/es\/presentacion-de-la-candidatura\/\"},\"author\":{\"name\":\"Miguel Comino\",\"@id\":\"https:\/\/miguelcomino.cat\/es\/#\/schema\/person\/4ecf1a3fec86aedb7db8e31067c9ffaf\"},\"headline\":\"Presentaci\u00f3n de la candidatura\",\"datePublished\":\"2023-04-22T11:10:32+00:00\",\"dateModified\":\"2023-04-24T11:21:37+00:00\",\"mainEntityOfPage\":{\"@id\":\"https:\/\/miguelcomino.cat\/es\/presentacion-de-la-candidatura\/\"},\"wordCount\":70,\"commentCount\":0,\"publisher\":{\"@id\":\"https:\/\/miguelcomino.cat\/es\/#\/schema\/person\/4ecf1a3fec86aedb7db8e31067c9ffaf\"},\"image\":{\"@id\":\"https:\/\/miguelcomino.cat\/es\/presentacion-de-la-candidatura\/#primaryimage\"},\"thumbnailUrl\":\"https:\/\/miguelcomino.cat\/wp-content\/uploads\/2023\/04\/09.jpg\",\"articleSection\":[\"PSC\"],\"inLanguage\":\"es\",\"potentialAction\":[{\"@type\":\"CommentAction\",\"name\":\"Comment\",\"target\":[\"https:\/\/miguelcomino.cat\/es\/presentacion-de-la-candidatura\/#respond\"]}]},{\"@type\":\"WebPage\",\"@id\":\"https:\/\/miguelcomino.cat\/es\/presentacion-de-la-candidatura\/\",\"url\":\"https:\/\/miguelcomino.cat\/es\/presentacion-de-la-candidatura\/\",\"name\":\"Presentaci\u00f3n de la candidatura - Miguel Comino\",\"isPartOf\":{\"@id\":\"https:\/\/miguelcomino.cat\/es\/#website\"},\"primaryImageOfPage\":{\"@id\":\"https:\/\/miguelcomino.cat\/es\/presentacion-de-la-candidatura\/#primaryimage\"},\"image\":{\"@id\":\"https:\/\/miguelcomino.cat\/es\/presentacion-de-la-candidatura\/#primaryimage\"},\"thumbnailUrl\":\"https:\/\/miguelcomino.cat\/wp-content\/uploads\/2023\/04\/09.jpg\",\"datePublished\":\"2023-04-22T11:10:32+00:00\",\"dateModified\":\"2023-04-24T11:21:37+00:00\",\"description\":\"Presentaci\u00f3n de la candidatura. El s\u00e1bado hicimos el acto de presentaci\u00f3n de la candidatura del PSC Sant Vicen\u00e7 dels Horts, Sant Vicen\u00e7 en Positiu y Verds SVH para las pr\u00f3ximas elecciones municipales del 28 de mayo.\",\"breadcrumb\":{\"@id\":\"https:\/\/miguelcomino.cat\/es\/presentacion-de-la-candidatura\/#breadcrumb\"},\"inLanguage\":\"es\",\"potentialAction\":[{\"@type\":\"ReadAction\",\"target\":[\"https:\/\/miguelcomino.cat\/es\/presentacion-de-la-candidatura\/\"]}]},{\"@type\":\"ImageObject\",\"inLanguage\":\"es\",\"@id\":\"https:\/\/miguelcomino.cat\/es\/presentacion-de-la-candidatura\/#primaryimage\",\"url\":\"https:\/\/miguelcomino.cat\/wp-content\/uploads\/2023\/04\/09.jpg\",\"contentUrl\":\"https:\/\/miguelcomino.cat\/wp-content\/uploads\/2023\/04\/09.jpg\",\"width\":1440,\"height\":959,\"caption\":\"El s\u00e1bado hicimos el acto de presentaci\u00f3n de la candidatura del PSC Sant Vicen\u00e7 dels Horts, Sant Vicen\u00e7 en Positiu y Verds SVH para las pr\u00f3ximas elecciones municipales del 28 de mayo. Tenemos el mejor equipo para seguir transformando Sant Vicen\u00e7 dels Horts Muchas gracias Luisa Moret Sabido por tus palabras ya todo el que nos acompa\u00f1\u00f3 en un d\u00eda tan importante.\"},{\"@type\":\"BreadcrumbList\",\"@id\":\"https:\/\/miguelcomino.cat\/es\/presentacion-de-la-candidatura\/#breadcrumb\",\"itemListElement\":[{\"@type\":\"ListItem\",\"position\":1,\"name\":\"Portada\",\"item\":\"https:\/\/miguelcomino.cat\/es\/\"},{\"@type\":\"ListItem\",\"position\":2,\"name\":\"Presentaci\u00f3n de la candidatura\"}]},{\"@type\":\"WebSite\",\"@id\":\"https:\/\/miguelcomino.cat\/es\/#website\",\"url\":\"https:\/\/miguelcomino.cat\/es\/\",\"name\":\"Miguel Comino\",\"description\":\"Alcalde\",\"publisher\":{\"@id\":\"https:\/\/miguelcomino.cat\/es\/#\/schema\/person\/4ecf1a3fec86aedb7db8e31067c9ffaf\"},\"potentialAction\":[{\"@type\":\"SearchAction\",\"target\":{\"@type\":\"EntryPoint\",\"urlTemplate\":\"https:\/\/miguelcomino.cat\/es\/?s={search_term_string}\"},\"query-input\":{\"@type\":\"PropertyValueSpecification\",\"valueRequired\":true,\"valueName\":\"search_term_string\"}}],\"inLanguage\":\"es\"},{\"@type\":[\"Person\",\"Organization\"],\"@id\":\"https:\/\/miguelcomino.cat\/es\/#\/schema\/person\/4ecf1a3fec86aedb7db8e31067c9ffaf\",\"name\":\"Miguel Comino\",\"image\":{\"@type\":\"ImageObject\",\"inLanguage\":\"es\",\"@id\":\"https:\/\/miguelcomino.cat\/es\/#\/schema\/person\/image\/\",\"url\":\"https:\/\/miguelcomino.cat\/wp-content\/uploads\/2023\/05\/003.png\",\"contentUrl\":\"https:\/\/miguelcomino.cat\/wp-content\/uploads\/2023\/05\/003.png\",\"width\":922,\"height\":572,\"caption\":\"Miguel Comino\"},\"logo\":{\"@id\":\"https:\/\/miguelcomino.cat\/es\/#\/schema\/person\/image\/\"},\"sameAs\":[\"https:\/\/www.facebook.com\/miguel.comino\/about\",\"https:\/\/www.instagram.com\/miguelcomino\/\"],\"url\":\"https:\/\/miguelcomino.cat\/es\/author\/admin-2\/\"}]}<\/script>\n<!-- \/ Yoast SEO plugin. -->","yoast_head_json":{"title":"Presentaci\u00f3n de la candidatura - Miguel Comino","description":"Presentaci\u00f3n de la candidatura. El s\u00e1bado hicimos el acto de presentaci\u00f3n de la candidatura del PSC Sant Vicen\u00e7 dels Horts, Sant Vicen\u00e7 en Positiu y Verds SVH para las pr\u00f3ximas elecciones municipales del 28 de mayo.","robots":{"index":"index","follow":"follow","max-snippet":"max-snippet:-1","max-image-preview":"max-image-preview:large","max-video-preview":"max-video-preview:-1"},"canonical":"https:\/\/miguelcomino.cat\/es\/presentacion-de-la-candidatura\/","og_locale":"es_ES","og_type":"article","og_title":"Presentaci\u00f3n de la candidatura - Miguel Comino","og_description":"Presentaci\u00f3n de la candidatura. El s\u00e1bado hicimos el acto de presentaci\u00f3n de la candidatura del PSC Sant Vicen\u00e7 dels Horts, Sant Vicen\u00e7 en Positiu y Verds SVH para las pr\u00f3ximas elecciones municipales del 28 de mayo.","og_url":"https:\/\/miguelcomino.cat\/es\/presentacion-de-la-candidatura\/","og_site_name":"Miguel Comino","article_publisher":"https:\/\/www.facebook.com\/miguel.comino\/about","article_author":"https:\/\/www.facebook.com\/miguel.comino\/about","article_published_time":"2023-04-22T11:10:32+00:00","article_modified_time":"2023-04-24T11:21:37+00:00","og_image":[{"width":1440,"height":959,"url":"https:\/\/miguelcomino.cat\/wp-content\/uploads\/2023\/04\/09.jpg","type":"image\/jpeg"}],"author":"Miguel Comino","twitter_card":"summary_large_image","twitter_misc":{"Escrito por":"Miguel Comino","Tiempo de lectura":"3 minutos"},"schema":{"@context":"https:\/\/schema.org","@graph":[{"@type":"Article","@id":"https:\/\/miguelcomino.cat\/es\/presentacion-de-la-candidatura\/#article","isPartOf":{"@id":"https:\/\/miguelcomino.cat\/es\/presentacion-de-la-candidatura\/"},"author":{"name":"Miguel Comino","@id":"https:\/\/miguelcomino.cat\/es\/#\/schema\/person\/4ecf1a3fec86aedb7db8e31067c9ffaf"},"headline":"Presentaci\u00f3n de la candidatura","datePublished":"2023-04-22T11:10:32+00:00","dateModified":"2023-04-24T11:21:37+00:00","mainEntityOfPage":{"@id":"https:\/\/miguelcomino.cat\/es\/presentacion-de-la-candidatura\/"},"wordCount":70,"commentCount":0,"publisher":{"@id":"https:\/\/miguelcomino.cat\/es\/#\/schema\/person\/4ecf1a3fec86aedb7db8e31067c9ffaf"},"image":{"@id":"https:\/\/miguelcomino.cat\/es\/presentacion-de-la-candidatura\/#primaryimage"},"thumbnailUrl":"https:\/\/miguelcomino.cat\/wp-content\/uploads\/2023\/04\/09.jpg","articleSection":["PSC"],"inLanguage":"es","potentialAction":[{"@type":"CommentAction","name":"Comment","target":["https:\/\/miguelcomino.cat\/es\/presentacion-de-la-candidatura\/#respond"]}]},{"@type":"WebPage","@id":"https:\/\/miguelcomino.cat\/es\/presentacion-de-la-candidatura\/","url":"https:\/\/miguelcomino.cat\/es\/presentacion-de-la-candidatura\/","name":"Presentaci\u00f3n de la candidatura - Miguel Comino","isPartOf":{"@id":"https:\/\/miguelcomino.cat\/es\/#website"},"primaryImageOfPage":{"@id":"https:\/\/miguelcomino.cat\/es\/presentacion-de-la-candidatura\/#primaryimage"},"image":{"@id":"https:\/\/miguelcomino.cat\/es\/presentacion-de-la-candidatura\/#primaryimage"},"thumbnailUrl":"https:\/\/miguelcomino.cat\/wp-content\/uploads\/2023\/04\/09.jpg","datePublished":"2023-04-22T11:10:32+00:00","dateModified":"2023-04-24T11:21:37+00:00","description":"Presentaci\u00f3n de la candidatura. El s\u00e1bado hicimos el acto de presentaci\u00f3n de la candidatura del PSC Sant Vicen\u00e7 dels Horts, Sant Vicen\u00e7 en Positiu y Verds SVH para las pr\u00f3ximas elecciones municipales del 28 de mayo.","breadcrumb":{"@id":"https:\/\/miguelcomino.cat\/es\/presentacion-de-la-candidatura\/#breadcrumb"},"inLanguage":"es","potentialAction":[{"@type":"ReadAction","target":["https:\/\/miguelcomino.cat\/es\/presentacion-de-la-candidatura\/"]}]},{"@type":"ImageObject","inLanguage":"es","@id":"https:\/\/miguelcomino.cat\/es\/presentacion-de-la-candidatura\/#primaryimage","url":"https:\/\/miguelcomino.cat\/wp-content\/uploads\/2023\/04\/09.jpg","contentUrl":"https:\/\/miguelcomino.cat\/wp-content\/uploads\/2023\/04\/09.jpg","width":1440,"height":959,"caption":"El s\u00e1bado hicimos el acto de presentaci\u00f3n de la candidatura del PSC Sant Vicen\u00e7 dels Horts, Sant Vicen\u00e7 en Positiu y Verds SVH para las pr\u00f3ximas elecciones municipales del 28 de mayo. Tenemos el mejor equipo para seguir transformando Sant Vicen\u00e7 dels Horts Muchas gracias Luisa Moret Sabido por tus palabras ya todo el que nos acompa\u00f1\u00f3 en un d\u00eda tan importante."},{"@type":"BreadcrumbList","@id":"https:\/\/miguelcomino.cat\/es\/presentacion-de-la-candidatura\/#breadcrumb","itemListElement":[{"@type":"ListItem","position":1,"name":"Portada","item":"https:\/\/miguelcomino.cat\/es\/"},{"@type":"ListItem","position":2,"name":"Presentaci\u00f3n de la candidatura"}]},{"@type":"WebSite","@id":"https:\/\/miguelcomino.cat\/es\/#website","url":"https:\/\/miguelcomino.cat\/es\/","name":"Miguel Comino","description":"Alcalde","publisher":{"@id":"https:\/\/miguelcomino.cat\/es\/#\/schema\/person\/4ecf1a3fec86aedb7db8e31067c9ffaf"},"potentialAction":[{"@type":"SearchAction","target":{"@type":"EntryPoint","urlTemplate":"https:\/\/miguelcomino.cat\/es\/?s={search_term_string}"},"query-input":{"@type":"PropertyValueSpecification","valueRequired":true,"valueName":"search_term_string"}}],"inLanguage":"es"},{"@type":["Person","Organization"],"@id":"https:\/\/miguelcomino.cat\/es\/#\/schema\/person\/4ecf1a3fec86aedb7db8e31067c9ffaf","name":"Miguel Comino","image":{"@type":"ImageObject","inLanguage":"es","@id":"https:\/\/miguelcomino.cat\/es\/#\/schema\/person\/image\/","url":"https:\/\/miguelcomino.cat\/wp-content\/uploads\/2023\/05\/003.png","contentUrl":"https:\/\/miguelcomino.cat\/wp-content\/uploads\/2023\/05\/003.png","width":922,"height":572,"caption":"Miguel Comino"},"logo":{"@id":"https:\/\/miguelcomino.cat\/es\/#\/schema\/person\/image\/"},"sameAs":["https:\/\/www.facebook.com\/miguel.comino\/about","https:\/\/www.instagram.com\/miguelcomino\/"],"url":"https:\/\/miguelcomino.cat\/es\/author\/admin-2\/"}]}},"_links":{"self":[{"href":"https:\/\/miguelcomino.cat\/es\/wp-json\/wp\/v2\/posts\/4013","targetHints":{"allow":["GET"]}}],"collection":[{"href":"https:\/\/miguelcomino.cat\/es\/wp-json\/wp\/v2\/posts"}],"about":[{"href":"https:\/\/miguelcomino.cat\/es\/wp-json\/wp\/v2\/types\/post"}],"author":[{"embeddable":true,"href":"https:\/\/miguelcomino.cat\/es\/wp-json\/wp\/v2\/users\/2"}],"replies":[{"embeddable":true,"href":"https:\/\/miguelcomino.cat\/es\/wp-json\/wp\/v2\/comments?post=4013"}],"version-history":[{"count":2,"href":"https:\/\/miguelcomino.cat\/es\/wp-json\/wp\/v2\/posts\/4013\/revisions"}],"predecessor-version":[{"id":4016,"href":"https:\/\/miguelcomino.cat\/es\/wp-json\/wp\/v2\/posts\/4013\/revisions\/4016"}],"wp:featuredmedia":[{"embeddable":true,"href":"https:\/\/miguelcomino.cat\/es\/wp-json\/wp\/v2\/media\/4003"}],"wp:attachment":[{"href":"https:\/\/miguelcomino.cat\/es\/wp-json\/wp\/v2\/media?parent=4013"}],"wp:term":[{"taxonomy":"category","embeddable":true,"href":"https:\/\/miguelcomino.cat\/es\/wp-json\/wp\/v2\/categories?post=4013"},{"taxonomy":"post_tag","embeddable":true,"href":"https:\/\/miguelcomino.cat\/es\/wp-json\/wp\/v2\/tags?post=4013"}],"curies":[{"name":"wp","href":"https:\/\/api.w.org\/{rel}","templated":true}]}}