{"id":3969,"date":"2023-03-31T13:19:05","date_gmt":"2023-03-31T11:19:05","guid":{"rendered":"https:\/\/miguelcomino.cat\/ilusion-renovada\/"},"modified":"2023-04-12T14:04:18","modified_gmt":"2023-04-12T12:04:18","slug":"ilusion-renovada","status":"publish","type":"post","link":"https:\/\/miguelcomino.cat\/es\/ilusion-renovada\/","title":{"rendered":"Ilusi\u00f3n renovada"},"content":{"rendered":"\n<p><strong>Hemos cerrado el primer trimestre de 2023 con un balance muy satisfactorio<\/strong>. En primer lugar, porque ya <strong>hemos culminado todo el proyecto del Centro Cultural y C\u00edvico Virginia Amposta<\/strong> que nos permitir\u00e1 ir completando su pleno funcionamiento a lo largo del a\u00f1o. <strong>Este mes de abril ya se ha instalado el espacio joven &#8216;La Capella&#8217;,<\/strong> un espacio de Juventud del Ayuntamiento que se suma a las actividades que ya realizan diferentes entidades como pueden ser <strong> <em>carallots<\/em> o <strong><em>la olla de timbalers<\/em><\/strong>.<\/strong> El proyecto del CCC Virginia Amposta no ha sido f\u00e1cil, ha venido con varios problemas desde el inicio y ha provocado que se pudiera abrir antes el nuevo Centro C\u00edvico de la Guardia que el Virginia Amposta; aunque el de la Guardia empez\u00f3 a construirse mucho m\u00e1s tarde.<\/p>\n\n\n\n<p>Poner en marcha las cosas con buena gesti\u00f3n lo hace todo m\u00e1s f\u00e1cil. En todo caso, bueno es lo que bien acaba y Virginia Amposta acaba (o mejor dicho comienza) muy bien.<strong> De momento ya le hemos puesto nombre a la sala grande que, a petici\u00f3n de una entidad del municipio, lleva el nombre de nuestra ilustre bibliotecaria Maria Montserrat Lunes i Boloix.<\/strong><\/p>\n\n\n\n<p><strong>Tambi\u00e9n  hemos terminado el trimestre con dos magn\u00edficas noticias<\/strong> . En primer lugar, <strong>el inicio inminente de las obras de la rotonda de las ovejitas<\/strong> que se transformar\u00e1 en un espacio donde tambi\u00e9n tendr\u00e1n cabida las personas que quieran circular a pie o en bicicleta. Este proyecto convivir\u00e1 con la ampliaci\u00f3n del acceso a la A2 que facilitar\u00e1 el tr\u00e1fico en esa zona y sobre todo descongestionar\u00e1 la rotonda y los ramales. Se trata de una obra muy importante para Sant Vicen\u00e7 dels Horts, ya que facilitar\u00e1 una circulaci\u00f3n moderna y adaptada a la realidad actual.<\/p>\n\n\n\n<p>Y justo en la otra punta de la carretera de Sant Boi de nuestro municipio, en la <strong>zona de Can Bofarull, ya hemos empezado la  transformaci\u00f3n en futuras viviendas, con espacios de equipamientos y nuevas zonas verdes.<\/strong> Despu\u00e9s de a\u00f1os de negociaci\u00f3n hemos conseguido poner a todas las partes implicadas de acuerdo para sacar adelante lo que ser\u00e1 una nueva urbanizaci\u00f3n en la entrada de la ciudad. Se construir\u00e1n pisos de venta libre, pero tambi\u00e9n vivienda social protegida, pensando especialmente en las personas j\u00f3venes de Sant Vicen\u00e7 dels Horts. Ha sido una negociaci\u00f3n complicada y acabamos de empezar, pero esperamos que en los pr\u00f3ximos a\u00f1os d\u00e9 sus frutos.<\/p>\n\n\n\n<p><strong>Nosotros tenemos claro que debemos buscar todas las alternativas posibles para construir vivienda protegida.<\/strong> Por eso tambi\u00e9n queremos desarrollar ese peque\u00f1o espacio que hay justo al lado de La Vailet, frente al ambulatorio de Vila Vella. Lo que llamamos <strong><em>Clau 9<\/em>. All\u00ed tambi\u00e9n queremos hacer vivienda con m\u00e1s del 60% de pisos social, pero la oposici\u00f3n no quiere y, por el momento, nos han tumbado el proyecto<\/strong>. Nosotros nos comprometemos a que el pr\u00f3ximo mandato si seguimos ejerciendo la responsabilidad de gobierno desarrollaremos la Clave 9, de la misma manera que sacaremos adelante la transformaci\u00f3n de la Bofarull, sin olvidar las viviendas sociales de la calle Lucena y del camino de la fuente del Sant Josep.<\/p>\n\n\n\n<p class=\"has-text-align-left\"><strong>Sant Vicen\u00e7 dels Horts necesita vivienda social, necesita espacios de consolidaci\u00f3n de la trama urbana tanto como necesitamos defender nuestro ecosistema y nuestros espacios verdes.<\/strong><\/p>\n\n\n\n<p class=\"has-text-align-center\"><strong>Como he explicado de forma reiterada en algunos de estos art\u00edculos, los socialistas y las socialistas transformamos nuestra ciudad para hacerla m\u00e1s sostenible m\u00e1s amable m\u00e1s feminista m\u00e1s metropolitana y sobre todo m\u00e1s querida por la ciudadan\u00eda.<\/strong><\/p>\n\n\n\n<p>No puedo terminar este art\u00edculo sin dar las <strong>gracias a los compa\u00f1eros y compa\u00f1eras del Partido de los Socialistas de Catalu\u00f1a por darme la confianza y volver a elegirme candidato a la alcald\u00eda de Sant Vicen\u00e7 dels Horts.<\/strong> Tomo esta responsabilidad con honor e ilusi\u00f3n renovada, como cada d\u00eda cuando paseo por nuestra ciudad y veo con orgullo como poco a poco transformamos y mejoramos nuestras condiciones. La candidatura que presentamos es bastante continuista, pero con algunas novedades para reforzar nuestros objetivos, para continuar trabajando en el gobierno de Sant Vicen\u00e7 dels Horts y para hacer realidad todos los proyectos por los que la ciudadan\u00eda nos dio la confianza hace cuatro a\u00f1os.<\/p>\n\n\n\n<p>Gracias,<\/p>\n","protected":false},"excerpt":{"rendered":"<p>Hemos cerrado el primer trimestre de 2023 con un balance muy satisfactorio. En primer lugar, porque ya hemos culminado todo el proyecto del Centro Cultural y C\u00edvico Virginia Amposta y por el inicio inminente de las obras de la rotonda de las ovejitas<\/p>\n","protected":false},"author":2,"featured_media":3956,"comment_status":"closed","ping_status":"closed","sticky":false,"template":"","format":"standard","meta":{"footnotes":""},"categories":[18],"tags":[],"class_list":["post-3969","post","type-post","status-publish","format-standard","has-post-thumbnail","hentry","category-retos"],"yoast_head":"<!-- This site is optimized with the Yoast SEO plugin v24.6 - https:\/\/yoast.com\/wordpress\/plugins\/seo\/ -->\n<title>Ilusi\u00f3n renovada - Miguel Comino alcalde de Sant Vicen\u00e7 dels Horts<\/title>\n<meta name=\"description\" content=\"Ilusi\u00f3n renovada. Miguel Comino, alcalde de San Vicente dels Horts. Alcalde socialista. PSC SVH\" \/>\n<meta name=\"robots\" content=\"index, follow, max-snippet:-1, max-image-preview:large, max-video-preview:-1\" \/>\n<link rel=\"canonical\" href=\"https:\/\/miguelcomino.cat\/es\/ilusion-renovada\/\" \/>\n<meta property=\"og:locale\" content=\"es_ES\" \/>\n<meta property=\"og:type\" content=\"article\" \/>\n<meta property=\"og:title\" content=\"Ilusi\u00f3n renovada - Miguel Comino alcalde de Sant Vicen\u00e7 dels Horts\" \/>\n<meta property=\"og:description\" content=\"Ilusi\u00f3n renovada. Miguel Comino, alcalde de San Vicente dels Horts. Alcalde socialista. PSC SVH\" \/>\n<meta property=\"og:url\" content=\"https:\/\/miguelcomino.cat\/es\/ilusion-renovada\/\" \/>\n<meta property=\"og:site_name\" content=\"Miguel Comino\" \/>\n<meta property=\"article:publisher\" content=\"https:\/\/www.facebook.com\/miguel.comino\/about\" \/>\n<meta property=\"article:author\" content=\"https:\/\/www.facebook.com\/miguel.comino\/about\" \/>\n<meta property=\"article:published_time\" content=\"2023-03-31T11:19:05+00:00\" \/>\n<meta property=\"article:modified_time\" content=\"2023-04-12T12:04:18+00:00\" \/>\n<meta property=\"og:image\" content=\"https:\/\/miguelcomino.cat\/wp-content\/uploads\/2023\/04\/WhatsApp-Image-2023-04-12-at-13.31.39.jpeg\" \/>\n\t<meta property=\"og:image:width\" content=\"1600\" \/>\n\t<meta property=\"og:image:height\" content=\"1066\" \/>\n\t<meta property=\"og:image:type\" content=\"image\/jpeg\" \/>\n<meta name=\"author\" content=\"Miguel Comino\" \/>\n<meta name=\"twitter:card\" content=\"summary_large_image\" \/>\n<meta name=\"twitter:label1\" content=\"Escrito por\" \/>\n\t<meta name=\"twitter:data1\" content=\"Miguel Comino\" \/>\n\t<meta name=\"twitter:label2\" content=\"Tiempo de lectura\" \/>\n\t<meta name=\"twitter:data2\" content=\"4 minutos\" \/>\n<script type=\"application\/ld+json\" class=\"yoast-schema-graph\">{\"@context\":\"https:\/\/schema.org\",\"@graph\":[{\"@type\":\"Article\",\"@id\":\"https:\/\/miguelcomino.cat\/es\/ilusion-renovada\/#article\",\"isPartOf\":{\"@id\":\"https:\/\/miguelcomino.cat\/es\/ilusion-renovada\/\"},\"author\":{\"name\":\"Miguel Comino\",\"@id\":\"https:\/\/miguelcomino.cat\/es\/#\/schema\/person\/4ecf1a3fec86aedb7db8e31067c9ffaf\"},\"headline\":\"Ilusi\u00f3n renovada\",\"datePublished\":\"2023-03-31T11:19:05+00:00\",\"dateModified\":\"2023-04-12T12:04:18+00:00\",\"mainEntityOfPage\":{\"@id\":\"https:\/\/miguelcomino.cat\/es\/ilusion-renovada\/\"},\"wordCount\":736,\"publisher\":{\"@id\":\"https:\/\/miguelcomino.cat\/es\/#\/schema\/person\/4ecf1a3fec86aedb7db8e31067c9ffaf\"},\"image\":{\"@id\":\"https:\/\/miguelcomino.cat\/es\/ilusion-renovada\/#primaryimage\"},\"thumbnailUrl\":\"https:\/\/miguelcomino.cat\/wp-content\/uploads\/2023\/04\/WhatsApp-Image-2023-04-12-at-13.31.39.jpeg\",\"articleSection\":[\"Retos\"],\"inLanguage\":\"es\"},{\"@type\":\"WebPage\",\"@id\":\"https:\/\/miguelcomino.cat\/es\/ilusion-renovada\/\",\"url\":\"https:\/\/miguelcomino.cat\/es\/ilusion-renovada\/\",\"name\":\"Ilusi\u00f3n renovada - Miguel Comino alcalde de Sant Vicen\u00e7 dels Horts\",\"isPartOf\":{\"@id\":\"https:\/\/miguelcomino.cat\/es\/#website\"},\"primaryImageOfPage\":{\"@id\":\"https:\/\/miguelcomino.cat\/es\/ilusion-renovada\/#primaryimage\"},\"image\":{\"@id\":\"https:\/\/miguelcomino.cat\/es\/ilusion-renovada\/#primaryimage\"},\"thumbnailUrl\":\"https:\/\/miguelcomino.cat\/wp-content\/uploads\/2023\/04\/WhatsApp-Image-2023-04-12-at-13.31.39.jpeg\",\"datePublished\":\"2023-03-31T11:19:05+00:00\",\"dateModified\":\"2023-04-12T12:04:18+00:00\",\"description\":\"Ilusi\u00f3n renovada. Miguel Comino, alcalde de San Vicente dels Horts. Alcalde socialista. PSC SVH\",\"breadcrumb\":{\"@id\":\"https:\/\/miguelcomino.cat\/es\/ilusion-renovada\/#breadcrumb\"},\"inLanguage\":\"es\",\"potentialAction\":[{\"@type\":\"ReadAction\",\"target\":[\"https:\/\/miguelcomino.cat\/es\/ilusion-renovada\/\"]}]},{\"@type\":\"ImageObject\",\"inLanguage\":\"es\",\"@id\":\"https:\/\/miguelcomino.cat\/es\/ilusion-renovada\/#primaryimage\",\"url\":\"https:\/\/miguelcomino.cat\/wp-content\/uploads\/2023\/04\/WhatsApp-Image-2023-04-12-at-13.31.39.jpeg\",\"contentUrl\":\"https:\/\/miguelcomino.cat\/wp-content\/uploads\/2023\/04\/WhatsApp-Image-2023-04-12-at-13.31.39.jpeg\",\"width\":1600,\"height\":1066,\"caption\":\"Il\u00b7lusi\u00f3 renovada. Miguel Comino, alcalde socialista de Sant Vicen\u00e7 dels Horts\"},{\"@type\":\"BreadcrumbList\",\"@id\":\"https:\/\/miguelcomino.cat\/es\/ilusion-renovada\/#breadcrumb\",\"itemListElement\":[{\"@type\":\"ListItem\",\"position\":1,\"name\":\"Portada\",\"item\":\"https:\/\/miguelcomino.cat\/es\/\"},{\"@type\":\"ListItem\",\"position\":2,\"name\":\"Ilusi\u00f3n renovada\"}]},{\"@type\":\"WebSite\",\"@id\":\"https:\/\/miguelcomino.cat\/es\/#website\",\"url\":\"https:\/\/miguelcomino.cat\/es\/\",\"name\":\"Miguel Comino\",\"description\":\"Alcalde\",\"publisher\":{\"@id\":\"https:\/\/miguelcomino.cat\/es\/#\/schema\/person\/4ecf1a3fec86aedb7db8e31067c9ffaf\"},\"potentialAction\":[{\"@type\":\"SearchAction\",\"target\":{\"@type\":\"EntryPoint\",\"urlTemplate\":\"https:\/\/miguelcomino.cat\/es\/?s={search_term_string}\"},\"query-input\":{\"@type\":\"PropertyValueSpecification\",\"valueRequired\":true,\"valueName\":\"search_term_string\"}}],\"inLanguage\":\"es\"},{\"@type\":[\"Person\",\"Organization\"],\"@id\":\"https:\/\/miguelcomino.cat\/es\/#\/schema\/person\/4ecf1a3fec86aedb7db8e31067c9ffaf\",\"name\":\"Miguel Comino\",\"image\":{\"@type\":\"ImageObject\",\"inLanguage\":\"es\",\"@id\":\"https:\/\/miguelcomino.cat\/es\/#\/schema\/person\/image\/\",\"url\":\"https:\/\/miguelcomino.cat\/wp-content\/uploads\/2023\/05\/003.png\",\"contentUrl\":\"https:\/\/miguelcomino.cat\/wp-content\/uploads\/2023\/05\/003.png\",\"width\":922,\"height\":572,\"caption\":\"Miguel Comino\"},\"logo\":{\"@id\":\"https:\/\/miguelcomino.cat\/es\/#\/schema\/person\/image\/\"},\"sameAs\":[\"https:\/\/www.facebook.com\/miguel.comino\/about\",\"https:\/\/www.instagram.com\/miguelcomino\/\"],\"url\":\"https:\/\/miguelcomino.cat\/es\/author\/admin-2\/\"}]}<\/script>\n<!-- \/ Yoast SEO plugin. -->","yoast_head_json":{"title":"Ilusi\u00f3n renovada - Miguel Comino alcalde de Sant Vicen\u00e7 dels Horts","description":"Ilusi\u00f3n renovada. Miguel Comino, alcalde de San Vicente dels Horts. Alcalde socialista. PSC SVH","robots":{"index":"index","follow":"follow","max-snippet":"max-snippet:-1","max-image-preview":"max-image-preview:large","max-video-preview":"max-video-preview:-1"},"canonical":"https:\/\/miguelcomino.cat\/es\/ilusion-renovada\/","og_locale":"es_ES","og_type":"article","og_title":"Ilusi\u00f3n renovada - Miguel Comino alcalde de Sant Vicen\u00e7 dels Horts","og_description":"Ilusi\u00f3n renovada. Miguel Comino, alcalde de San Vicente dels Horts. Alcalde socialista. PSC SVH","og_url":"https:\/\/miguelcomino.cat\/es\/ilusion-renovada\/","og_site_name":"Miguel Comino","article_publisher":"https:\/\/www.facebook.com\/miguel.comino\/about","article_author":"https:\/\/www.facebook.com\/miguel.comino\/about","article_published_time":"2023-03-31T11:19:05+00:00","article_modified_time":"2023-04-12T12:04:18+00:00","og_image":[{"width":1600,"height":1066,"url":"https:\/\/miguelcomino.cat\/wp-content\/uploads\/2023\/04\/WhatsApp-Image-2023-04-12-at-13.31.39.jpeg","type":"image\/jpeg"}],"author":"Miguel Comino","twitter_card":"summary_large_image","twitter_misc":{"Escrito por":"Miguel Comino","Tiempo de lectura":"4 minutos"},"schema":{"@context":"https:\/\/schema.org","@graph":[{"@type":"Article","@id":"https:\/\/miguelcomino.cat\/es\/ilusion-renovada\/#article","isPartOf":{"@id":"https:\/\/miguelcomino.cat\/es\/ilusion-renovada\/"},"author":{"name":"Miguel Comino","@id":"https:\/\/miguelcomino.cat\/es\/#\/schema\/person\/4ecf1a3fec86aedb7db8e31067c9ffaf"},"headline":"Ilusi\u00f3n renovada","datePublished":"2023-03-31T11:19:05+00:00","dateModified":"2023-04-12T12:04:18+00:00","mainEntityOfPage":{"@id":"https:\/\/miguelcomino.cat\/es\/ilusion-renovada\/"},"wordCount":736,"publisher":{"@id":"https:\/\/miguelcomino.cat\/es\/#\/schema\/person\/4ecf1a3fec86aedb7db8e31067c9ffaf"},"image":{"@id":"https:\/\/miguelcomino.cat\/es\/ilusion-renovada\/#primaryimage"},"thumbnailUrl":"https:\/\/miguelcomino.cat\/wp-content\/uploads\/2023\/04\/WhatsApp-Image-2023-04-12-at-13.31.39.jpeg","articleSection":["Retos"],"inLanguage":"es"},{"@type":"WebPage","@id":"https:\/\/miguelcomino.cat\/es\/ilusion-renovada\/","url":"https:\/\/miguelcomino.cat\/es\/ilusion-renovada\/","name":"Ilusi\u00f3n renovada - Miguel Comino alcalde de Sant Vicen\u00e7 dels Horts","isPartOf":{"@id":"https:\/\/miguelcomino.cat\/es\/#website"},"primaryImageOfPage":{"@id":"https:\/\/miguelcomino.cat\/es\/ilusion-renovada\/#primaryimage"},"image":{"@id":"https:\/\/miguelcomino.cat\/es\/ilusion-renovada\/#primaryimage"},"thumbnailUrl":"https:\/\/miguelcomino.cat\/wp-content\/uploads\/2023\/04\/WhatsApp-Image-2023-04-12-at-13.31.39.jpeg","datePublished":"2023-03-31T11:19:05+00:00","dateModified":"2023-04-12T12:04:18+00:00","description":"Ilusi\u00f3n renovada. Miguel Comino, alcalde de San Vicente dels Horts. Alcalde socialista. PSC SVH","breadcrumb":{"@id":"https:\/\/miguelcomino.cat\/es\/ilusion-renovada\/#breadcrumb"},"inLanguage":"es","potentialAction":[{"@type":"ReadAction","target":["https:\/\/miguelcomino.cat\/es\/ilusion-renovada\/"]}]},{"@type":"ImageObject","inLanguage":"es","@id":"https:\/\/miguelcomino.cat\/es\/ilusion-renovada\/#primaryimage","url":"https:\/\/miguelcomino.cat\/wp-content\/uploads\/2023\/04\/WhatsApp-Image-2023-04-12-at-13.31.39.jpeg","contentUrl":"https:\/\/miguelcomino.cat\/wp-content\/uploads\/2023\/04\/WhatsApp-Image-2023-04-12-at-13.31.39.jpeg","width":1600,"height":1066,"caption":"Il\u00b7lusi\u00f3 renovada. Miguel Comino, alcalde socialista de Sant Vicen\u00e7 dels Horts"},{"@type":"BreadcrumbList","@id":"https:\/\/miguelcomino.cat\/es\/ilusion-renovada\/#breadcrumb","itemListElement":[{"@type":"ListItem","position":1,"name":"Portada","item":"https:\/\/miguelcomino.cat\/es\/"},{"@type":"ListItem","position":2,"name":"Ilusi\u00f3n renovada"}]},{"@type":"WebSite","@id":"https:\/\/miguelcomino.cat\/es\/#website","url":"https:\/\/miguelcomino.cat\/es\/","name":"Miguel Comino","description":"Alcalde","publisher":{"@id":"https:\/\/miguelcomino.cat\/es\/#\/schema\/person\/4ecf1a3fec86aedb7db8e31067c9ffaf"},"potentialAction":[{"@type":"SearchAction","target":{"@type":"EntryPoint","urlTemplate":"https:\/\/miguelcomino.cat\/es\/?s={search_term_string}"},"query-input":{"@type":"PropertyValueSpecification","valueRequired":true,"valueName":"search_term_string"}}],"inLanguage":"es"},{"@type":["Person","Organization"],"@id":"https:\/\/miguelcomino.cat\/es\/#\/schema\/person\/4ecf1a3fec86aedb7db8e31067c9ffaf","name":"Miguel Comino","image":{"@type":"ImageObject","inLanguage":"es","@id":"https:\/\/miguelcomino.cat\/es\/#\/schema\/person\/image\/","url":"https:\/\/miguelcomino.cat\/wp-content\/uploads\/2023\/05\/003.png","contentUrl":"https:\/\/miguelcomino.cat\/wp-content\/uploads\/2023\/05\/003.png","width":922,"height":572,"caption":"Miguel Comino"},"logo":{"@id":"https:\/\/miguelcomino.cat\/es\/#\/schema\/person\/image\/"},"sameAs":["https:\/\/www.facebook.com\/miguel.comino\/about","https:\/\/www.instagram.com\/miguelcomino\/"],"url":"https:\/\/miguelcomino.cat\/es\/author\/admin-2\/"}]}},"_links":{"self":[{"href":"https:\/\/miguelcomino.cat\/es\/wp-json\/wp\/v2\/posts\/3969","targetHints":{"allow":["GET"]}}],"collection":[{"href":"https:\/\/miguelcomino.cat\/es\/wp-json\/wp\/v2\/posts"}],"about":[{"href":"https:\/\/miguelcomino.cat\/es\/wp-json\/wp\/v2\/types\/post"}],"author":[{"embeddable":true,"href":"https:\/\/miguelcomino.cat\/es\/wp-json\/wp\/v2\/users\/2"}],"replies":[{"embeddable":true,"href":"https:\/\/miguelcomino.cat\/es\/wp-json\/wp\/v2\/comments?post=3969"}],"version-history":[{"count":4,"href":"https:\/\/miguelcomino.cat\/es\/wp-json\/wp\/v2\/posts\/3969\/revisions"}],"predecessor-version":[{"id":3974,"href":"https:\/\/miguelcomino.cat\/es\/wp-json\/wp\/v2\/posts\/3969\/revisions\/3974"}],"wp:featuredmedia":[{"embeddable":true,"href":"https:\/\/miguelcomino.cat\/es\/wp-json\/wp\/v2\/media\/3956"}],"wp:attachment":[{"href":"https:\/\/miguelcomino.cat\/es\/wp-json\/wp\/v2\/media?parent=3969"}],"wp:term":[{"taxonomy":"category","embeddable":true,"href":"https:\/\/miguelcomino.cat\/es\/wp-json\/wp\/v2\/categories?post=3969"},{"taxonomy":"post_tag","embeddable":true,"href":"https:\/\/miguelcomino.cat\/es\/wp-json\/wp\/v2\/tags?post=3969"}],"curies":[{"name":"wp","href":"https:\/\/api.w.org\/{rel}","templated":true}]}}