{"id":3888,"date":"2023-02-28T18:25:22","date_gmt":"2023-02-28T17:25:22","guid":{"rendered":"https:\/\/miguelcomino.cat\/?p=3888"},"modified":"2023-04-04T18:28:24","modified_gmt":"2023-04-04T16:28:24","slug":"apostamos-por-una-ciudad-mas-social","status":"publish","type":"post","link":"https:\/\/miguelcomino.cat\/es\/apostamos-por-una-ciudad-mas-social\/","title":{"rendered":"Apostamos por una ciudad m\u00e1s social"},"content":{"rendered":"\n<p>Debo empezar estas reflexiones agradeciendo a toda la ciudadan\u00eda que forma parte de la organizaci\u00f3n del carnaval la gran fiesta que nos hicieron disfrutar. <strong>Ha sido un carnaval como los de toda la vida y esto s\u00f3lo es posible para los meses de esfuerzo, dedicaci\u00f3n, constancia y altruismo de todas y cada una de las personas<\/strong> que han hecho posible recuperar, ya si, el 100% el carnaval de Sant Vicen\u00e7 dels Horts . Gracias pues por su esfuerzo.<\/p>\n\n\n\n<p>Me gustar\u00eda tambi\u00e9n poder explicaros a qu\u00e9 queremos destinar el dinero del nuevo presupuesto municipal del 2023 pero en estos momentos el Gobierno no ha podido contar con el apoyo de concejales y concejalas de la oposici\u00f3n para hacer efectivo el presupuesto. Como bien sab\u00e9is <strong>los socialistas y Sant Vicen\u00e7 en positivo no tenemos la mayor\u00eda suficiente para poder llevar a cabo unos presupuestos progresistas, feministas, solidarios y sostenibles<\/strong>. Necesitamos m\u00e1s votos y la oposici\u00f3n a estas alturas todav\u00eda no nos ha querido dar ese apoyo. Estamos trabajando y estamos dispuestos a negociar concesiones necesarias pero manteniendo las l\u00edneas rojas de los socialistas y las socialistas y sin enga\u00f1ar a la poblaci\u00f3n. <strong>De momento, seguimos trabajando con un presupuesto prorrogado por el bien de la ciudadan\u00eda.<\/strong><\/p>\n\n\n\n<p><strong>Apostamos por una ciudad social<\/strong>, estamos terminando las obras de la ciudad, que como bien sab\u00e9is se han retrasado por causas ajenas a nuestra voluntad es decir o bien nos han fallado las empresas por qu\u00e9 han presentado suspensi\u00f3n de pagos o bien los suministros han llegado m\u00e1s tarde de lo previsto debido a la guerra de Ucrania.<\/p>\n\n\n\n<p><strong>Tambi\u00e9n estamos haciendo una gran apuesta por la sostenibilidad y por cumplir los Objetivos de Desarrollo Sostenible que la ONU ha marcado en el mundo. <\/strong>Si miras  la Web del Ayuntamiento ver\u00e1s que ya tenemos los indicadores de Plan de acci\u00f3n Municipal (PAM) y pese a la pandemia que lo desestabiliz\u00f3 todo, hemos ido cumpliendo nuestros objetivos.<\/p>\n\n\n\n<p><strong>Quisiera destacar que este mes de febrero ha sido especialmente dif\u00edcil para los vecinos y vecinas del barrio Sant Josep ya que ha habido graves problemas con el suministro el\u00e9ctrico.<\/strong> Por eso el Ayuntamiento ha hecho mucha presi\u00f3n a la empresa suministradora ENDESA para que mejorara las instalaciones y lo hemos conseguido.<br>Esperamos que ENDESA mantenga sus compromisos y siga incrementando las inversiones en nuestra ciudad.<br>Desde el gobierno de Sant Vicen\u00e7 dels Horts estaremos atentos para que as\u00ed sea.<\/p>\n","protected":false},"excerpt":{"rendered":"<p>Debo empezar estas reflexiones agradeciendo a toda la ciudadan\u00eda que forma parte de la organizaci\u00f3n del carnaval la gran fiesta que nos hicieron disfrutar. Ha sido un carnaval como los de toda la vida y esto s\u00f3lo es posible para los meses de esfuerzo, dedicaci\u00f3n, constancia y altruismo de todas y cada una de las [&hellip;]<\/p>\n","protected":false},"author":1,"featured_media":3405,"comment_status":"closed","ping_status":"closed","sticky":false,"template":"","format":"standard","meta":{"footnotes":""},"categories":[20],"tags":[],"class_list":["post-3888","post","type-post","status-publish","format-standard","has-post-thumbnail","hentry","category-actividad-municipal"],"yoast_head":"<!-- This site is optimized with the Yoast SEO plugin v24.6 - https:\/\/yoast.com\/wordpress\/plugins\/seo\/ -->\n<title>Apostamos por una ciudad m\u00e1s social - Miguel Comino<\/title>\n<meta name=\"description\" content=\"Apostamos por una ciudad m\u00e1s social. Miguel Comino, alcalde socialista de Sant Vicen\u00e7 dels Horts.\" \/>\n<meta name=\"robots\" content=\"index, follow, max-snippet:-1, max-image-preview:large, max-video-preview:-1\" \/>\n<link rel=\"canonical\" href=\"https:\/\/miguelcomino.cat\/es\/apostamos-por-una-ciudad-mas-social\/\" \/>\n<meta property=\"og:locale\" content=\"es_ES\" \/>\n<meta property=\"og:type\" content=\"article\" \/>\n<meta property=\"og:title\" content=\"Apostamos por una ciudad m\u00e1s social - Miguel Comino\" \/>\n<meta property=\"og:description\" content=\"Apostamos por una ciudad m\u00e1s social. Miguel Comino, alcalde socialista de Sant Vicen\u00e7 dels Horts.\" \/>\n<meta property=\"og:url\" content=\"https:\/\/miguelcomino.cat\/es\/apostamos-por-una-ciudad-mas-social\/\" \/>\n<meta property=\"og:site_name\" content=\"Miguel Comino\" \/>\n<meta property=\"article:publisher\" content=\"https:\/\/www.facebook.com\/miguel.comino\/about\" \/>\n<meta property=\"article:published_time\" content=\"2023-02-28T17:25:22+00:00\" \/>\n<meta property=\"article:modified_time\" content=\"2023-04-04T16:28:24+00:00\" \/>\n<meta property=\"og:image\" content=\"https:\/\/miguelcomino.cat\/wp-content\/uploads\/2023\/02\/WhatsApp-Image-2023-02-19-at-20.03.37-14.jpeg\" \/>\n\t<meta property=\"og:image:width\" content=\"1600\" \/>\n\t<meta property=\"og:image:height\" content=\"1066\" \/>\n\t<meta property=\"og:image:type\" content=\"image\/jpeg\" \/>\n<meta name=\"author\" content=\"admin\" \/>\n<meta name=\"twitter:card\" content=\"summary_large_image\" \/>\n<meta name=\"twitter:label1\" content=\"Escrito por\" \/>\n\t<meta name=\"twitter:data1\" content=\"admin\" \/>\n\t<meta name=\"twitter:label2\" content=\"Tiempo de lectura\" \/>\n\t<meta name=\"twitter:data2\" content=\"2 minutos\" \/>\n<script type=\"application\/ld+json\" class=\"yoast-schema-graph\">{\"@context\":\"https:\/\/schema.org\",\"@graph\":[{\"@type\":\"Article\",\"@id\":\"https:\/\/miguelcomino.cat\/es\/apostamos-por-una-ciudad-mas-social\/#article\",\"isPartOf\":{\"@id\":\"https:\/\/miguelcomino.cat\/es\/apostamos-por-una-ciudad-mas-social\/\"},\"author\":{\"name\":\"admin\",\"@id\":\"https:\/\/miguelcomino.cat\/es\/#\/schema\/person\/23ff6d233d1d55c2132d947d3de99fec\"},\"headline\":\"Apostamos por una ciudad m\u00e1s social\",\"datePublished\":\"2023-02-28T17:25:22+00:00\",\"dateModified\":\"2023-04-04T16:28:24+00:00\",\"mainEntityOfPage\":{\"@id\":\"https:\/\/miguelcomino.cat\/es\/apostamos-por-una-ciudad-mas-social\/\"},\"wordCount\":428,\"publisher\":{\"@id\":\"https:\/\/miguelcomino.cat\/es\/#\/schema\/person\/4ecf1a3fec86aedb7db8e31067c9ffaf\"},\"image\":{\"@id\":\"https:\/\/miguelcomino.cat\/es\/apostamos-por-una-ciudad-mas-social\/#primaryimage\"},\"thumbnailUrl\":\"https:\/\/miguelcomino.cat\/wp-content\/uploads\/2023\/02\/WhatsApp-Image-2023-02-19-at-20.03.37-14.jpeg\",\"articleSection\":[\"Actividad municipal\"],\"inLanguage\":\"es\"},{\"@type\":\"WebPage\",\"@id\":\"https:\/\/miguelcomino.cat\/es\/apostamos-por-una-ciudad-mas-social\/\",\"url\":\"https:\/\/miguelcomino.cat\/es\/apostamos-por-una-ciudad-mas-social\/\",\"name\":\"Apostamos por una ciudad m\u00e1s social - Miguel Comino\",\"isPartOf\":{\"@id\":\"https:\/\/miguelcomino.cat\/es\/#website\"},\"primaryImageOfPage\":{\"@id\":\"https:\/\/miguelcomino.cat\/es\/apostamos-por-una-ciudad-mas-social\/#primaryimage\"},\"image\":{\"@id\":\"https:\/\/miguelcomino.cat\/es\/apostamos-por-una-ciudad-mas-social\/#primaryimage\"},\"thumbnailUrl\":\"https:\/\/miguelcomino.cat\/wp-content\/uploads\/2023\/02\/WhatsApp-Image-2023-02-19-at-20.03.37-14.jpeg\",\"datePublished\":\"2023-02-28T17:25:22+00:00\",\"dateModified\":\"2023-04-04T16:28:24+00:00\",\"description\":\"Apostamos por una ciudad m\u00e1s social. Miguel Comino, alcalde socialista de Sant Vicen\u00e7 dels Horts.\",\"breadcrumb\":{\"@id\":\"https:\/\/miguelcomino.cat\/es\/apostamos-por-una-ciudad-mas-social\/#breadcrumb\"},\"inLanguage\":\"es\",\"potentialAction\":[{\"@type\":\"ReadAction\",\"target\":[\"https:\/\/miguelcomino.cat\/es\/apostamos-por-una-ciudad-mas-social\/\"]}]},{\"@type\":\"ImageObject\",\"inLanguage\":\"es\",\"@id\":\"https:\/\/miguelcomino.cat\/es\/apostamos-por-una-ciudad-mas-social\/#primaryimage\",\"url\":\"https:\/\/miguelcomino.cat\/wp-content\/uploads\/2023\/02\/WhatsApp-Image-2023-02-19-at-20.03.37-14.jpeg\",\"contentUrl\":\"https:\/\/miguelcomino.cat\/wp-content\/uploads\/2023\/02\/WhatsApp-Image-2023-02-19-at-20.03.37-14.jpeg\",\"width\":1600,\"height\":1066},{\"@type\":\"BreadcrumbList\",\"@id\":\"https:\/\/miguelcomino.cat\/es\/apostamos-por-una-ciudad-mas-social\/#breadcrumb\",\"itemListElement\":[{\"@type\":\"ListItem\",\"position\":1,\"name\":\"Portada\",\"item\":\"https:\/\/miguelcomino.cat\/es\/\"},{\"@type\":\"ListItem\",\"position\":2,\"name\":\"Apostamos por una ciudad m\u00e1s social\"}]},{\"@type\":\"WebSite\",\"@id\":\"https:\/\/miguelcomino.cat\/es\/#website\",\"url\":\"https:\/\/miguelcomino.cat\/es\/\",\"name\":\"Miguel Comino\",\"description\":\"Alcalde\",\"publisher\":{\"@id\":\"https:\/\/miguelcomino.cat\/es\/#\/schema\/person\/4ecf1a3fec86aedb7db8e31067c9ffaf\"},\"potentialAction\":[{\"@type\":\"SearchAction\",\"target\":{\"@type\":\"EntryPoint\",\"urlTemplate\":\"https:\/\/miguelcomino.cat\/es\/?s={search_term_string}\"},\"query-input\":{\"@type\":\"PropertyValueSpecification\",\"valueRequired\":true,\"valueName\":\"search_term_string\"}}],\"inLanguage\":\"es\"},{\"@type\":[\"Person\",\"Organization\"],\"@id\":\"https:\/\/miguelcomino.cat\/es\/#\/schema\/person\/4ecf1a3fec86aedb7db8e31067c9ffaf\",\"name\":\"Miguel Comino\",\"image\":{\"@type\":\"ImageObject\",\"inLanguage\":\"es\",\"@id\":\"https:\/\/miguelcomino.cat\/es\/#\/schema\/person\/image\/\",\"url\":\"https:\/\/miguelcomino.cat\/wp-content\/uploads\/2023\/05\/003.png\",\"contentUrl\":\"https:\/\/miguelcomino.cat\/wp-content\/uploads\/2023\/05\/003.png\",\"width\":922,\"height\":572,\"caption\":\"Miguel Comino\"},\"logo\":{\"@id\":\"https:\/\/miguelcomino.cat\/es\/#\/schema\/person\/image\/\"},\"sameAs\":[\"https:\/\/www.facebook.com\/miguel.comino\/about\",\"https:\/\/www.instagram.com\/miguelcomino\/\"]},{\"@type\":\"Person\",\"@id\":\"https:\/\/miguelcomino.cat\/es\/#\/schema\/person\/23ff6d233d1d55c2132d947d3de99fec\",\"name\":\"admin\",\"image\":{\"@type\":\"ImageObject\",\"inLanguage\":\"es\",\"@id\":\"https:\/\/miguelcomino.cat\/es\/#\/schema\/person\/image\/\",\"url\":\"https:\/\/secure.gravatar.com\/avatar\/4914961f134ae4ee6b12672f38df6f4a799c225f3193fce38b356c9f25743631?s=96&d=mm&r=g\",\"contentUrl\":\"https:\/\/secure.gravatar.com\/avatar\/4914961f134ae4ee6b12672f38df6f4a799c225f3193fce38b356c9f25743631?s=96&d=mm&r=g\",\"caption\":\"admin\"},\"sameAs\":[\"https:\/\/miguelcomino.cat\"],\"url\":\"https:\/\/miguelcomino.cat\/es\/author\/admin\/\"}]}<\/script>\n<!-- \/ Yoast SEO plugin. -->","yoast_head_json":{"title":"Apostamos por una ciudad m\u00e1s social - Miguel Comino","description":"Apostamos por una ciudad m\u00e1s social. Miguel Comino, alcalde socialista de Sant Vicen\u00e7 dels Horts.","robots":{"index":"index","follow":"follow","max-snippet":"max-snippet:-1","max-image-preview":"max-image-preview:large","max-video-preview":"max-video-preview:-1"},"canonical":"https:\/\/miguelcomino.cat\/es\/apostamos-por-una-ciudad-mas-social\/","og_locale":"es_ES","og_type":"article","og_title":"Apostamos por una ciudad m\u00e1s social - Miguel Comino","og_description":"Apostamos por una ciudad m\u00e1s social. Miguel Comino, alcalde socialista de Sant Vicen\u00e7 dels Horts.","og_url":"https:\/\/miguelcomino.cat\/es\/apostamos-por-una-ciudad-mas-social\/","og_site_name":"Miguel Comino","article_publisher":"https:\/\/www.facebook.com\/miguel.comino\/about","article_published_time":"2023-02-28T17:25:22+00:00","article_modified_time":"2023-04-04T16:28:24+00:00","og_image":[{"width":1600,"height":1066,"url":"https:\/\/miguelcomino.cat\/wp-content\/uploads\/2023\/02\/WhatsApp-Image-2023-02-19-at-20.03.37-14.jpeg","type":"image\/jpeg"}],"author":"admin","twitter_card":"summary_large_image","twitter_misc":{"Escrito por":"admin","Tiempo de lectura":"2 minutos"},"schema":{"@context":"https:\/\/schema.org","@graph":[{"@type":"Article","@id":"https:\/\/miguelcomino.cat\/es\/apostamos-por-una-ciudad-mas-social\/#article","isPartOf":{"@id":"https:\/\/miguelcomino.cat\/es\/apostamos-por-una-ciudad-mas-social\/"},"author":{"name":"admin","@id":"https:\/\/miguelcomino.cat\/es\/#\/schema\/person\/23ff6d233d1d55c2132d947d3de99fec"},"headline":"Apostamos por una ciudad m\u00e1s social","datePublished":"2023-02-28T17:25:22+00:00","dateModified":"2023-04-04T16:28:24+00:00","mainEntityOfPage":{"@id":"https:\/\/miguelcomino.cat\/es\/apostamos-por-una-ciudad-mas-social\/"},"wordCount":428,"publisher":{"@id":"https:\/\/miguelcomino.cat\/es\/#\/schema\/person\/4ecf1a3fec86aedb7db8e31067c9ffaf"},"image":{"@id":"https:\/\/miguelcomino.cat\/es\/apostamos-por-una-ciudad-mas-social\/#primaryimage"},"thumbnailUrl":"https:\/\/miguelcomino.cat\/wp-content\/uploads\/2023\/02\/WhatsApp-Image-2023-02-19-at-20.03.37-14.jpeg","articleSection":["Actividad municipal"],"inLanguage":"es"},{"@type":"WebPage","@id":"https:\/\/miguelcomino.cat\/es\/apostamos-por-una-ciudad-mas-social\/","url":"https:\/\/miguelcomino.cat\/es\/apostamos-por-una-ciudad-mas-social\/","name":"Apostamos por una ciudad m\u00e1s social - Miguel Comino","isPartOf":{"@id":"https:\/\/miguelcomino.cat\/es\/#website"},"primaryImageOfPage":{"@id":"https:\/\/miguelcomino.cat\/es\/apostamos-por-una-ciudad-mas-social\/#primaryimage"},"image":{"@id":"https:\/\/miguelcomino.cat\/es\/apostamos-por-una-ciudad-mas-social\/#primaryimage"},"thumbnailUrl":"https:\/\/miguelcomino.cat\/wp-content\/uploads\/2023\/02\/WhatsApp-Image-2023-02-19-at-20.03.37-14.jpeg","datePublished":"2023-02-28T17:25:22+00:00","dateModified":"2023-04-04T16:28:24+00:00","description":"Apostamos por una ciudad m\u00e1s social. Miguel Comino, alcalde socialista de Sant Vicen\u00e7 dels Horts.","breadcrumb":{"@id":"https:\/\/miguelcomino.cat\/es\/apostamos-por-una-ciudad-mas-social\/#breadcrumb"},"inLanguage":"es","potentialAction":[{"@type":"ReadAction","target":["https:\/\/miguelcomino.cat\/es\/apostamos-por-una-ciudad-mas-social\/"]}]},{"@type":"ImageObject","inLanguage":"es","@id":"https:\/\/miguelcomino.cat\/es\/apostamos-por-una-ciudad-mas-social\/#primaryimage","url":"https:\/\/miguelcomino.cat\/wp-content\/uploads\/2023\/02\/WhatsApp-Image-2023-02-19-at-20.03.37-14.jpeg","contentUrl":"https:\/\/miguelcomino.cat\/wp-content\/uploads\/2023\/02\/WhatsApp-Image-2023-02-19-at-20.03.37-14.jpeg","width":1600,"height":1066},{"@type":"BreadcrumbList","@id":"https:\/\/miguelcomino.cat\/es\/apostamos-por-una-ciudad-mas-social\/#breadcrumb","itemListElement":[{"@type":"ListItem","position":1,"name":"Portada","item":"https:\/\/miguelcomino.cat\/es\/"},{"@type":"ListItem","position":2,"name":"Apostamos por una ciudad m\u00e1s social"}]},{"@type":"WebSite","@id":"https:\/\/miguelcomino.cat\/es\/#website","url":"https:\/\/miguelcomino.cat\/es\/","name":"Miguel Comino","description":"Alcalde","publisher":{"@id":"https:\/\/miguelcomino.cat\/es\/#\/schema\/person\/4ecf1a3fec86aedb7db8e31067c9ffaf"},"potentialAction":[{"@type":"SearchAction","target":{"@type":"EntryPoint","urlTemplate":"https:\/\/miguelcomino.cat\/es\/?s={search_term_string}"},"query-input":{"@type":"PropertyValueSpecification","valueRequired":true,"valueName":"search_term_string"}}],"inLanguage":"es"},{"@type":["Person","Organization"],"@id":"https:\/\/miguelcomino.cat\/es\/#\/schema\/person\/4ecf1a3fec86aedb7db8e31067c9ffaf","name":"Miguel Comino","image":{"@type":"ImageObject","inLanguage":"es","@id":"https:\/\/miguelcomino.cat\/es\/#\/schema\/person\/image\/","url":"https:\/\/miguelcomino.cat\/wp-content\/uploads\/2023\/05\/003.png","contentUrl":"https:\/\/miguelcomino.cat\/wp-content\/uploads\/2023\/05\/003.png","width":922,"height":572,"caption":"Miguel Comino"},"logo":{"@id":"https:\/\/miguelcomino.cat\/es\/#\/schema\/person\/image\/"},"sameAs":["https:\/\/www.facebook.com\/miguel.comino\/about","https:\/\/www.instagram.com\/miguelcomino\/"]},{"@type":"Person","@id":"https:\/\/miguelcomino.cat\/es\/#\/schema\/person\/23ff6d233d1d55c2132d947d3de99fec","name":"admin","image":{"@type":"ImageObject","inLanguage":"es","@id":"https:\/\/miguelcomino.cat\/es\/#\/schema\/person\/image\/","url":"https:\/\/secure.gravatar.com\/avatar\/4914961f134ae4ee6b12672f38df6f4a799c225f3193fce38b356c9f25743631?s=96&d=mm&r=g","contentUrl":"https:\/\/secure.gravatar.com\/avatar\/4914961f134ae4ee6b12672f38df6f4a799c225f3193fce38b356c9f25743631?s=96&d=mm&r=g","caption":"admin"},"sameAs":["https:\/\/miguelcomino.cat"],"url":"https:\/\/miguelcomino.cat\/es\/author\/admin\/"}]}},"_links":{"self":[{"href":"https:\/\/miguelcomino.cat\/es\/wp-json\/wp\/v2\/posts\/3888","targetHints":{"allow":["GET"]}}],"collection":[{"href":"https:\/\/miguelcomino.cat\/es\/wp-json\/wp\/v2\/posts"}],"about":[{"href":"https:\/\/miguelcomino.cat\/es\/wp-json\/wp\/v2\/types\/post"}],"author":[{"embeddable":true,"href":"https:\/\/miguelcomino.cat\/es\/wp-json\/wp\/v2\/users\/1"}],"replies":[{"embeddable":true,"href":"https:\/\/miguelcomino.cat\/es\/wp-json\/wp\/v2\/comments?post=3888"}],"version-history":[{"count":1,"href":"https:\/\/miguelcomino.cat\/es\/wp-json\/wp\/v2\/posts\/3888\/revisions"}],"predecessor-version":[{"id":3889,"href":"https:\/\/miguelcomino.cat\/es\/wp-json\/wp\/v2\/posts\/3888\/revisions\/3889"}],"wp:featuredmedia":[{"embeddable":true,"href":"https:\/\/miguelcomino.cat\/es\/wp-json\/wp\/v2\/media\/3405"}],"wp:attachment":[{"href":"https:\/\/miguelcomino.cat\/es\/wp-json\/wp\/v2\/media?parent=3888"}],"wp:term":[{"taxonomy":"category","embeddable":true,"href":"https:\/\/miguelcomino.cat\/es\/wp-json\/wp\/v2\/categories?post=3888"},{"taxonomy":"post_tag","embeddable":true,"href":"https:\/\/miguelcomino.cat\/es\/wp-json\/wp\/v2\/tags?post=3888"}],"curies":[{"name":"wp","href":"https:\/\/api.w.org\/{rel}","templated":true}]}}