{"id":3168,"date":"2022-05-05T18:09:11","date_gmt":"2022-05-05T16:09:11","guid":{"rendered":"https:\/\/miguelcomino.cat\/?p=3168"},"modified":"2023-02-12T18:16:41","modified_gmt":"2023-02-12T17:16:41","slug":"mejoras-en-seguridad-ciudadana","status":"publish","type":"post","link":"https:\/\/miguelcomino.cat\/es\/mejoras-en-seguridad-ciudadana\/","title":{"rendered":"Mejoras en Seguridad Ciudadana"},"content":{"rendered":"\n<p><strong>Desde la llegada del PSC al gobierno municipal de Sant Vicen\u00e7 dels Horts hemos trabajado de manera incansable para mejorar la seguridad ciudadana del municipio<\/strong>. <\/p>\n\n\n\n<p>Para ello hemos hecho dos cosas importantes: garantizar la plantilla  pr\u00e1cticamente al 100% de su empleo y mantener reuniones con todos los cuerpos y fuerzas de seguridad que operan en nuestro pa\u00eds. <strong>Por eso nos satisface mantener los delitos por debajo de los que ten\u00edamos en 2019<\/strong>,<strong> justo antes de la pandemia<\/strong>. Sabemos que con las crisis esta situaci\u00f3n puede cambiar. Cierto, pero mantendremos la hoja de ruta del control de los delitos para garantizarnos entre todos poder ir al fondo del problema siempre que sea necesario.<\/p>\n\n\n\n<p>Este mes y fruto del acuerdo con el grupo de los Comunes, <strong>hemos acordado integrarnos en la empresa p\u00fablica TERSA<\/strong>. <strong>Esta compa\u00f1\u00eda debe significar un gran paso adelante por el ahorro energ\u00e9tico en la ciudad<\/strong>. A la democratizaci\u00f3n energ\u00e9tica le sumamos la democratizaci\u00f3n telem\u00e1tica. Con el apoyo de la Uni\u00f3n Europea, hemos puesto antenas en diferentes espacios de la ciudad: La plaza de la Vila, la Biblioteca les Voltes, los jardines de Can Comamala, la rambla de Can Ros, la fundici\u00f3n, el polideportivo Sant Josep, l edificio del Mol\u00ed dels Frares, los campos de f\u00fatbol de la Barruana y la Guardia, el centro civil Virginia Amposta, el Casal Del Tur\u00f3 y el centro c\u00edvico de la Guardia.<\/p>\n","protected":false},"excerpt":{"rendered":"<p>Desde la llegada del PSC al gobierno municipal de Sant Vicen\u00e7 dels Horts hemos trabajado de manera incansable para mejorar la seguridad ciudadana del municipio. <\/p>\n","protected":false},"author":2,"featured_media":3169,"comment_status":"open","ping_status":"closed","sticky":false,"template":"","format":"standard","meta":{"footnotes":""},"categories":[42,40],"tags":[43],"class_list":["post-3168","post","type-post","status-publish","format-standard","has-post-thumbnail","hentry","category-medio-ambiente","category-seguridad","tag-tersa"],"yoast_head":"<!-- This site is optimized with the Yoast SEO plugin v24.6 - https:\/\/yoast.com\/wordpress\/plugins\/seo\/ -->\n<title>Mejoras en Seguridad Ciudadana - Miguel Comino alcalde Sant Vicen\u00e7<\/title>\n<meta name=\"description\" content=\"Mejoras en Seguridad Ciudadana\" \/>\n<meta name=\"robots\" content=\"index, follow, max-snippet:-1, max-image-preview:large, max-video-preview:-1\" \/>\n<link rel=\"canonical\" href=\"https:\/\/miguelcomino.cat\/es\/mejoras-en-seguridad-ciudadana\/\" \/>\n<meta property=\"og:locale\" content=\"es_ES\" \/>\n<meta property=\"og:type\" content=\"article\" \/>\n<meta property=\"og:title\" content=\"Mejoras en Seguridad Ciudadana - Miguel Comino alcalde Sant Vicen\u00e7\" \/>\n<meta property=\"og:description\" content=\"Mejoras en Seguridad Ciudadana\" \/>\n<meta property=\"og:url\" content=\"https:\/\/miguelcomino.cat\/es\/mejoras-en-seguridad-ciudadana\/\" \/>\n<meta property=\"og:site_name\" content=\"Miguel Comino\" \/>\n<meta property=\"article:publisher\" content=\"https:\/\/www.facebook.com\/miguel.comino\/about\" \/>\n<meta property=\"article:author\" content=\"https:\/\/www.facebook.com\/miguel.comino\/about\" \/>\n<meta property=\"article:published_time\" content=\"2022-05-05T16:09:11+00:00\" \/>\n<meta property=\"article:modified_time\" content=\"2023-02-12T17:16:41+00:00\" \/>\n<meta property=\"og:image\" content=\"https:\/\/miguelcomino.cat\/wp-content\/uploads\/2023\/02\/315969471_10230662845813972_4453323172100640881_n-1024x683-1.jpg\" \/>\n\t<meta property=\"og:image:width\" content=\"1024\" \/>\n\t<meta property=\"og:image:height\" content=\"683\" \/>\n\t<meta property=\"og:image:type\" content=\"image\/jpeg\" \/>\n<meta name=\"author\" content=\"Miguel Comino\" \/>\n<meta name=\"twitter:card\" content=\"summary_large_image\" \/>\n<meta name=\"twitter:label1\" content=\"Escrito por\" \/>\n\t<meta name=\"twitter:data1\" content=\"Miguel Comino\" \/>\n\t<meta name=\"twitter:label2\" content=\"Tiempo de lectura\" \/>\n\t<meta name=\"twitter:data2\" content=\"2 minutos\" \/>\n<script type=\"application\/ld+json\" class=\"yoast-schema-graph\">{\"@context\":\"https:\/\/schema.org\",\"@graph\":[{\"@type\":\"Article\",\"@id\":\"https:\/\/miguelcomino.cat\/es\/mejoras-en-seguridad-ciudadana\/#article\",\"isPartOf\":{\"@id\":\"https:\/\/miguelcomino.cat\/es\/mejoras-en-seguridad-ciudadana\/\"},\"author\":{\"name\":\"Miguel Comino\",\"@id\":\"https:\/\/miguelcomino.cat\/es\/#\/schema\/person\/4ecf1a3fec86aedb7db8e31067c9ffaf\"},\"headline\":\"Mejoras en Seguridad Ciudadana\",\"datePublished\":\"2022-05-05T16:09:11+00:00\",\"dateModified\":\"2023-02-12T17:16:41+00:00\",\"mainEntityOfPage\":{\"@id\":\"https:\/\/miguelcomino.cat\/es\/mejoras-en-seguridad-ciudadana\/\"},\"wordCount\":246,\"commentCount\":0,\"publisher\":{\"@id\":\"https:\/\/miguelcomino.cat\/es\/#\/schema\/person\/4ecf1a3fec86aedb7db8e31067c9ffaf\"},\"image\":{\"@id\":\"https:\/\/miguelcomino.cat\/es\/mejoras-en-seguridad-ciudadana\/#primaryimage\"},\"thumbnailUrl\":\"https:\/\/miguelcomino.cat\/wp-content\/uploads\/2023\/02\/315969471_10230662845813972_4453323172100640881_n-1024x683-1.jpg\",\"keywords\":[\"Tersa\"],\"articleSection\":[\"Medio Ambiente\",\"Seguridad\"],\"inLanguage\":\"es\",\"potentialAction\":[{\"@type\":\"CommentAction\",\"name\":\"Comment\",\"target\":[\"https:\/\/miguelcomino.cat\/es\/mejoras-en-seguridad-ciudadana\/#respond\"]}]},{\"@type\":\"WebPage\",\"@id\":\"https:\/\/miguelcomino.cat\/es\/mejoras-en-seguridad-ciudadana\/\",\"url\":\"https:\/\/miguelcomino.cat\/es\/mejoras-en-seguridad-ciudadana\/\",\"name\":\"Mejoras en Seguridad Ciudadana - Miguel Comino alcalde Sant Vicen\u00e7\",\"isPartOf\":{\"@id\":\"https:\/\/miguelcomino.cat\/es\/#website\"},\"primaryImageOfPage\":{\"@id\":\"https:\/\/miguelcomino.cat\/es\/mejoras-en-seguridad-ciudadana\/#primaryimage\"},\"image\":{\"@id\":\"https:\/\/miguelcomino.cat\/es\/mejoras-en-seguridad-ciudadana\/#primaryimage\"},\"thumbnailUrl\":\"https:\/\/miguelcomino.cat\/wp-content\/uploads\/2023\/02\/315969471_10230662845813972_4453323172100640881_n-1024x683-1.jpg\",\"datePublished\":\"2022-05-05T16:09:11+00:00\",\"dateModified\":\"2023-02-12T17:16:41+00:00\",\"description\":\"Mejoras en Seguridad Ciudadana\",\"breadcrumb\":{\"@id\":\"https:\/\/miguelcomino.cat\/es\/mejoras-en-seguridad-ciudadana\/#breadcrumb\"},\"inLanguage\":\"es\",\"potentialAction\":[{\"@type\":\"ReadAction\",\"target\":[\"https:\/\/miguelcomino.cat\/es\/mejoras-en-seguridad-ciudadana\/\"]}]},{\"@type\":\"ImageObject\",\"inLanguage\":\"es\",\"@id\":\"https:\/\/miguelcomino.cat\/es\/mejoras-en-seguridad-ciudadana\/#primaryimage\",\"url\":\"https:\/\/miguelcomino.cat\/wp-content\/uploads\/2023\/02\/315969471_10230662845813972_4453323172100640881_n-1024x683-1.jpg\",\"contentUrl\":\"https:\/\/miguelcomino.cat\/wp-content\/uploads\/2023\/02\/315969471_10230662845813972_4453323172100640881_n-1024x683-1.jpg\",\"width\":1024,\"height\":683,\"caption\":\"Mejoras en Seguridad Ciudadana. Miguel Comino, alcalde de Sant Vicen\u00e7 dels Horts Desde la llegada del PSC al gobierno municipal de Sant Vicen\u00e7 dels Horts hemos trabajado de manera incansable para mejorar la seguridad ciudadana del municipio. Para ello hemos hecho dos cosas importantes: garantizar la plantilla pr\u00e1cticamente al 100% de su empleo y mantener reuniones con todos los cuerpos y fuerzas de seguridad que operan en nuestro pa\u00eds. Por eso nos satisface mantener los delitos por debajo de los que ten\u00edamos en 2019, justo antes de la pandemia. Sabemos que con las crisis esta situaci\u00f3n puede cambiar. Cierto, pero mantendremos la hoja de ruta del control de los delitos para garantizarnos entre todos poder ir al fondo del problema siempre que sea necesario. Este mes y fruto del acuerdo con el grupo de los Comunes, hemos acordado integrarnos en la empresa p\u00fablica TERSA. Esta compa\u00f1\u00eda debe significar un gran paso adelante por el ahorro energ\u00e9tico en la ciudad. A la democratizaci\u00f3n energ\u00e9tica le sumamos la democratizaci\u00f3n telem\u00e1tica. Con el apoyo de la Uni\u00f3n Europea, hemos puesto antenas en diferentes espacios de la ciudad: La plaza de la Vila, la Biblioteca les Voltes, los jardines de Can Comamala, la rambla de Can Ros, la fundici\u00f3n, el polideportivo Sant Josep, l edificio del Mol\u00ed dels Frares, los campos de f\u00fatbol de la Barruana y la Guardia, el centro civil Virginia Amposta, el Casal Del Tur\u00f3 y el centro c\u00edvico de la Guardia\"},{\"@type\":\"BreadcrumbList\",\"@id\":\"https:\/\/miguelcomino.cat\/es\/mejoras-en-seguridad-ciudadana\/#breadcrumb\",\"itemListElement\":[{\"@type\":\"ListItem\",\"position\":1,\"name\":\"Portada\",\"item\":\"https:\/\/miguelcomino.cat\/es\/\"},{\"@type\":\"ListItem\",\"position\":2,\"name\":\"Mejoras en Seguridad Ciudadana\"}]},{\"@type\":\"WebSite\",\"@id\":\"https:\/\/miguelcomino.cat\/es\/#website\",\"url\":\"https:\/\/miguelcomino.cat\/es\/\",\"name\":\"Miguel Comino\",\"description\":\"Alcalde\",\"publisher\":{\"@id\":\"https:\/\/miguelcomino.cat\/es\/#\/schema\/person\/4ecf1a3fec86aedb7db8e31067c9ffaf\"},\"potentialAction\":[{\"@type\":\"SearchAction\",\"target\":{\"@type\":\"EntryPoint\",\"urlTemplate\":\"https:\/\/miguelcomino.cat\/es\/?s={search_term_string}\"},\"query-input\":{\"@type\":\"PropertyValueSpecification\",\"valueRequired\":true,\"valueName\":\"search_term_string\"}}],\"inLanguage\":\"es\"},{\"@type\":[\"Person\",\"Organization\"],\"@id\":\"https:\/\/miguelcomino.cat\/es\/#\/schema\/person\/4ecf1a3fec86aedb7db8e31067c9ffaf\",\"name\":\"Miguel Comino\",\"image\":{\"@type\":\"ImageObject\",\"inLanguage\":\"es\",\"@id\":\"https:\/\/miguelcomino.cat\/es\/#\/schema\/person\/image\/\",\"url\":\"https:\/\/miguelcomino.cat\/wp-content\/uploads\/2023\/05\/003.png\",\"contentUrl\":\"https:\/\/miguelcomino.cat\/wp-content\/uploads\/2023\/05\/003.png\",\"width\":922,\"height\":572,\"caption\":\"Miguel Comino\"},\"logo\":{\"@id\":\"https:\/\/miguelcomino.cat\/es\/#\/schema\/person\/image\/\"},\"sameAs\":[\"https:\/\/www.facebook.com\/miguel.comino\/about\",\"https:\/\/www.instagram.com\/miguelcomino\/\"],\"url\":\"https:\/\/miguelcomino.cat\/es\/author\/admin-2\/\"}]}<\/script>\n<!-- \/ Yoast SEO plugin. -->","yoast_head_json":{"title":"Mejoras en Seguridad Ciudadana - Miguel Comino alcalde Sant Vicen\u00e7","description":"Mejoras en Seguridad Ciudadana","robots":{"index":"index","follow":"follow","max-snippet":"max-snippet:-1","max-image-preview":"max-image-preview:large","max-video-preview":"max-video-preview:-1"},"canonical":"https:\/\/miguelcomino.cat\/es\/mejoras-en-seguridad-ciudadana\/","og_locale":"es_ES","og_type":"article","og_title":"Mejoras en Seguridad Ciudadana - Miguel Comino alcalde Sant Vicen\u00e7","og_description":"Mejoras en Seguridad Ciudadana","og_url":"https:\/\/miguelcomino.cat\/es\/mejoras-en-seguridad-ciudadana\/","og_site_name":"Miguel Comino","article_publisher":"https:\/\/www.facebook.com\/miguel.comino\/about","article_author":"https:\/\/www.facebook.com\/miguel.comino\/about","article_published_time":"2022-05-05T16:09:11+00:00","article_modified_time":"2023-02-12T17:16:41+00:00","og_image":[{"width":1024,"height":683,"url":"https:\/\/miguelcomino.cat\/wp-content\/uploads\/2023\/02\/315969471_10230662845813972_4453323172100640881_n-1024x683-1.jpg","type":"image\/jpeg"}],"author":"Miguel Comino","twitter_card":"summary_large_image","twitter_misc":{"Escrito por":"Miguel Comino","Tiempo de lectura":"2 minutos"},"schema":{"@context":"https:\/\/schema.org","@graph":[{"@type":"Article","@id":"https:\/\/miguelcomino.cat\/es\/mejoras-en-seguridad-ciudadana\/#article","isPartOf":{"@id":"https:\/\/miguelcomino.cat\/es\/mejoras-en-seguridad-ciudadana\/"},"author":{"name":"Miguel Comino","@id":"https:\/\/miguelcomino.cat\/es\/#\/schema\/person\/4ecf1a3fec86aedb7db8e31067c9ffaf"},"headline":"Mejoras en Seguridad Ciudadana","datePublished":"2022-05-05T16:09:11+00:00","dateModified":"2023-02-12T17:16:41+00:00","mainEntityOfPage":{"@id":"https:\/\/miguelcomino.cat\/es\/mejoras-en-seguridad-ciudadana\/"},"wordCount":246,"commentCount":0,"publisher":{"@id":"https:\/\/miguelcomino.cat\/es\/#\/schema\/person\/4ecf1a3fec86aedb7db8e31067c9ffaf"},"image":{"@id":"https:\/\/miguelcomino.cat\/es\/mejoras-en-seguridad-ciudadana\/#primaryimage"},"thumbnailUrl":"https:\/\/miguelcomino.cat\/wp-content\/uploads\/2023\/02\/315969471_10230662845813972_4453323172100640881_n-1024x683-1.jpg","keywords":["Tersa"],"articleSection":["Medio Ambiente","Seguridad"],"inLanguage":"es","potentialAction":[{"@type":"CommentAction","name":"Comment","target":["https:\/\/miguelcomino.cat\/es\/mejoras-en-seguridad-ciudadana\/#respond"]}]},{"@type":"WebPage","@id":"https:\/\/miguelcomino.cat\/es\/mejoras-en-seguridad-ciudadana\/","url":"https:\/\/miguelcomino.cat\/es\/mejoras-en-seguridad-ciudadana\/","name":"Mejoras en Seguridad Ciudadana - Miguel Comino alcalde Sant Vicen\u00e7","isPartOf":{"@id":"https:\/\/miguelcomino.cat\/es\/#website"},"primaryImageOfPage":{"@id":"https:\/\/miguelcomino.cat\/es\/mejoras-en-seguridad-ciudadana\/#primaryimage"},"image":{"@id":"https:\/\/miguelcomino.cat\/es\/mejoras-en-seguridad-ciudadana\/#primaryimage"},"thumbnailUrl":"https:\/\/miguelcomino.cat\/wp-content\/uploads\/2023\/02\/315969471_10230662845813972_4453323172100640881_n-1024x683-1.jpg","datePublished":"2022-05-05T16:09:11+00:00","dateModified":"2023-02-12T17:16:41+00:00","description":"Mejoras en Seguridad Ciudadana","breadcrumb":{"@id":"https:\/\/miguelcomino.cat\/es\/mejoras-en-seguridad-ciudadana\/#breadcrumb"},"inLanguage":"es","potentialAction":[{"@type":"ReadAction","target":["https:\/\/miguelcomino.cat\/es\/mejoras-en-seguridad-ciudadana\/"]}]},{"@type":"ImageObject","inLanguage":"es","@id":"https:\/\/miguelcomino.cat\/es\/mejoras-en-seguridad-ciudadana\/#primaryimage","url":"https:\/\/miguelcomino.cat\/wp-content\/uploads\/2023\/02\/315969471_10230662845813972_4453323172100640881_n-1024x683-1.jpg","contentUrl":"https:\/\/miguelcomino.cat\/wp-content\/uploads\/2023\/02\/315969471_10230662845813972_4453323172100640881_n-1024x683-1.jpg","width":1024,"height":683,"caption":"Mejoras en Seguridad Ciudadana. Miguel Comino, alcalde de Sant Vicen\u00e7 dels Horts Desde la llegada del PSC al gobierno municipal de Sant Vicen\u00e7 dels Horts hemos trabajado de manera incansable para mejorar la seguridad ciudadana del municipio. Para ello hemos hecho dos cosas importantes: garantizar la plantilla pr\u00e1cticamente al 100% de su empleo y mantener reuniones con todos los cuerpos y fuerzas de seguridad que operan en nuestro pa\u00eds. Por eso nos satisface mantener los delitos por debajo de los que ten\u00edamos en 2019, justo antes de la pandemia. Sabemos que con las crisis esta situaci\u00f3n puede cambiar. Cierto, pero mantendremos la hoja de ruta del control de los delitos para garantizarnos entre todos poder ir al fondo del problema siempre que sea necesario. Este mes y fruto del acuerdo con el grupo de los Comunes, hemos acordado integrarnos en la empresa p\u00fablica TERSA. Esta compa\u00f1\u00eda debe significar un gran paso adelante por el ahorro energ\u00e9tico en la ciudad. A la democratizaci\u00f3n energ\u00e9tica le sumamos la democratizaci\u00f3n telem\u00e1tica. Con el apoyo de la Uni\u00f3n Europea, hemos puesto antenas en diferentes espacios de la ciudad: La plaza de la Vila, la Biblioteca les Voltes, los jardines de Can Comamala, la rambla de Can Ros, la fundici\u00f3n, el polideportivo Sant Josep, l edificio del Mol\u00ed dels Frares, los campos de f\u00fatbol de la Barruana y la Guardia, el centro civil Virginia Amposta, el Casal Del Tur\u00f3 y el centro c\u00edvico de la Guardia"},{"@type":"BreadcrumbList","@id":"https:\/\/miguelcomino.cat\/es\/mejoras-en-seguridad-ciudadana\/#breadcrumb","itemListElement":[{"@type":"ListItem","position":1,"name":"Portada","item":"https:\/\/miguelcomino.cat\/es\/"},{"@type":"ListItem","position":2,"name":"Mejoras en Seguridad Ciudadana"}]},{"@type":"WebSite","@id":"https:\/\/miguelcomino.cat\/es\/#website","url":"https:\/\/miguelcomino.cat\/es\/","name":"Miguel Comino","description":"Alcalde","publisher":{"@id":"https:\/\/miguelcomino.cat\/es\/#\/schema\/person\/4ecf1a3fec86aedb7db8e31067c9ffaf"},"potentialAction":[{"@type":"SearchAction","target":{"@type":"EntryPoint","urlTemplate":"https:\/\/miguelcomino.cat\/es\/?s={search_term_string}"},"query-input":{"@type":"PropertyValueSpecification","valueRequired":true,"valueName":"search_term_string"}}],"inLanguage":"es"},{"@type":["Person","Organization"],"@id":"https:\/\/miguelcomino.cat\/es\/#\/schema\/person\/4ecf1a3fec86aedb7db8e31067c9ffaf","name":"Miguel Comino","image":{"@type":"ImageObject","inLanguage":"es","@id":"https:\/\/miguelcomino.cat\/es\/#\/schema\/person\/image\/","url":"https:\/\/miguelcomino.cat\/wp-content\/uploads\/2023\/05\/003.png","contentUrl":"https:\/\/miguelcomino.cat\/wp-content\/uploads\/2023\/05\/003.png","width":922,"height":572,"caption":"Miguel Comino"},"logo":{"@id":"https:\/\/miguelcomino.cat\/es\/#\/schema\/person\/image\/"},"sameAs":["https:\/\/www.facebook.com\/miguel.comino\/about","https:\/\/www.instagram.com\/miguelcomino\/"],"url":"https:\/\/miguelcomino.cat\/es\/author\/admin-2\/"}]}},"_links":{"self":[{"href":"https:\/\/miguelcomino.cat\/es\/wp-json\/wp\/v2\/posts\/3168","targetHints":{"allow":["GET"]}}],"collection":[{"href":"https:\/\/miguelcomino.cat\/es\/wp-json\/wp\/v2\/posts"}],"about":[{"href":"https:\/\/miguelcomino.cat\/es\/wp-json\/wp\/v2\/types\/post"}],"author":[{"embeddable":true,"href":"https:\/\/miguelcomino.cat\/es\/wp-json\/wp\/v2\/users\/2"}],"replies":[{"embeddable":true,"href":"https:\/\/miguelcomino.cat\/es\/wp-json\/wp\/v2\/comments?post=3168"}],"version-history":[{"count":2,"href":"https:\/\/miguelcomino.cat\/es\/wp-json\/wp\/v2\/posts\/3168\/revisions"}],"predecessor-version":[{"id":3171,"href":"https:\/\/miguelcomino.cat\/es\/wp-json\/wp\/v2\/posts\/3168\/revisions\/3171"}],"wp:featuredmedia":[{"embeddable":true,"href":"https:\/\/miguelcomino.cat\/es\/wp-json\/wp\/v2\/media\/3169"}],"wp:attachment":[{"href":"https:\/\/miguelcomino.cat\/es\/wp-json\/wp\/v2\/media?parent=3168"}],"wp:term":[{"taxonomy":"category","embeddable":true,"href":"https:\/\/miguelcomino.cat\/es\/wp-json\/wp\/v2\/categories?post=3168"},{"taxonomy":"post_tag","embeddable":true,"href":"https:\/\/miguelcomino.cat\/es\/wp-json\/wp\/v2\/tags?post=3168"}],"curies":[{"name":"wp","href":"https:\/\/api.w.org\/{rel}","templated":true}]}}