{"id":3164,"date":"2022-06-02T18:00:24","date_gmt":"2022-06-02T16:00:24","guid":{"rendered":"https:\/\/miguelcomino.cat\/?p=3164"},"modified":"2023-02-12T18:08:33","modified_gmt":"2023-02-12T17:08:33","slug":"estamos-de-enhorabuena-inauguramos-el-parque-fluvial","status":"publish","type":"post","link":"https:\/\/miguelcomino.cat\/es\/estamos-de-enhorabuena-inauguramos-el-parque-fluvial\/","title":{"rendered":"Estamos de enhorabuena, inauguramos el Parque Fluvial"},"content":{"rendered":"\n<p>Estamos de enhorabuena. <strong>Inauguramos el parque fluvial.<\/strong> Ha sido un proyecto que hemos realizado conjuntamente el Ayuntamiento de la ciudad y el \u00c1rea metropolitana de Barcelona que es quien ha hecho la aportaci\u00f3n principal. <strong>Tenemos un nuevo espacio para disfrutar en las afueras de la ciudad y en un espacio envidiable para muchas otras ciudades<\/strong>. Ahora debemos disfrutar del entorno.<\/p>\n\n\n\n<p>Este mes nos trae una hist\u00f3rica reclamaci\u00f3n de algunos ciudadanos y ciudadanas. <strong>Desde ahora, aquellos menores que cometen una infracci\u00f3n pueden optar por los trabajos para la comunidad.<\/strong> Muchos padres y madres nos reclamaban que fueran los hijos e hijas quienes asumieran la responsabilidad y no los padres y madres que eran los que ten\u00edan que pagar las multas. <strong>Si \u00e9sta es una apuesta por la convivencia, tambi\u00e9n lo son las pelotas de espuma que hemos puesto a disposici\u00f3n de la ciudadan\u00eda para evitar ruidos en los espacios p\u00fablicos.<\/strong> Esta campa\u00f1a forma parte del plan de convivencia de Can Ros y se ha empezado a aplicar en la plaza Miquel Juli\u00e0.<\/p>\n\n\n\n<p>Antes de terminar es necesario que os pida prudencia este San Juan y especialmente teniendo en cuenta la grave ola de calor que estamos sufriendo.<\/p>\n\n\n\n<p><a href=\"https:\/\/www.instagram.com\/miguelcomino\/\">Miguel Comino<\/a><\/p>\n","protected":false},"excerpt":{"rendered":"<p>Tenemos un nuevo espacio para disfrutar en las afueras de la ciudad y en un espacio envidiable para muchas otras ciudades<\/p>\n","protected":false},"author":2,"featured_media":3165,"comment_status":"open","ping_status":"closed","sticky":false,"template":"","format":"standard","meta":{"footnotes":""},"categories":[20],"tags":[37,38,39],"class_list":["post-3164","post","type-post","status-publish","format-standard","has-post-thumbnail","hentry","category-actividad-municipal","tag-parque-fluvial","tag-pelotas-de-espuma","tag-trabajos-para-la-comunidad"],"yoast_head":"<!-- This site is optimized with the Yoast SEO plugin v24.6 - https:\/\/yoast.com\/wordpress\/plugins\/seo\/ -->\n<title>Estamos de enhorabuena, inauguramos el Parque Fluvial - Miguel Comino<\/title>\n<meta name=\"description\" content=\"Estamos de enhorabuena, inauguramos el Parque Fluvial. Tenemos un nuevo espacio para disfrutar en las afueras de la ciudad y en un espacio envidiable para muchas otras ciudades.\" \/>\n<meta name=\"robots\" content=\"index, follow, max-snippet:-1, max-image-preview:large, max-video-preview:-1\" \/>\n<link rel=\"canonical\" href=\"https:\/\/miguelcomino.cat\/es\/estamos-de-enhorabuena-inauguramos-el-parque-fluvial\/\" \/>\n<meta property=\"og:locale\" content=\"es_ES\" \/>\n<meta property=\"og:type\" content=\"article\" \/>\n<meta property=\"og:title\" content=\"Estamos de enhorabuena, inauguramos el Parque Fluvial - Miguel Comino\" \/>\n<meta property=\"og:description\" content=\"Estamos de enhorabuena, inauguramos el Parque Fluvial. Tenemos un nuevo espacio para disfrutar en las afueras de la ciudad y en un espacio envidiable para muchas otras ciudades.\" \/>\n<meta property=\"og:url\" content=\"https:\/\/miguelcomino.cat\/es\/estamos-de-enhorabuena-inauguramos-el-parque-fluvial\/\" \/>\n<meta property=\"og:site_name\" content=\"Miguel Comino\" \/>\n<meta property=\"article:publisher\" content=\"https:\/\/www.facebook.com\/miguel.comino\/about\" \/>\n<meta property=\"article:author\" content=\"https:\/\/www.facebook.com\/miguel.comino\/about\" \/>\n<meta property=\"article:published_time\" content=\"2022-06-02T16:00:24+00:00\" \/>\n<meta property=\"article:modified_time\" content=\"2023-02-12T17:08:33+00:00\" \/>\n<meta property=\"og:image\" content=\"https:\/\/miguelcomino.cat\/wp-content\/uploads\/2023\/02\/Inauguracion-del-parque-flubial-de-Sant-Vicenc-dels-Horts-2-1024x768-1.jpeg\" \/>\n\t<meta property=\"og:image:width\" content=\"1024\" \/>\n\t<meta property=\"og:image:height\" content=\"768\" \/>\n\t<meta property=\"og:image:type\" content=\"image\/jpeg\" \/>\n<meta name=\"author\" content=\"Miguel Comino\" \/>\n<meta name=\"twitter:card\" content=\"summary_large_image\" \/>\n<meta name=\"twitter:label1\" content=\"Escrito por\" \/>\n\t<meta name=\"twitter:data1\" content=\"Miguel Comino\" \/>\n\t<meta name=\"twitter:label2\" content=\"Tiempo de lectura\" \/>\n\t<meta name=\"twitter:data2\" content=\"1 minuto\" \/>\n<script type=\"application\/ld+json\" class=\"yoast-schema-graph\">{\"@context\":\"https:\/\/schema.org\",\"@graph\":[{\"@type\":\"Article\",\"@id\":\"https:\/\/miguelcomino.cat\/es\/estamos-de-enhorabuena-inauguramos-el-parque-fluvial\/#article\",\"isPartOf\":{\"@id\":\"https:\/\/miguelcomino.cat\/es\/estamos-de-enhorabuena-inauguramos-el-parque-fluvial\/\"},\"author\":{\"name\":\"Miguel Comino\",\"@id\":\"https:\/\/miguelcomino.cat\/es\/#\/schema\/person\/4ecf1a3fec86aedb7db8e31067c9ffaf\"},\"headline\":\"Estamos de enhorabuena, inauguramos el Parque Fluvial\",\"datePublished\":\"2022-06-02T16:00:24+00:00\",\"dateModified\":\"2023-02-12T17:08:33+00:00\",\"mainEntityOfPage\":{\"@id\":\"https:\/\/miguelcomino.cat\/es\/estamos-de-enhorabuena-inauguramos-el-parque-fluvial\/\"},\"wordCount\":215,\"commentCount\":0,\"publisher\":{\"@id\":\"https:\/\/miguelcomino.cat\/es\/#\/schema\/person\/4ecf1a3fec86aedb7db8e31067c9ffaf\"},\"image\":{\"@id\":\"https:\/\/miguelcomino.cat\/es\/estamos-de-enhorabuena-inauguramos-el-parque-fluvial\/#primaryimage\"},\"thumbnailUrl\":\"https:\/\/miguelcomino.cat\/wp-content\/uploads\/2023\/02\/Inauguracion-del-parque-flubial-de-Sant-Vicenc-dels-Horts-2-1024x768-1.jpeg\",\"keywords\":[\"Parque Fluvial\",\"Pelotas de espuma\",\"Trabajos para la comunidad\"],\"articleSection\":[\"Actividad municipal\"],\"inLanguage\":\"es\",\"potentialAction\":[{\"@type\":\"CommentAction\",\"name\":\"Comment\",\"target\":[\"https:\/\/miguelcomino.cat\/es\/estamos-de-enhorabuena-inauguramos-el-parque-fluvial\/#respond\"]}]},{\"@type\":\"WebPage\",\"@id\":\"https:\/\/miguelcomino.cat\/es\/estamos-de-enhorabuena-inauguramos-el-parque-fluvial\/\",\"url\":\"https:\/\/miguelcomino.cat\/es\/estamos-de-enhorabuena-inauguramos-el-parque-fluvial\/\",\"name\":\"Estamos de enhorabuena, inauguramos el Parque Fluvial - Miguel Comino\",\"isPartOf\":{\"@id\":\"https:\/\/miguelcomino.cat\/es\/#website\"},\"primaryImageOfPage\":{\"@id\":\"https:\/\/miguelcomino.cat\/es\/estamos-de-enhorabuena-inauguramos-el-parque-fluvial\/#primaryimage\"},\"image\":{\"@id\":\"https:\/\/miguelcomino.cat\/es\/estamos-de-enhorabuena-inauguramos-el-parque-fluvial\/#primaryimage\"},\"thumbnailUrl\":\"https:\/\/miguelcomino.cat\/wp-content\/uploads\/2023\/02\/Inauguracion-del-parque-flubial-de-Sant-Vicenc-dels-Horts-2-1024x768-1.jpeg\",\"datePublished\":\"2022-06-02T16:00:24+00:00\",\"dateModified\":\"2023-02-12T17:08:33+00:00\",\"description\":\"Estamos de enhorabuena, inauguramos el Parque Fluvial. Tenemos un nuevo espacio para disfrutar en las afueras de la ciudad y en un espacio envidiable para muchas otras ciudades.\",\"breadcrumb\":{\"@id\":\"https:\/\/miguelcomino.cat\/es\/estamos-de-enhorabuena-inauguramos-el-parque-fluvial\/#breadcrumb\"},\"inLanguage\":\"es\",\"potentialAction\":[{\"@type\":\"ReadAction\",\"target\":[\"https:\/\/miguelcomino.cat\/es\/estamos-de-enhorabuena-inauguramos-el-parque-fluvial\/\"]}]},{\"@type\":\"ImageObject\",\"inLanguage\":\"es\",\"@id\":\"https:\/\/miguelcomino.cat\/es\/estamos-de-enhorabuena-inauguramos-el-parque-fluvial\/#primaryimage\",\"url\":\"https:\/\/miguelcomino.cat\/wp-content\/uploads\/2023\/02\/Inauguracion-del-parque-flubial-de-Sant-Vicenc-dels-Horts-2-1024x768-1.jpeg\",\"contentUrl\":\"https:\/\/miguelcomino.cat\/wp-content\/uploads\/2023\/02\/Inauguracion-del-parque-flubial-de-Sant-Vicenc-dels-Horts-2-1024x768-1.jpeg\",\"width\":1024,\"height\":768,\"caption\":\"Estamos de enhorabuena, inauguramos el Parque Fluvial. Miguel Comino, alcalde de Sant Vicen\u00e7 dels Horts. Estamos de enhorabuena. Inauguramos el parque fluvial. Ha sido un proyecto que hemos realizado conjuntamente el Ayuntamiento de la ciudad y el \u00c1rea metropolitana de Barcelona que es quien ha hecho la aportaci\u00f3n principal. Tenemos un nuevo espacio para disfrutar en las afueras de la ciudad y en un espacio envidiable para muchas otras ciudades. Ahora debemos disfrutar del entorno. Este mes nos trae una hist\u00f3rica reclamaci\u00f3n de algunos ciudadanos y ciudadanas. Desde ahora, aquellos menores que cometen una infracci\u00f3n pueden optar por los trabajos para la comunidad. Muchos padres y madres nos reclamaban que fueran los hijos e hijas quienes asumieran la responsabilidad y no los padres y madres que eran los que ten\u00edan que pagar las multas. Si \u00e9sta es una apuesta por la convivencia, tambi\u00e9n lo son las pelotas de espuma que hemos puesto a disposici\u00f3n de la ciudadan\u00eda para evitar ruidos en los espacios p\u00fablicos. Esta campa\u00f1a forma parte del plan de convivencia de Can Ros y se ha empezado a aplicar en la plaza Miquel Juli\u00e0. Antes de terminar es necesario que os pida prudencia este San Juan y especialmente teniendo en cuenta la grave ola de calor que estamos sufriendo.\"},{\"@type\":\"BreadcrumbList\",\"@id\":\"https:\/\/miguelcomino.cat\/es\/estamos-de-enhorabuena-inauguramos-el-parque-fluvial\/#breadcrumb\",\"itemListElement\":[{\"@type\":\"ListItem\",\"position\":1,\"name\":\"Portada\",\"item\":\"https:\/\/miguelcomino.cat\/es\/\"},{\"@type\":\"ListItem\",\"position\":2,\"name\":\"Estamos de enhorabuena, inauguramos el Parque Fluvial\"}]},{\"@type\":\"WebSite\",\"@id\":\"https:\/\/miguelcomino.cat\/es\/#website\",\"url\":\"https:\/\/miguelcomino.cat\/es\/\",\"name\":\"Miguel Comino\",\"description\":\"Alcalde\",\"publisher\":{\"@id\":\"https:\/\/miguelcomino.cat\/es\/#\/schema\/person\/4ecf1a3fec86aedb7db8e31067c9ffaf\"},\"potentialAction\":[{\"@type\":\"SearchAction\",\"target\":{\"@type\":\"EntryPoint\",\"urlTemplate\":\"https:\/\/miguelcomino.cat\/es\/?s={search_term_string}\"},\"query-input\":{\"@type\":\"PropertyValueSpecification\",\"valueRequired\":true,\"valueName\":\"search_term_string\"}}],\"inLanguage\":\"es\"},{\"@type\":[\"Person\",\"Organization\"],\"@id\":\"https:\/\/miguelcomino.cat\/es\/#\/schema\/person\/4ecf1a3fec86aedb7db8e31067c9ffaf\",\"name\":\"Miguel Comino\",\"image\":{\"@type\":\"ImageObject\",\"inLanguage\":\"es\",\"@id\":\"https:\/\/miguelcomino.cat\/es\/#\/schema\/person\/image\/\",\"url\":\"https:\/\/miguelcomino.cat\/wp-content\/uploads\/2023\/05\/003.png\",\"contentUrl\":\"https:\/\/miguelcomino.cat\/wp-content\/uploads\/2023\/05\/003.png\",\"width\":922,\"height\":572,\"caption\":\"Miguel Comino\"},\"logo\":{\"@id\":\"https:\/\/miguelcomino.cat\/es\/#\/schema\/person\/image\/\"},\"sameAs\":[\"https:\/\/www.facebook.com\/miguel.comino\/about\",\"https:\/\/www.instagram.com\/miguelcomino\/\"],\"url\":\"https:\/\/miguelcomino.cat\/es\/author\/admin-2\/\"}]}<\/script>\n<!-- \/ Yoast SEO plugin. -->","yoast_head_json":{"title":"Estamos de enhorabuena, inauguramos el Parque Fluvial - Miguel Comino","description":"Estamos de enhorabuena, inauguramos el Parque Fluvial. Tenemos un nuevo espacio para disfrutar en las afueras de la ciudad y en un espacio envidiable para muchas otras ciudades.","robots":{"index":"index","follow":"follow","max-snippet":"max-snippet:-1","max-image-preview":"max-image-preview:large","max-video-preview":"max-video-preview:-1"},"canonical":"https:\/\/miguelcomino.cat\/es\/estamos-de-enhorabuena-inauguramos-el-parque-fluvial\/","og_locale":"es_ES","og_type":"article","og_title":"Estamos de enhorabuena, inauguramos el Parque Fluvial - Miguel Comino","og_description":"Estamos de enhorabuena, inauguramos el Parque Fluvial. Tenemos un nuevo espacio para disfrutar en las afueras de la ciudad y en un espacio envidiable para muchas otras ciudades.","og_url":"https:\/\/miguelcomino.cat\/es\/estamos-de-enhorabuena-inauguramos-el-parque-fluvial\/","og_site_name":"Miguel Comino","article_publisher":"https:\/\/www.facebook.com\/miguel.comino\/about","article_author":"https:\/\/www.facebook.com\/miguel.comino\/about","article_published_time":"2022-06-02T16:00:24+00:00","article_modified_time":"2023-02-12T17:08:33+00:00","og_image":[{"width":1024,"height":768,"url":"https:\/\/miguelcomino.cat\/wp-content\/uploads\/2023\/02\/Inauguracion-del-parque-flubial-de-Sant-Vicenc-dels-Horts-2-1024x768-1.jpeg","type":"image\/jpeg"}],"author":"Miguel Comino","twitter_card":"summary_large_image","twitter_misc":{"Escrito por":"Miguel Comino","Tiempo de lectura":"1 minuto"},"schema":{"@context":"https:\/\/schema.org","@graph":[{"@type":"Article","@id":"https:\/\/miguelcomino.cat\/es\/estamos-de-enhorabuena-inauguramos-el-parque-fluvial\/#article","isPartOf":{"@id":"https:\/\/miguelcomino.cat\/es\/estamos-de-enhorabuena-inauguramos-el-parque-fluvial\/"},"author":{"name":"Miguel Comino","@id":"https:\/\/miguelcomino.cat\/es\/#\/schema\/person\/4ecf1a3fec86aedb7db8e31067c9ffaf"},"headline":"Estamos de enhorabuena, inauguramos el Parque Fluvial","datePublished":"2022-06-02T16:00:24+00:00","dateModified":"2023-02-12T17:08:33+00:00","mainEntityOfPage":{"@id":"https:\/\/miguelcomino.cat\/es\/estamos-de-enhorabuena-inauguramos-el-parque-fluvial\/"},"wordCount":215,"commentCount":0,"publisher":{"@id":"https:\/\/miguelcomino.cat\/es\/#\/schema\/person\/4ecf1a3fec86aedb7db8e31067c9ffaf"},"image":{"@id":"https:\/\/miguelcomino.cat\/es\/estamos-de-enhorabuena-inauguramos-el-parque-fluvial\/#primaryimage"},"thumbnailUrl":"https:\/\/miguelcomino.cat\/wp-content\/uploads\/2023\/02\/Inauguracion-del-parque-flubial-de-Sant-Vicenc-dels-Horts-2-1024x768-1.jpeg","keywords":["Parque Fluvial","Pelotas de espuma","Trabajos para la comunidad"],"articleSection":["Actividad municipal"],"inLanguage":"es","potentialAction":[{"@type":"CommentAction","name":"Comment","target":["https:\/\/miguelcomino.cat\/es\/estamos-de-enhorabuena-inauguramos-el-parque-fluvial\/#respond"]}]},{"@type":"WebPage","@id":"https:\/\/miguelcomino.cat\/es\/estamos-de-enhorabuena-inauguramos-el-parque-fluvial\/","url":"https:\/\/miguelcomino.cat\/es\/estamos-de-enhorabuena-inauguramos-el-parque-fluvial\/","name":"Estamos de enhorabuena, inauguramos el Parque Fluvial - Miguel Comino","isPartOf":{"@id":"https:\/\/miguelcomino.cat\/es\/#website"},"primaryImageOfPage":{"@id":"https:\/\/miguelcomino.cat\/es\/estamos-de-enhorabuena-inauguramos-el-parque-fluvial\/#primaryimage"},"image":{"@id":"https:\/\/miguelcomino.cat\/es\/estamos-de-enhorabuena-inauguramos-el-parque-fluvial\/#primaryimage"},"thumbnailUrl":"https:\/\/miguelcomino.cat\/wp-content\/uploads\/2023\/02\/Inauguracion-del-parque-flubial-de-Sant-Vicenc-dels-Horts-2-1024x768-1.jpeg","datePublished":"2022-06-02T16:00:24+00:00","dateModified":"2023-02-12T17:08:33+00:00","description":"Estamos de enhorabuena, inauguramos el Parque Fluvial. Tenemos un nuevo espacio para disfrutar en las afueras de la ciudad y en un espacio envidiable para muchas otras ciudades.","breadcrumb":{"@id":"https:\/\/miguelcomino.cat\/es\/estamos-de-enhorabuena-inauguramos-el-parque-fluvial\/#breadcrumb"},"inLanguage":"es","potentialAction":[{"@type":"ReadAction","target":["https:\/\/miguelcomino.cat\/es\/estamos-de-enhorabuena-inauguramos-el-parque-fluvial\/"]}]},{"@type":"ImageObject","inLanguage":"es","@id":"https:\/\/miguelcomino.cat\/es\/estamos-de-enhorabuena-inauguramos-el-parque-fluvial\/#primaryimage","url":"https:\/\/miguelcomino.cat\/wp-content\/uploads\/2023\/02\/Inauguracion-del-parque-flubial-de-Sant-Vicenc-dels-Horts-2-1024x768-1.jpeg","contentUrl":"https:\/\/miguelcomino.cat\/wp-content\/uploads\/2023\/02\/Inauguracion-del-parque-flubial-de-Sant-Vicenc-dels-Horts-2-1024x768-1.jpeg","width":1024,"height":768,"caption":"Estamos de enhorabuena, inauguramos el Parque Fluvial. Miguel Comino, alcalde de Sant Vicen\u00e7 dels Horts. Estamos de enhorabuena. Inauguramos el parque fluvial. Ha sido un proyecto que hemos realizado conjuntamente el Ayuntamiento de la ciudad y el \u00c1rea metropolitana de Barcelona que es quien ha hecho la aportaci\u00f3n principal. Tenemos un nuevo espacio para disfrutar en las afueras de la ciudad y en un espacio envidiable para muchas otras ciudades. Ahora debemos disfrutar del entorno. Este mes nos trae una hist\u00f3rica reclamaci\u00f3n de algunos ciudadanos y ciudadanas. Desde ahora, aquellos menores que cometen una infracci\u00f3n pueden optar por los trabajos para la comunidad. Muchos padres y madres nos reclamaban que fueran los hijos e hijas quienes asumieran la responsabilidad y no los padres y madres que eran los que ten\u00edan que pagar las multas. Si \u00e9sta es una apuesta por la convivencia, tambi\u00e9n lo son las pelotas de espuma que hemos puesto a disposici\u00f3n de la ciudadan\u00eda para evitar ruidos en los espacios p\u00fablicos. Esta campa\u00f1a forma parte del plan de convivencia de Can Ros y se ha empezado a aplicar en la plaza Miquel Juli\u00e0. Antes de terminar es necesario que os pida prudencia este San Juan y especialmente teniendo en cuenta la grave ola de calor que estamos sufriendo."},{"@type":"BreadcrumbList","@id":"https:\/\/miguelcomino.cat\/es\/estamos-de-enhorabuena-inauguramos-el-parque-fluvial\/#breadcrumb","itemListElement":[{"@type":"ListItem","position":1,"name":"Portada","item":"https:\/\/miguelcomino.cat\/es\/"},{"@type":"ListItem","position":2,"name":"Estamos de enhorabuena, inauguramos el Parque Fluvial"}]},{"@type":"WebSite","@id":"https:\/\/miguelcomino.cat\/es\/#website","url":"https:\/\/miguelcomino.cat\/es\/","name":"Miguel Comino","description":"Alcalde","publisher":{"@id":"https:\/\/miguelcomino.cat\/es\/#\/schema\/person\/4ecf1a3fec86aedb7db8e31067c9ffaf"},"potentialAction":[{"@type":"SearchAction","target":{"@type":"EntryPoint","urlTemplate":"https:\/\/miguelcomino.cat\/es\/?s={search_term_string}"},"query-input":{"@type":"PropertyValueSpecification","valueRequired":true,"valueName":"search_term_string"}}],"inLanguage":"es"},{"@type":["Person","Organization"],"@id":"https:\/\/miguelcomino.cat\/es\/#\/schema\/person\/4ecf1a3fec86aedb7db8e31067c9ffaf","name":"Miguel Comino","image":{"@type":"ImageObject","inLanguage":"es","@id":"https:\/\/miguelcomino.cat\/es\/#\/schema\/person\/image\/","url":"https:\/\/miguelcomino.cat\/wp-content\/uploads\/2023\/05\/003.png","contentUrl":"https:\/\/miguelcomino.cat\/wp-content\/uploads\/2023\/05\/003.png","width":922,"height":572,"caption":"Miguel Comino"},"logo":{"@id":"https:\/\/miguelcomino.cat\/es\/#\/schema\/person\/image\/"},"sameAs":["https:\/\/www.facebook.com\/miguel.comino\/about","https:\/\/www.instagram.com\/miguelcomino\/"],"url":"https:\/\/miguelcomino.cat\/es\/author\/admin-2\/"}]}},"_links":{"self":[{"href":"https:\/\/miguelcomino.cat\/es\/wp-json\/wp\/v2\/posts\/3164","targetHints":{"allow":["GET"]}}],"collection":[{"href":"https:\/\/miguelcomino.cat\/es\/wp-json\/wp\/v2\/posts"}],"about":[{"href":"https:\/\/miguelcomino.cat\/es\/wp-json\/wp\/v2\/types\/post"}],"author":[{"embeddable":true,"href":"https:\/\/miguelcomino.cat\/es\/wp-json\/wp\/v2\/users\/2"}],"replies":[{"embeddable":true,"href":"https:\/\/miguelcomino.cat\/es\/wp-json\/wp\/v2\/comments?post=3164"}],"version-history":[{"count":2,"href":"https:\/\/miguelcomino.cat\/es\/wp-json\/wp\/v2\/posts\/3164\/revisions"}],"predecessor-version":[{"id":3167,"href":"https:\/\/miguelcomino.cat\/es\/wp-json\/wp\/v2\/posts\/3164\/revisions\/3167"}],"wp:featuredmedia":[{"embeddable":true,"href":"https:\/\/miguelcomino.cat\/es\/wp-json\/wp\/v2\/media\/3165"}],"wp:attachment":[{"href":"https:\/\/miguelcomino.cat\/es\/wp-json\/wp\/v2\/media?parent=3164"}],"wp:term":[{"taxonomy":"category","embeddable":true,"href":"https:\/\/miguelcomino.cat\/es\/wp-json\/wp\/v2\/categories?post=3164"},{"taxonomy":"post_tag","embeddable":true,"href":"https:\/\/miguelcomino.cat\/es\/wp-json\/wp\/v2\/tags?post=3164"}],"curies":[{"name":"wp","href":"https:\/\/api.w.org\/{rel}","templated":true}]}}