{"id":3146,"date":"2022-07-01T17:50:51","date_gmt":"2022-07-01T15:50:51","guid":{"rendered":"https:\/\/miguelcomino.cat\/?p=3146"},"modified":"2023-02-12T17:59:33","modified_gmt":"2023-02-12T16:59:33","slug":"parece-ser-que-este-ano-podremos-disfrutar-al-100-de-la-fiesta-mayor","status":"publish","type":"post","link":"https:\/\/miguelcomino.cat\/es\/parece-ser-que-este-ano-podremos-disfrutar-al-100-de-la-fiesta-mayor\/","title":{"rendered":"Parece ser que este a\u00f1o podremos disfrutar al 100% de la Fiesta Mayor"},"content":{"rendered":"\n<p>Parece que esta vez la disfrutaremos al 100%. Llega la fiesta mayor y aunque los problemas con la pandemia todav\u00eda nos afectan, parece que este a\u00f1o la podremos celebrar sin restricciones. Bailaremos, cantaremos y reiremos sin distancias prudenciales y esto ya es una gran ventaja.<\/p>\n\n\n\n<p><strong>Este mes de julio nos deja tambi\u00e9n importantes acuerdos municipales: en septiembre empezar\u00e1n los trabajos de mejora del asfaltado en diferentes calles de la ciudad. <\/strong>De hecho, a partir de la vuelta de vacaciones pondremos en marcha las obras de mejora de diferentes calles de la ciudad que permitir\u00e1n realizar una transformaci\u00f3n del municipio. De momento las obras empezar\u00e1n en la calle del Riu. A\u00f1os despu\u00e9s de la demanda continuada de los vecinos, los terrenos son ya de propiedad municipal y ya podemos mejorar el espacio.<\/p>\n\n\n\n<p><strong>Hay una noticia muy relevante que supondr\u00e1 un cambio en el acceso a nuestra ciudad y es que la Diputaci\u00f3n ya ha aprobado el proyecto para reformar el espacio de las ovejitas; un espacio que ser\u00e1 m\u00e1s seguro para los veh\u00edculos y m\u00e1s accesible para peatones.<\/strong><\/p>\n\n\n\n<p>Pero obras aparte, hemos dado un paso adelante por la integraci\u00f3n de los vecinos y vecinas con problemas de movilidad. <strong>A partir de este verano hemos habilitado un espacio de vestuarios para personas con movilidad reducida.<\/strong> Y tambi\u00e9n estamos de enhorabuena con el espacio agrario, puesto que hemos <strong>puesto en marcha el primer proyecto de espacio test y que permite que una persona pueda probar durante unos a\u00f1os hacer de pay\u00e9s y emprender un negocio agr\u00edcola.<\/strong> El Ayuntamiento le cede unos terrenos y le apoya.<\/p>\n","protected":false},"excerpt":{"rendered":"<p>Este mes de julio nos deja tambi\u00e9n importantes acuerdos municipales: en septiembre empezar\u00e1n los trabajos de mejora del asfaltado en diferentes calles de la ciudad<\/p>\n","protected":false},"author":2,"featured_media":3162,"comment_status":"open","ping_status":"closed","sticky":false,"template":"","format":"standard","meta":{"footnotes":""},"categories":[22],"tags":[36],"class_list":["post-3146","post","type-post","status-publish","format-standard","has-post-thumbnail","hentry","category-fechas-senaladas","tag-fiesta-mayor"],"yoast_head":"<!-- This site is optimized with the Yoast SEO plugin v24.6 - https:\/\/yoast.com\/wordpress\/plugins\/seo\/ -->\n<title>Parece ser que este a\u00f1o podremos disfrutar al 100% de la Fiesta Mayor - Miguel Comino<\/title>\n<meta name=\"description\" content=\"Parece ser que este a\u00f1o podremos disfrutar al 100% de la Fiesta Mayor\" \/>\n<meta name=\"robots\" content=\"index, follow, max-snippet:-1, max-image-preview:large, max-video-preview:-1\" \/>\n<link rel=\"canonical\" href=\"https:\/\/miguelcomino.cat\/es\/parece-ser-que-este-ano-podremos-disfrutar-al-100-de-la-fiesta-mayor\/\" \/>\n<meta property=\"og:locale\" content=\"es_ES\" \/>\n<meta property=\"og:type\" content=\"article\" \/>\n<meta property=\"og:title\" content=\"Parece ser que este a\u00f1o podremos disfrutar al 100% de la Fiesta Mayor - Miguel Comino\" \/>\n<meta property=\"og:description\" content=\"Parece ser que este a\u00f1o podremos disfrutar al 100% de la Fiesta Mayor\" \/>\n<meta property=\"og:url\" content=\"https:\/\/miguelcomino.cat\/es\/parece-ser-que-este-ano-podremos-disfrutar-al-100-de-la-fiesta-mayor\/\" \/>\n<meta property=\"og:site_name\" content=\"Miguel Comino\" \/>\n<meta property=\"article:publisher\" content=\"https:\/\/www.facebook.com\/miguel.comino\/about\" \/>\n<meta property=\"article:author\" content=\"https:\/\/www.facebook.com\/miguel.comino\/about\" \/>\n<meta property=\"article:published_time\" content=\"2022-07-01T15:50:51+00:00\" \/>\n<meta property=\"article:modified_time\" content=\"2023-02-12T16:59:33+00:00\" \/>\n<meta property=\"og:image\" content=\"https:\/\/miguelcomino.cat\/wp-content\/uploads\/2022\/07\/27ffe232-f30c-40d9-86d9-ac5eec859e49-1024x683-1.jpg\" \/>\n\t<meta property=\"og:image:width\" content=\"1024\" \/>\n\t<meta property=\"og:image:height\" content=\"683\" \/>\n\t<meta property=\"og:image:type\" content=\"image\/jpeg\" \/>\n<meta name=\"author\" content=\"Miguel Comino\" \/>\n<meta name=\"twitter:card\" content=\"summary_large_image\" \/>\n<meta name=\"twitter:label1\" content=\"Escrito por\" \/>\n\t<meta name=\"twitter:data1\" content=\"Miguel Comino\" \/>\n\t<meta name=\"twitter:label2\" content=\"Tiempo de lectura\" \/>\n\t<meta name=\"twitter:data2\" content=\"2 minutos\" \/>\n<script type=\"application\/ld+json\" class=\"yoast-schema-graph\">{\"@context\":\"https:\/\/schema.org\",\"@graph\":[{\"@type\":\"Article\",\"@id\":\"https:\/\/miguelcomino.cat\/es\/parece-ser-que-este-ano-podremos-disfrutar-al-100-de-la-fiesta-mayor\/#article\",\"isPartOf\":{\"@id\":\"https:\/\/miguelcomino.cat\/es\/parece-ser-que-este-ano-podremos-disfrutar-al-100-de-la-fiesta-mayor\/\"},\"author\":{\"name\":\"Miguel Comino\",\"@id\":\"https:\/\/miguelcomino.cat\/es\/#\/schema\/person\/4ecf1a3fec86aedb7db8e31067c9ffaf\"},\"headline\":\"Parece ser que este a\u00f1o podremos disfrutar al 100% de la Fiesta Mayor\",\"datePublished\":\"2022-07-01T15:50:51+00:00\",\"dateModified\":\"2023-02-12T16:59:33+00:00\",\"mainEntityOfPage\":{\"@id\":\"https:\/\/miguelcomino.cat\/es\/parece-ser-que-este-ano-podremos-disfrutar-al-100-de-la-fiesta-mayor\/\"},\"wordCount\":292,\"commentCount\":0,\"publisher\":{\"@id\":\"https:\/\/miguelcomino.cat\/es\/#\/schema\/person\/4ecf1a3fec86aedb7db8e31067c9ffaf\"},\"image\":{\"@id\":\"https:\/\/miguelcomino.cat\/es\/parece-ser-que-este-ano-podremos-disfrutar-al-100-de-la-fiesta-mayor\/#primaryimage\"},\"thumbnailUrl\":\"https:\/\/miguelcomino.cat\/wp-content\/uploads\/2022\/07\/27ffe232-f30c-40d9-86d9-ac5eec859e49-1024x683-1.jpg\",\"keywords\":[\"Fiesta Mayor\"],\"articleSection\":[\"Fechas se\u00f1aladas\"],\"inLanguage\":\"es\",\"potentialAction\":[{\"@type\":\"CommentAction\",\"name\":\"Comment\",\"target\":[\"https:\/\/miguelcomino.cat\/es\/parece-ser-que-este-ano-podremos-disfrutar-al-100-de-la-fiesta-mayor\/#respond\"]}]},{\"@type\":\"WebPage\",\"@id\":\"https:\/\/miguelcomino.cat\/es\/parece-ser-que-este-ano-podremos-disfrutar-al-100-de-la-fiesta-mayor\/\",\"url\":\"https:\/\/miguelcomino.cat\/es\/parece-ser-que-este-ano-podremos-disfrutar-al-100-de-la-fiesta-mayor\/\",\"name\":\"Parece ser que este a\u00f1o podremos disfrutar al 100% de la Fiesta Mayor - Miguel Comino\",\"isPartOf\":{\"@id\":\"https:\/\/miguelcomino.cat\/es\/#website\"},\"primaryImageOfPage\":{\"@id\":\"https:\/\/miguelcomino.cat\/es\/parece-ser-que-este-ano-podremos-disfrutar-al-100-de-la-fiesta-mayor\/#primaryimage\"},\"image\":{\"@id\":\"https:\/\/miguelcomino.cat\/es\/parece-ser-que-este-ano-podremos-disfrutar-al-100-de-la-fiesta-mayor\/#primaryimage\"},\"thumbnailUrl\":\"https:\/\/miguelcomino.cat\/wp-content\/uploads\/2022\/07\/27ffe232-f30c-40d9-86d9-ac5eec859e49-1024x683-1.jpg\",\"datePublished\":\"2022-07-01T15:50:51+00:00\",\"dateModified\":\"2023-02-12T16:59:33+00:00\",\"description\":\"Parece ser que este a\u00f1o podremos disfrutar al 100% de la Fiesta Mayor\",\"breadcrumb\":{\"@id\":\"https:\/\/miguelcomino.cat\/es\/parece-ser-que-este-ano-podremos-disfrutar-al-100-de-la-fiesta-mayor\/#breadcrumb\"},\"inLanguage\":\"es\",\"potentialAction\":[{\"@type\":\"ReadAction\",\"target\":[\"https:\/\/miguelcomino.cat\/es\/parece-ser-que-este-ano-podremos-disfrutar-al-100-de-la-fiesta-mayor\/\"]}]},{\"@type\":\"ImageObject\",\"inLanguage\":\"es\",\"@id\":\"https:\/\/miguelcomino.cat\/es\/parece-ser-que-este-ano-podremos-disfrutar-al-100-de-la-fiesta-mayor\/#primaryimage\",\"url\":\"https:\/\/miguelcomino.cat\/wp-content\/uploads\/2022\/07\/27ffe232-f30c-40d9-86d9-ac5eec859e49-1024x683-1.jpg\",\"contentUrl\":\"https:\/\/miguelcomino.cat\/wp-content\/uploads\/2022\/07\/27ffe232-f30c-40d9-86d9-ac5eec859e49-1024x683-1.jpg\",\"width\":1024,\"height\":683},{\"@type\":\"BreadcrumbList\",\"@id\":\"https:\/\/miguelcomino.cat\/es\/parece-ser-que-este-ano-podremos-disfrutar-al-100-de-la-fiesta-mayor\/#breadcrumb\",\"itemListElement\":[{\"@type\":\"ListItem\",\"position\":1,\"name\":\"Portada\",\"item\":\"https:\/\/miguelcomino.cat\/es\/\"},{\"@type\":\"ListItem\",\"position\":2,\"name\":\"Parece ser que este a\u00f1o podremos disfrutar al 100% de la Fiesta Mayor\"}]},{\"@type\":\"WebSite\",\"@id\":\"https:\/\/miguelcomino.cat\/es\/#website\",\"url\":\"https:\/\/miguelcomino.cat\/es\/\",\"name\":\"Miguel Comino\",\"description\":\"Alcalde\",\"publisher\":{\"@id\":\"https:\/\/miguelcomino.cat\/es\/#\/schema\/person\/4ecf1a3fec86aedb7db8e31067c9ffaf\"},\"potentialAction\":[{\"@type\":\"SearchAction\",\"target\":{\"@type\":\"EntryPoint\",\"urlTemplate\":\"https:\/\/miguelcomino.cat\/es\/?s={search_term_string}\"},\"query-input\":{\"@type\":\"PropertyValueSpecification\",\"valueRequired\":true,\"valueName\":\"search_term_string\"}}],\"inLanguage\":\"es\"},{\"@type\":[\"Person\",\"Organization\"],\"@id\":\"https:\/\/miguelcomino.cat\/es\/#\/schema\/person\/4ecf1a3fec86aedb7db8e31067c9ffaf\",\"name\":\"Miguel Comino\",\"image\":{\"@type\":\"ImageObject\",\"inLanguage\":\"es\",\"@id\":\"https:\/\/miguelcomino.cat\/es\/#\/schema\/person\/image\/\",\"url\":\"https:\/\/miguelcomino.cat\/wp-content\/uploads\/2023\/05\/003.png\",\"contentUrl\":\"https:\/\/miguelcomino.cat\/wp-content\/uploads\/2023\/05\/003.png\",\"width\":922,\"height\":572,\"caption\":\"Miguel Comino\"},\"logo\":{\"@id\":\"https:\/\/miguelcomino.cat\/es\/#\/schema\/person\/image\/\"},\"sameAs\":[\"https:\/\/www.facebook.com\/miguel.comino\/about\",\"https:\/\/www.instagram.com\/miguelcomino\/\"],\"url\":\"https:\/\/miguelcomino.cat\/es\/author\/admin-2\/\"}]}<\/script>\n<!-- \/ Yoast SEO plugin. -->","yoast_head_json":{"title":"Parece ser que este a\u00f1o podremos disfrutar al 100% de la Fiesta Mayor - Miguel Comino","description":"Parece ser que este a\u00f1o podremos disfrutar al 100% de la Fiesta Mayor","robots":{"index":"index","follow":"follow","max-snippet":"max-snippet:-1","max-image-preview":"max-image-preview:large","max-video-preview":"max-video-preview:-1"},"canonical":"https:\/\/miguelcomino.cat\/es\/parece-ser-que-este-ano-podremos-disfrutar-al-100-de-la-fiesta-mayor\/","og_locale":"es_ES","og_type":"article","og_title":"Parece ser que este a\u00f1o podremos disfrutar al 100% de la Fiesta Mayor - Miguel Comino","og_description":"Parece ser que este a\u00f1o podremos disfrutar al 100% de la Fiesta Mayor","og_url":"https:\/\/miguelcomino.cat\/es\/parece-ser-que-este-ano-podremos-disfrutar-al-100-de-la-fiesta-mayor\/","og_site_name":"Miguel Comino","article_publisher":"https:\/\/www.facebook.com\/miguel.comino\/about","article_author":"https:\/\/www.facebook.com\/miguel.comino\/about","article_published_time":"2022-07-01T15:50:51+00:00","article_modified_time":"2023-02-12T16:59:33+00:00","og_image":[{"width":1024,"height":683,"url":"https:\/\/miguelcomino.cat\/wp-content\/uploads\/2022\/07\/27ffe232-f30c-40d9-86d9-ac5eec859e49-1024x683-1.jpg","type":"image\/jpeg"}],"author":"Miguel Comino","twitter_card":"summary_large_image","twitter_misc":{"Escrito por":"Miguel Comino","Tiempo de lectura":"2 minutos"},"schema":{"@context":"https:\/\/schema.org","@graph":[{"@type":"Article","@id":"https:\/\/miguelcomino.cat\/es\/parece-ser-que-este-ano-podremos-disfrutar-al-100-de-la-fiesta-mayor\/#article","isPartOf":{"@id":"https:\/\/miguelcomino.cat\/es\/parece-ser-que-este-ano-podremos-disfrutar-al-100-de-la-fiesta-mayor\/"},"author":{"name":"Miguel Comino","@id":"https:\/\/miguelcomino.cat\/es\/#\/schema\/person\/4ecf1a3fec86aedb7db8e31067c9ffaf"},"headline":"Parece ser que este a\u00f1o podremos disfrutar al 100% de la Fiesta Mayor","datePublished":"2022-07-01T15:50:51+00:00","dateModified":"2023-02-12T16:59:33+00:00","mainEntityOfPage":{"@id":"https:\/\/miguelcomino.cat\/es\/parece-ser-que-este-ano-podremos-disfrutar-al-100-de-la-fiesta-mayor\/"},"wordCount":292,"commentCount":0,"publisher":{"@id":"https:\/\/miguelcomino.cat\/es\/#\/schema\/person\/4ecf1a3fec86aedb7db8e31067c9ffaf"},"image":{"@id":"https:\/\/miguelcomino.cat\/es\/parece-ser-que-este-ano-podremos-disfrutar-al-100-de-la-fiesta-mayor\/#primaryimage"},"thumbnailUrl":"https:\/\/miguelcomino.cat\/wp-content\/uploads\/2022\/07\/27ffe232-f30c-40d9-86d9-ac5eec859e49-1024x683-1.jpg","keywords":["Fiesta Mayor"],"articleSection":["Fechas se\u00f1aladas"],"inLanguage":"es","potentialAction":[{"@type":"CommentAction","name":"Comment","target":["https:\/\/miguelcomino.cat\/es\/parece-ser-que-este-ano-podremos-disfrutar-al-100-de-la-fiesta-mayor\/#respond"]}]},{"@type":"WebPage","@id":"https:\/\/miguelcomino.cat\/es\/parece-ser-que-este-ano-podremos-disfrutar-al-100-de-la-fiesta-mayor\/","url":"https:\/\/miguelcomino.cat\/es\/parece-ser-que-este-ano-podremos-disfrutar-al-100-de-la-fiesta-mayor\/","name":"Parece ser que este a\u00f1o podremos disfrutar al 100% de la Fiesta Mayor - Miguel Comino","isPartOf":{"@id":"https:\/\/miguelcomino.cat\/es\/#website"},"primaryImageOfPage":{"@id":"https:\/\/miguelcomino.cat\/es\/parece-ser-que-este-ano-podremos-disfrutar-al-100-de-la-fiesta-mayor\/#primaryimage"},"image":{"@id":"https:\/\/miguelcomino.cat\/es\/parece-ser-que-este-ano-podremos-disfrutar-al-100-de-la-fiesta-mayor\/#primaryimage"},"thumbnailUrl":"https:\/\/miguelcomino.cat\/wp-content\/uploads\/2022\/07\/27ffe232-f30c-40d9-86d9-ac5eec859e49-1024x683-1.jpg","datePublished":"2022-07-01T15:50:51+00:00","dateModified":"2023-02-12T16:59:33+00:00","description":"Parece ser que este a\u00f1o podremos disfrutar al 100% de la Fiesta Mayor","breadcrumb":{"@id":"https:\/\/miguelcomino.cat\/es\/parece-ser-que-este-ano-podremos-disfrutar-al-100-de-la-fiesta-mayor\/#breadcrumb"},"inLanguage":"es","potentialAction":[{"@type":"ReadAction","target":["https:\/\/miguelcomino.cat\/es\/parece-ser-que-este-ano-podremos-disfrutar-al-100-de-la-fiesta-mayor\/"]}]},{"@type":"ImageObject","inLanguage":"es","@id":"https:\/\/miguelcomino.cat\/es\/parece-ser-que-este-ano-podremos-disfrutar-al-100-de-la-fiesta-mayor\/#primaryimage","url":"https:\/\/miguelcomino.cat\/wp-content\/uploads\/2022\/07\/27ffe232-f30c-40d9-86d9-ac5eec859e49-1024x683-1.jpg","contentUrl":"https:\/\/miguelcomino.cat\/wp-content\/uploads\/2022\/07\/27ffe232-f30c-40d9-86d9-ac5eec859e49-1024x683-1.jpg","width":1024,"height":683},{"@type":"BreadcrumbList","@id":"https:\/\/miguelcomino.cat\/es\/parece-ser-que-este-ano-podremos-disfrutar-al-100-de-la-fiesta-mayor\/#breadcrumb","itemListElement":[{"@type":"ListItem","position":1,"name":"Portada","item":"https:\/\/miguelcomino.cat\/es\/"},{"@type":"ListItem","position":2,"name":"Parece ser que este a\u00f1o podremos disfrutar al 100% de la Fiesta Mayor"}]},{"@type":"WebSite","@id":"https:\/\/miguelcomino.cat\/es\/#website","url":"https:\/\/miguelcomino.cat\/es\/","name":"Miguel Comino","description":"Alcalde","publisher":{"@id":"https:\/\/miguelcomino.cat\/es\/#\/schema\/person\/4ecf1a3fec86aedb7db8e31067c9ffaf"},"potentialAction":[{"@type":"SearchAction","target":{"@type":"EntryPoint","urlTemplate":"https:\/\/miguelcomino.cat\/es\/?s={search_term_string}"},"query-input":{"@type":"PropertyValueSpecification","valueRequired":true,"valueName":"search_term_string"}}],"inLanguage":"es"},{"@type":["Person","Organization"],"@id":"https:\/\/miguelcomino.cat\/es\/#\/schema\/person\/4ecf1a3fec86aedb7db8e31067c9ffaf","name":"Miguel Comino","image":{"@type":"ImageObject","inLanguage":"es","@id":"https:\/\/miguelcomino.cat\/es\/#\/schema\/person\/image\/","url":"https:\/\/miguelcomino.cat\/wp-content\/uploads\/2023\/05\/003.png","contentUrl":"https:\/\/miguelcomino.cat\/wp-content\/uploads\/2023\/05\/003.png","width":922,"height":572,"caption":"Miguel Comino"},"logo":{"@id":"https:\/\/miguelcomino.cat\/es\/#\/schema\/person\/image\/"},"sameAs":["https:\/\/www.facebook.com\/miguel.comino\/about","https:\/\/www.instagram.com\/miguelcomino\/"],"url":"https:\/\/miguelcomino.cat\/es\/author\/admin-2\/"}]}},"_links":{"self":[{"href":"https:\/\/miguelcomino.cat\/es\/wp-json\/wp\/v2\/posts\/3146","targetHints":{"allow":["GET"]}}],"collection":[{"href":"https:\/\/miguelcomino.cat\/es\/wp-json\/wp\/v2\/posts"}],"about":[{"href":"https:\/\/miguelcomino.cat\/es\/wp-json\/wp\/v2\/types\/post"}],"author":[{"embeddable":true,"href":"https:\/\/miguelcomino.cat\/es\/wp-json\/wp\/v2\/users\/2"}],"replies":[{"embeddable":true,"href":"https:\/\/miguelcomino.cat\/es\/wp-json\/wp\/v2\/comments?post=3146"}],"version-history":[{"count":2,"href":"https:\/\/miguelcomino.cat\/es\/wp-json\/wp\/v2\/posts\/3146\/revisions"}],"predecessor-version":[{"id":3163,"href":"https:\/\/miguelcomino.cat\/es\/wp-json\/wp\/v2\/posts\/3146\/revisions\/3163"}],"wp:featuredmedia":[{"embeddable":true,"href":"https:\/\/miguelcomino.cat\/es\/wp-json\/wp\/v2\/media\/3162"}],"wp:attachment":[{"href":"https:\/\/miguelcomino.cat\/es\/wp-json\/wp\/v2\/media?parent=3146"}],"wp:term":[{"taxonomy":"category","embeddable":true,"href":"https:\/\/miguelcomino.cat\/es\/wp-json\/wp\/v2\/categories?post=3146"},{"taxonomy":"post_tag","embeddable":true,"href":"https:\/\/miguelcomino.cat\/es\/wp-json\/wp\/v2\/tags?post=3146"}],"curies":[{"name":"wp","href":"https:\/\/api.w.org\/{rel}","templated":true}]}}