{"id":3110,"date":"2022-09-12T17:06:21","date_gmt":"2022-09-12T15:06:21","guid":{"rendered":"https:\/\/miguelcomino.cat\/?p=3110"},"modified":"2023-02-12T17:24:02","modified_gmt":"2023-02-12T16:24:02","slug":"vuelta-a-la-rutina","status":"publish","type":"post","link":"https:\/\/miguelcomino.cat\/es\/vuelta-a-la-rutina\/","title":{"rendered":"Vuelta a la rutina"},"content":{"rendered":"\n<p>Estos d\u00edas las calles de Sant Vicen\u00e7 dels Horts se vuelven a llenar de vecinos y vecinas que se han ido de vacaciones durante el mes de agosto y que poco a poco van volviendo a la rutina. Volvemos a nuestros trabajos, a nuestras costumbres y los m\u00e1s peque\u00f1os se preparan para ir a la escuela. <\/p>\n\n\n\n<p>En el Ayuntamiento tenemos todas las escuelas preparadas para recibir al alumnado. Adem\u00e1s, ya estamos en la recta final de las obras para el traslado de la guarder\u00eda municipal Petit Mamut. Esta escuela permitir\u00e1 mejorar las guarder\u00edas municipales y ampliar el n\u00famero de plazas. <strong>Adem\u00e1s, este a\u00f1o el P2 es gratuito. Desde el PSC apostamos por favorecer la escolarizaci\u00f3n desde los cero a\u00f1os.<\/strong> Por eso, una de las acciones m\u00e1s importantes que hemos iniciado es la mejora de las escuelas, la renovaci\u00f3n del colegio Sant Jordi o la nueva guarder\u00eda. Desde hace tiempo que reclamamos a la Generalitat un calendario de actuaciones de la escuela Sant Jordi para poder decidir si es necesario adelantar el dinero para que la obra vaya m\u00e1s deprisa, pero la Generalitat no nos da respuesta. En cuanto a la guarder\u00eda, los y las socialistas tenemos muy claro que una cosa es hablar y la otra es actuar. Esta guarder\u00eda la pondremos en funcionamiento nosotros. La \u00faltima guarder\u00eda que hizo el Ayuntamiento tambi\u00e9n se hizo en \u00e9poca socialista.<\/p>\n\n\n\n<p><strong>Si algo demuestra nuestra trayectoria es que quienes m\u00e1s se han preocupado por la escolarizaci\u00f3n y la formaci\u00f3n de los vicentinos y vicentinas desde el nacimiento y a lo largo de la vida han sido los diferentes gobiernos socialistas que ha habido en la ciudad.<\/strong><\/p>\n\n\n\n<p><strong>No quiero olvidarme recordar que a partir de este mes se rebajan las tarifas del transporte interurbano gracias a un acuerdo del gobierno de Espa\u00f1a.<\/strong><\/p>\n","protected":false},"excerpt":{"rendered":"<p>Si algo demuestra nuestra trayectoria es que quienes m\u00e1s se han preocupado por la escolarizaci\u00f3n y la formaci\u00f3n de los vicentinos y vicentinas desde el nacimiento y a lo largo de la vida han sido los diferentes gobiernos socialistas que ha habido en la ciudad.<\/p>\n","protected":false},"author":2,"featured_media":3124,"comment_status":"open","ping_status":"closed","sticky":false,"template":"","format":"standard","meta":{"footnotes":""},"categories":[29],"tags":[30,32,31],"class_list":["post-3110","post","type-post","status-publish","format-standard","has-post-thumbnail","hentry","category-educacion","tag-formacion","tag-gratuidad-p2","tag-tarifas-de-transporte"],"yoast_head":"<!-- This site is optimized with the Yoast SEO plugin v24.6 - https:\/\/yoast.com\/wordpress\/plugins\/seo\/ -->\n<title>Vuelta a la rutina - Miguel Comino<\/title>\n<meta name=\"description\" content=\"Vuelta a la rutina. Si algo demuestra nuestra trayectoria es que quienes m\u00e1s se han preocupado por la escolarizaci\u00f3n y la formaci\u00f3n de los vicentinos y vicentinas desde el nacimiento y a lo largo de la vida han sido los diferentes gobiernos socialistas que ha habido en la ciudad.\" \/>\n<meta name=\"robots\" content=\"index, follow, max-snippet:-1, max-image-preview:large, max-video-preview:-1\" \/>\n<link rel=\"canonical\" href=\"https:\/\/miguelcomino.cat\/es\/vuelta-a-la-rutina\/\" \/>\n<meta property=\"og:locale\" content=\"es_ES\" \/>\n<meta property=\"og:type\" content=\"article\" \/>\n<meta property=\"og:title\" content=\"Vuelta a la rutina - Miguel Comino\" \/>\n<meta property=\"og:description\" content=\"Vuelta a la rutina. Si algo demuestra nuestra trayectoria es que quienes m\u00e1s se han preocupado por la escolarizaci\u00f3n y la formaci\u00f3n de los vicentinos y vicentinas desde el nacimiento y a lo largo de la vida han sido los diferentes gobiernos socialistas que ha habido en la ciudad.\" \/>\n<meta property=\"og:url\" content=\"https:\/\/miguelcomino.cat\/es\/vuelta-a-la-rutina\/\" \/>\n<meta property=\"og:site_name\" content=\"Miguel Comino\" \/>\n<meta property=\"article:publisher\" content=\"https:\/\/www.facebook.com\/miguel.comino\/about\" \/>\n<meta property=\"article:author\" content=\"https:\/\/www.facebook.com\/miguel.comino\/about\" \/>\n<meta property=\"article:published_time\" content=\"2022-09-12T15:06:21+00:00\" \/>\n<meta property=\"article:modified_time\" content=\"2023-02-12T16:24:02+00:00\" \/>\n<meta property=\"og:image\" content=\"https:\/\/miguelcomino.cat\/wp-content\/uploads\/2022\/09\/Captura-de-pantalla-2023-02-12-172116.png\" \/>\n\t<meta property=\"og:image:width\" content=\"952\" \/>\n\t<meta property=\"og:image:height\" content=\"733\" \/>\n\t<meta property=\"og:image:type\" content=\"image\/png\" \/>\n<meta name=\"author\" content=\"Miguel Comino\" \/>\n<meta name=\"twitter:card\" content=\"summary_large_image\" \/>\n<meta name=\"twitter:label1\" content=\"Escrito por\" \/>\n\t<meta name=\"twitter:data1\" content=\"Miguel Comino\" \/>\n\t<meta name=\"twitter:label2\" content=\"Tiempo de lectura\" \/>\n\t<meta name=\"twitter:data2\" content=\"2 minutos\" \/>\n<script type=\"application\/ld+json\" class=\"yoast-schema-graph\">{\"@context\":\"https:\/\/schema.org\",\"@graph\":[{\"@type\":\"Article\",\"@id\":\"https:\/\/miguelcomino.cat\/es\/vuelta-a-la-rutina\/#article\",\"isPartOf\":{\"@id\":\"https:\/\/miguelcomino.cat\/es\/vuelta-a-la-rutina\/\"},\"author\":{\"name\":\"Miguel Comino\",\"@id\":\"https:\/\/miguelcomino.cat\/es\/#\/schema\/person\/4ecf1a3fec86aedb7db8e31067c9ffaf\"},\"headline\":\"Vuelta a la rutina\",\"datePublished\":\"2022-09-12T15:06:21+00:00\",\"dateModified\":\"2023-02-12T16:24:02+00:00\",\"mainEntityOfPage\":{\"@id\":\"https:\/\/miguelcomino.cat\/es\/vuelta-a-la-rutina\/\"},\"wordCount\":325,\"commentCount\":0,\"publisher\":{\"@id\":\"https:\/\/miguelcomino.cat\/es\/#\/schema\/person\/4ecf1a3fec86aedb7db8e31067c9ffaf\"},\"image\":{\"@id\":\"https:\/\/miguelcomino.cat\/es\/vuelta-a-la-rutina\/#primaryimage\"},\"thumbnailUrl\":\"https:\/\/miguelcomino.cat\/wp-content\/uploads\/2022\/09\/Captura-de-pantalla-2023-02-12-172116.png\",\"keywords\":[\"Formaci\u00f3n\",\"Gratuidad P2\",\"Tarifas de transporte\"],\"articleSection\":[\"Educaci\u00f3n\"],\"inLanguage\":\"es\",\"potentialAction\":[{\"@type\":\"CommentAction\",\"name\":\"Comment\",\"target\":[\"https:\/\/miguelcomino.cat\/es\/vuelta-a-la-rutina\/#respond\"]}]},{\"@type\":\"WebPage\",\"@id\":\"https:\/\/miguelcomino.cat\/es\/vuelta-a-la-rutina\/\",\"url\":\"https:\/\/miguelcomino.cat\/es\/vuelta-a-la-rutina\/\",\"name\":\"Vuelta a la rutina - Miguel Comino\",\"isPartOf\":{\"@id\":\"https:\/\/miguelcomino.cat\/es\/#website\"},\"primaryImageOfPage\":{\"@id\":\"https:\/\/miguelcomino.cat\/es\/vuelta-a-la-rutina\/#primaryimage\"},\"image\":{\"@id\":\"https:\/\/miguelcomino.cat\/es\/vuelta-a-la-rutina\/#primaryimage\"},\"thumbnailUrl\":\"https:\/\/miguelcomino.cat\/wp-content\/uploads\/2022\/09\/Captura-de-pantalla-2023-02-12-172116.png\",\"datePublished\":\"2022-09-12T15:06:21+00:00\",\"dateModified\":\"2023-02-12T16:24:02+00:00\",\"description\":\"Vuelta a la rutina. Si algo demuestra nuestra trayectoria es que quienes m\u00e1s se han preocupado por la escolarizaci\u00f3n y la formaci\u00f3n de los vicentinos y vicentinas desde el nacimiento y a lo largo de la vida han sido los diferentes gobiernos socialistas que ha habido en la ciudad.\",\"breadcrumb\":{\"@id\":\"https:\/\/miguelcomino.cat\/es\/vuelta-a-la-rutina\/#breadcrumb\"},\"inLanguage\":\"es\",\"potentialAction\":[{\"@type\":\"ReadAction\",\"target\":[\"https:\/\/miguelcomino.cat\/es\/vuelta-a-la-rutina\/\"]}]},{\"@type\":\"ImageObject\",\"inLanguage\":\"es\",\"@id\":\"https:\/\/miguelcomino.cat\/es\/vuelta-a-la-rutina\/#primaryimage\",\"url\":\"https:\/\/miguelcomino.cat\/wp-content\/uploads\/2022\/09\/Captura-de-pantalla-2023-02-12-172116.png\",\"contentUrl\":\"https:\/\/miguelcomino.cat\/wp-content\/uploads\/2022\/09\/Captura-de-pantalla-2023-02-12-172116.png\",\"width\":952,\"height\":733},{\"@type\":\"BreadcrumbList\",\"@id\":\"https:\/\/miguelcomino.cat\/es\/vuelta-a-la-rutina\/#breadcrumb\",\"itemListElement\":[{\"@type\":\"ListItem\",\"position\":1,\"name\":\"Portada\",\"item\":\"https:\/\/miguelcomino.cat\/es\/\"},{\"@type\":\"ListItem\",\"position\":2,\"name\":\"Vuelta a la rutina\"}]},{\"@type\":\"WebSite\",\"@id\":\"https:\/\/miguelcomino.cat\/es\/#website\",\"url\":\"https:\/\/miguelcomino.cat\/es\/\",\"name\":\"Miguel Comino\",\"description\":\"Alcalde\",\"publisher\":{\"@id\":\"https:\/\/miguelcomino.cat\/es\/#\/schema\/person\/4ecf1a3fec86aedb7db8e31067c9ffaf\"},\"potentialAction\":[{\"@type\":\"SearchAction\",\"target\":{\"@type\":\"EntryPoint\",\"urlTemplate\":\"https:\/\/miguelcomino.cat\/es\/?s={search_term_string}\"},\"query-input\":{\"@type\":\"PropertyValueSpecification\",\"valueRequired\":true,\"valueName\":\"search_term_string\"}}],\"inLanguage\":\"es\"},{\"@type\":[\"Person\",\"Organization\"],\"@id\":\"https:\/\/miguelcomino.cat\/es\/#\/schema\/person\/4ecf1a3fec86aedb7db8e31067c9ffaf\",\"name\":\"Miguel Comino\",\"image\":{\"@type\":\"ImageObject\",\"inLanguage\":\"es\",\"@id\":\"https:\/\/miguelcomino.cat\/es\/#\/schema\/person\/image\/\",\"url\":\"https:\/\/miguelcomino.cat\/wp-content\/uploads\/2023\/05\/003.png\",\"contentUrl\":\"https:\/\/miguelcomino.cat\/wp-content\/uploads\/2023\/05\/003.png\",\"width\":922,\"height\":572,\"caption\":\"Miguel Comino\"},\"logo\":{\"@id\":\"https:\/\/miguelcomino.cat\/es\/#\/schema\/person\/image\/\"},\"sameAs\":[\"https:\/\/www.facebook.com\/miguel.comino\/about\",\"https:\/\/www.instagram.com\/miguelcomino\/\"],\"url\":\"https:\/\/miguelcomino.cat\/es\/author\/admin-2\/\"}]}<\/script>\n<!-- \/ Yoast SEO plugin. -->","yoast_head_json":{"title":"Vuelta a la rutina - Miguel Comino","description":"Vuelta a la rutina. Si algo demuestra nuestra trayectoria es que quienes m\u00e1s se han preocupado por la escolarizaci\u00f3n y la formaci\u00f3n de los vicentinos y vicentinas desde el nacimiento y a lo largo de la vida han sido los diferentes gobiernos socialistas que ha habido en la ciudad.","robots":{"index":"index","follow":"follow","max-snippet":"max-snippet:-1","max-image-preview":"max-image-preview:large","max-video-preview":"max-video-preview:-1"},"canonical":"https:\/\/miguelcomino.cat\/es\/vuelta-a-la-rutina\/","og_locale":"es_ES","og_type":"article","og_title":"Vuelta a la rutina - Miguel Comino","og_description":"Vuelta a la rutina. Si algo demuestra nuestra trayectoria es que quienes m\u00e1s se han preocupado por la escolarizaci\u00f3n y la formaci\u00f3n de los vicentinos y vicentinas desde el nacimiento y a lo largo de la vida han sido los diferentes gobiernos socialistas que ha habido en la ciudad.","og_url":"https:\/\/miguelcomino.cat\/es\/vuelta-a-la-rutina\/","og_site_name":"Miguel Comino","article_publisher":"https:\/\/www.facebook.com\/miguel.comino\/about","article_author":"https:\/\/www.facebook.com\/miguel.comino\/about","article_published_time":"2022-09-12T15:06:21+00:00","article_modified_time":"2023-02-12T16:24:02+00:00","og_image":[{"width":952,"height":733,"url":"https:\/\/miguelcomino.cat\/wp-content\/uploads\/2022\/09\/Captura-de-pantalla-2023-02-12-172116.png","type":"image\/png"}],"author":"Miguel Comino","twitter_card":"summary_large_image","twitter_misc":{"Escrito por":"Miguel Comino","Tiempo de lectura":"2 minutos"},"schema":{"@context":"https:\/\/schema.org","@graph":[{"@type":"Article","@id":"https:\/\/miguelcomino.cat\/es\/vuelta-a-la-rutina\/#article","isPartOf":{"@id":"https:\/\/miguelcomino.cat\/es\/vuelta-a-la-rutina\/"},"author":{"name":"Miguel Comino","@id":"https:\/\/miguelcomino.cat\/es\/#\/schema\/person\/4ecf1a3fec86aedb7db8e31067c9ffaf"},"headline":"Vuelta a la rutina","datePublished":"2022-09-12T15:06:21+00:00","dateModified":"2023-02-12T16:24:02+00:00","mainEntityOfPage":{"@id":"https:\/\/miguelcomino.cat\/es\/vuelta-a-la-rutina\/"},"wordCount":325,"commentCount":0,"publisher":{"@id":"https:\/\/miguelcomino.cat\/es\/#\/schema\/person\/4ecf1a3fec86aedb7db8e31067c9ffaf"},"image":{"@id":"https:\/\/miguelcomino.cat\/es\/vuelta-a-la-rutina\/#primaryimage"},"thumbnailUrl":"https:\/\/miguelcomino.cat\/wp-content\/uploads\/2022\/09\/Captura-de-pantalla-2023-02-12-172116.png","keywords":["Formaci\u00f3n","Gratuidad P2","Tarifas de transporte"],"articleSection":["Educaci\u00f3n"],"inLanguage":"es","potentialAction":[{"@type":"CommentAction","name":"Comment","target":["https:\/\/miguelcomino.cat\/es\/vuelta-a-la-rutina\/#respond"]}]},{"@type":"WebPage","@id":"https:\/\/miguelcomino.cat\/es\/vuelta-a-la-rutina\/","url":"https:\/\/miguelcomino.cat\/es\/vuelta-a-la-rutina\/","name":"Vuelta a la rutina - Miguel Comino","isPartOf":{"@id":"https:\/\/miguelcomino.cat\/es\/#website"},"primaryImageOfPage":{"@id":"https:\/\/miguelcomino.cat\/es\/vuelta-a-la-rutina\/#primaryimage"},"image":{"@id":"https:\/\/miguelcomino.cat\/es\/vuelta-a-la-rutina\/#primaryimage"},"thumbnailUrl":"https:\/\/miguelcomino.cat\/wp-content\/uploads\/2022\/09\/Captura-de-pantalla-2023-02-12-172116.png","datePublished":"2022-09-12T15:06:21+00:00","dateModified":"2023-02-12T16:24:02+00:00","description":"Vuelta a la rutina. Si algo demuestra nuestra trayectoria es que quienes m\u00e1s se han preocupado por la escolarizaci\u00f3n y la formaci\u00f3n de los vicentinos y vicentinas desde el nacimiento y a lo largo de la vida han sido los diferentes gobiernos socialistas que ha habido en la ciudad.","breadcrumb":{"@id":"https:\/\/miguelcomino.cat\/es\/vuelta-a-la-rutina\/#breadcrumb"},"inLanguage":"es","potentialAction":[{"@type":"ReadAction","target":["https:\/\/miguelcomino.cat\/es\/vuelta-a-la-rutina\/"]}]},{"@type":"ImageObject","inLanguage":"es","@id":"https:\/\/miguelcomino.cat\/es\/vuelta-a-la-rutina\/#primaryimage","url":"https:\/\/miguelcomino.cat\/wp-content\/uploads\/2022\/09\/Captura-de-pantalla-2023-02-12-172116.png","contentUrl":"https:\/\/miguelcomino.cat\/wp-content\/uploads\/2022\/09\/Captura-de-pantalla-2023-02-12-172116.png","width":952,"height":733},{"@type":"BreadcrumbList","@id":"https:\/\/miguelcomino.cat\/es\/vuelta-a-la-rutina\/#breadcrumb","itemListElement":[{"@type":"ListItem","position":1,"name":"Portada","item":"https:\/\/miguelcomino.cat\/es\/"},{"@type":"ListItem","position":2,"name":"Vuelta a la rutina"}]},{"@type":"WebSite","@id":"https:\/\/miguelcomino.cat\/es\/#website","url":"https:\/\/miguelcomino.cat\/es\/","name":"Miguel Comino","description":"Alcalde","publisher":{"@id":"https:\/\/miguelcomino.cat\/es\/#\/schema\/person\/4ecf1a3fec86aedb7db8e31067c9ffaf"},"potentialAction":[{"@type":"SearchAction","target":{"@type":"EntryPoint","urlTemplate":"https:\/\/miguelcomino.cat\/es\/?s={search_term_string}"},"query-input":{"@type":"PropertyValueSpecification","valueRequired":true,"valueName":"search_term_string"}}],"inLanguage":"es"},{"@type":["Person","Organization"],"@id":"https:\/\/miguelcomino.cat\/es\/#\/schema\/person\/4ecf1a3fec86aedb7db8e31067c9ffaf","name":"Miguel Comino","image":{"@type":"ImageObject","inLanguage":"es","@id":"https:\/\/miguelcomino.cat\/es\/#\/schema\/person\/image\/","url":"https:\/\/miguelcomino.cat\/wp-content\/uploads\/2023\/05\/003.png","contentUrl":"https:\/\/miguelcomino.cat\/wp-content\/uploads\/2023\/05\/003.png","width":922,"height":572,"caption":"Miguel Comino"},"logo":{"@id":"https:\/\/miguelcomino.cat\/es\/#\/schema\/person\/image\/"},"sameAs":["https:\/\/www.facebook.com\/miguel.comino\/about","https:\/\/www.instagram.com\/miguelcomino\/"],"url":"https:\/\/miguelcomino.cat\/es\/author\/admin-2\/"}]}},"_links":{"self":[{"href":"https:\/\/miguelcomino.cat\/es\/wp-json\/wp\/v2\/posts\/3110","targetHints":{"allow":["GET"]}}],"collection":[{"href":"https:\/\/miguelcomino.cat\/es\/wp-json\/wp\/v2\/posts"}],"about":[{"href":"https:\/\/miguelcomino.cat\/es\/wp-json\/wp\/v2\/types\/post"}],"author":[{"embeddable":true,"href":"https:\/\/miguelcomino.cat\/es\/wp-json\/wp\/v2\/users\/2"}],"replies":[{"embeddable":true,"href":"https:\/\/miguelcomino.cat\/es\/wp-json\/wp\/v2\/comments?post=3110"}],"version-history":[{"count":2,"href":"https:\/\/miguelcomino.cat\/es\/wp-json\/wp\/v2\/posts\/3110\/revisions"}],"predecessor-version":[{"id":3126,"href":"https:\/\/miguelcomino.cat\/es\/wp-json\/wp\/v2\/posts\/3110\/revisions\/3126"}],"wp:featuredmedia":[{"embeddable":true,"href":"https:\/\/miguelcomino.cat\/es\/wp-json\/wp\/v2\/media\/3124"}],"wp:attachment":[{"href":"https:\/\/miguelcomino.cat\/es\/wp-json\/wp\/v2\/media?parent=3110"}],"wp:term":[{"taxonomy":"category","embeddable":true,"href":"https:\/\/miguelcomino.cat\/es\/wp-json\/wp\/v2\/categories?post=3110"},{"taxonomy":"post_tag","embeddable":true,"href":"https:\/\/miguelcomino.cat\/es\/wp-json\/wp\/v2\/tags?post=3110"}],"curies":[{"name":"wp","href":"https:\/\/api.w.org\/{rel}","templated":true}]}}