{"id":3050,"date":"2022-12-13T12:43:18","date_gmt":"2022-12-13T11:43:18","guid":{"rendered":"https:\/\/miguelcomino.cat\/?p=3050"},"modified":"2023-02-12T13:15:01","modified_gmt":"2023-02-12T12:15:01","slug":"llega-navidad","status":"publish","type":"post","link":"https:\/\/miguelcomino.cat\/es\/llega-navidad\/","title":{"rendered":"Llega la Navidad"},"content":{"rendered":"\n<p>Llega la Navidad. Son fechas para estar con las personas que m\u00e1s queremos y para recordarlos, lo hacemos a trav\u00e9s de  regalos como cagar el ti\u00f3, los Reyes Magos o Papa Noel, y as\u00ed transmitir como son de importantes para nosotros. Os propongo que encargu\u00e9is las listas de regalos a los comercios locales, porque una ciudad la forman la gente y sus distintos paisajes. Nuestras tiendas son nuestro paisaje y nos gusta poder disfrutar. Adem\u00e1s, y por segunda vez, podr\u00e9is disfrutar de los descuentos de la pista de hielo que hemos instalado en la plaza de Narciso Lunes. Una iniciativa conjunta del Ayuntamiento, de la <em>Uni\u00f3 de Botiguers<\/em> y de <em>San Vicen\u00e7 Suma<\/em> que sirve para reactivar los comercios y para que grandes y peque\u00f1os disfrutemos de este equipamiento.<\/p>\n\n\n\n<p>En el Ayuntamiento ya hemos hecho cagar el ti\u00f3: somos el \u00fanico municipio de menos de 50.000 habitantes a quienes la AMB ha concedido una ayuda de apoyo a los barrios de un mill\u00f3n de euros. De este modo quedan garantizadas para los pr\u00f3ximos a\u00f1os un gran n\u00famero de actividades que estamos realizando o que queremos hacer en barrios como Can Ros, La Guardia o Sant Josep.<\/p>\n\n\n\n<p>Disfrutad todos y todas de la Navidad. <\/p>\n\n\n\n<p>Desde el PSC ya trabajamos por la ciudad del futuro.<\/p>\n","protected":false},"excerpt":{"rendered":"<p>Os propongo que encargu\u00e9is las listas de regalos a los comercios locales, porque una ciudad la forman la gente y sus distintos paisajes.<\/p>\n","protected":false},"author":2,"featured_media":3052,"comment_status":"open","ping_status":"closed","sticky":false,"template":"","format":"standard","meta":{"footnotes":""},"categories":[20],"tags":[21],"class_list":["post-3050","post","type-post","status-publish","format-standard","has-post-thumbnail","hentry","category-actividad-municipal","tag-comercio-local"],"yoast_head":"<!-- This site is optimized with the Yoast SEO plugin v24.6 - https:\/\/yoast.com\/wordpress\/plugins\/seo\/ -->\n<title>Llega la Navidad - Miguel Comino alcalde PSC Sant Vicen\u00e7 dels Horts<\/title>\n<meta name=\"description\" content=\"Llega la Navidad. Miguel Comino, alcalde PSC Sant Vicen\u00e7 dels Horts. Os propongo que encargu\u00e9is las listas de regalos a los comercios locales, porque una ciudad la forman la gente y sus distintos paisajes.\" \/>\n<meta name=\"robots\" content=\"index, follow, max-snippet:-1, max-image-preview:large, max-video-preview:-1\" \/>\n<link rel=\"canonical\" href=\"https:\/\/miguelcomino.cat\/es\/llega-navidad\/\" \/>\n<meta property=\"og:locale\" content=\"es_ES\" \/>\n<meta property=\"og:type\" content=\"article\" \/>\n<meta property=\"og:title\" content=\"Llega la Navidad - Miguel Comino alcalde PSC Sant Vicen\u00e7 dels Horts\" \/>\n<meta property=\"og:description\" content=\"Llega la Navidad. Miguel Comino, alcalde PSC Sant Vicen\u00e7 dels Horts. Os propongo que encargu\u00e9is las listas de regalos a los comercios locales, porque una ciudad la forman la gente y sus distintos paisajes.\" \/>\n<meta property=\"og:url\" content=\"https:\/\/miguelcomino.cat\/es\/llega-navidad\/\" \/>\n<meta property=\"og:site_name\" content=\"Miguel Comino\" \/>\n<meta property=\"article:publisher\" content=\"https:\/\/www.facebook.com\/miguel.comino\/about\" \/>\n<meta property=\"article:author\" content=\"https:\/\/www.facebook.com\/miguel.comino\/about\" \/>\n<meta property=\"article:published_time\" content=\"2022-12-13T11:43:18+00:00\" \/>\n<meta property=\"article:modified_time\" content=\"2023-02-12T12:15:01+00:00\" \/>\n<meta property=\"og:image\" content=\"https:\/\/miguelcomino.cat\/wp-content\/uploads\/2023\/02\/7b0d7691-ea7c-49cc-abdd-3e1ba123be27-1024x683-1.jpeg\" \/>\n\t<meta property=\"og:image:width\" content=\"1024\" \/>\n\t<meta property=\"og:image:height\" content=\"683\" \/>\n\t<meta property=\"og:image:type\" content=\"image\/jpeg\" \/>\n<meta name=\"author\" content=\"Miguel Comino\" \/>\n<meta name=\"twitter:card\" content=\"summary_large_image\" \/>\n<meta name=\"twitter:label1\" content=\"Escrito por\" \/>\n\t<meta name=\"twitter:data1\" content=\"Miguel Comino\" \/>\n\t<meta name=\"twitter:label2\" content=\"Tiempo de lectura\" \/>\n\t<meta name=\"twitter:data2\" content=\"1 minuto\" \/>\n<script type=\"application\/ld+json\" class=\"yoast-schema-graph\">{\"@context\":\"https:\/\/schema.org\",\"@graph\":[{\"@type\":\"Article\",\"@id\":\"https:\/\/miguelcomino.cat\/es\/llega-navidad\/#article\",\"isPartOf\":{\"@id\":\"https:\/\/miguelcomino.cat\/es\/llega-navidad\/\"},\"author\":{\"name\":\"Miguel Comino\",\"@id\":\"https:\/\/miguelcomino.cat\/es\/#\/schema\/person\/4ecf1a3fec86aedb7db8e31067c9ffaf\"},\"headline\":\"Llega la Navidad\",\"datePublished\":\"2022-12-13T11:43:18+00:00\",\"dateModified\":\"2023-02-12T12:15:01+00:00\",\"mainEntityOfPage\":{\"@id\":\"https:\/\/miguelcomino.cat\/es\/llega-navidad\/\"},\"wordCount\":225,\"commentCount\":0,\"publisher\":{\"@id\":\"https:\/\/miguelcomino.cat\/es\/#\/schema\/person\/4ecf1a3fec86aedb7db8e31067c9ffaf\"},\"image\":{\"@id\":\"https:\/\/miguelcomino.cat\/es\/llega-navidad\/#primaryimage\"},\"thumbnailUrl\":\"https:\/\/miguelcomino.cat\/wp-content\/uploads\/2023\/02\/7b0d7691-ea7c-49cc-abdd-3e1ba123be27-1024x683-1.jpeg\",\"keywords\":[\"Comercio local\"],\"articleSection\":[\"Actividad municipal\"],\"inLanguage\":\"es\",\"potentialAction\":[{\"@type\":\"CommentAction\",\"name\":\"Comment\",\"target\":[\"https:\/\/miguelcomino.cat\/es\/llega-navidad\/#respond\"]}]},{\"@type\":\"WebPage\",\"@id\":\"https:\/\/miguelcomino.cat\/es\/llega-navidad\/\",\"url\":\"https:\/\/miguelcomino.cat\/es\/llega-navidad\/\",\"name\":\"Llega la Navidad - Miguel Comino alcalde PSC Sant Vicen\u00e7 dels Horts\",\"isPartOf\":{\"@id\":\"https:\/\/miguelcomino.cat\/es\/#website\"},\"primaryImageOfPage\":{\"@id\":\"https:\/\/miguelcomino.cat\/es\/llega-navidad\/#primaryimage\"},\"image\":{\"@id\":\"https:\/\/miguelcomino.cat\/es\/llega-navidad\/#primaryimage\"},\"thumbnailUrl\":\"https:\/\/miguelcomino.cat\/wp-content\/uploads\/2023\/02\/7b0d7691-ea7c-49cc-abdd-3e1ba123be27-1024x683-1.jpeg\",\"datePublished\":\"2022-12-13T11:43:18+00:00\",\"dateModified\":\"2023-02-12T12:15:01+00:00\",\"description\":\"Llega la Navidad. Miguel Comino, alcalde PSC Sant Vicen\u00e7 dels Horts. Os propongo que encargu\u00e9is las listas de regalos a los comercios locales, porque una ciudad la forman la gente y sus distintos paisajes.\",\"breadcrumb\":{\"@id\":\"https:\/\/miguelcomino.cat\/es\/llega-navidad\/#breadcrumb\"},\"inLanguage\":\"es\",\"potentialAction\":[{\"@type\":\"ReadAction\",\"target\":[\"https:\/\/miguelcomino.cat\/es\/llega-navidad\/\"]}]},{\"@type\":\"ImageObject\",\"inLanguage\":\"es\",\"@id\":\"https:\/\/miguelcomino.cat\/es\/llega-navidad\/#primaryimage\",\"url\":\"https:\/\/miguelcomino.cat\/wp-content\/uploads\/2023\/02\/7b0d7691-ea7c-49cc-abdd-3e1ba123be27-1024x683-1.jpeg\",\"contentUrl\":\"https:\/\/miguelcomino.cat\/wp-content\/uploads\/2023\/02\/7b0d7691-ea7c-49cc-abdd-3e1ba123be27-1024x683-1.jpeg\",\"width\":1024,\"height\":683},{\"@type\":\"BreadcrumbList\",\"@id\":\"https:\/\/miguelcomino.cat\/es\/llega-navidad\/#breadcrumb\",\"itemListElement\":[{\"@type\":\"ListItem\",\"position\":1,\"name\":\"Portada\",\"item\":\"https:\/\/miguelcomino.cat\/es\/\"},{\"@type\":\"ListItem\",\"position\":2,\"name\":\"Llega la Navidad\"}]},{\"@type\":\"WebSite\",\"@id\":\"https:\/\/miguelcomino.cat\/es\/#website\",\"url\":\"https:\/\/miguelcomino.cat\/es\/\",\"name\":\"Miguel Comino\",\"description\":\"Alcalde\",\"publisher\":{\"@id\":\"https:\/\/miguelcomino.cat\/es\/#\/schema\/person\/4ecf1a3fec86aedb7db8e31067c9ffaf\"},\"potentialAction\":[{\"@type\":\"SearchAction\",\"target\":{\"@type\":\"EntryPoint\",\"urlTemplate\":\"https:\/\/miguelcomino.cat\/es\/?s={search_term_string}\"},\"query-input\":{\"@type\":\"PropertyValueSpecification\",\"valueRequired\":true,\"valueName\":\"search_term_string\"}}],\"inLanguage\":\"es\"},{\"@type\":[\"Person\",\"Organization\"],\"@id\":\"https:\/\/miguelcomino.cat\/es\/#\/schema\/person\/4ecf1a3fec86aedb7db8e31067c9ffaf\",\"name\":\"Miguel Comino\",\"image\":{\"@type\":\"ImageObject\",\"inLanguage\":\"es\",\"@id\":\"https:\/\/miguelcomino.cat\/es\/#\/schema\/person\/image\/\",\"url\":\"https:\/\/miguelcomino.cat\/wp-content\/uploads\/2023\/05\/003.png\",\"contentUrl\":\"https:\/\/miguelcomino.cat\/wp-content\/uploads\/2023\/05\/003.png\",\"width\":922,\"height\":572,\"caption\":\"Miguel Comino\"},\"logo\":{\"@id\":\"https:\/\/miguelcomino.cat\/es\/#\/schema\/person\/image\/\"},\"sameAs\":[\"https:\/\/www.facebook.com\/miguel.comino\/about\",\"https:\/\/www.instagram.com\/miguelcomino\/\"],\"url\":\"https:\/\/miguelcomino.cat\/es\/author\/admin-2\/\"}]}<\/script>\n<!-- \/ Yoast SEO plugin. -->","yoast_head_json":{"title":"Llega la Navidad - Miguel Comino alcalde PSC Sant Vicen\u00e7 dels Horts","description":"Llega la Navidad. Miguel Comino, alcalde PSC Sant Vicen\u00e7 dels Horts. Os propongo que encargu\u00e9is las listas de regalos a los comercios locales, porque una ciudad la forman la gente y sus distintos paisajes.","robots":{"index":"index","follow":"follow","max-snippet":"max-snippet:-1","max-image-preview":"max-image-preview:large","max-video-preview":"max-video-preview:-1"},"canonical":"https:\/\/miguelcomino.cat\/es\/llega-navidad\/","og_locale":"es_ES","og_type":"article","og_title":"Llega la Navidad - Miguel Comino alcalde PSC Sant Vicen\u00e7 dels Horts","og_description":"Llega la Navidad. Miguel Comino, alcalde PSC Sant Vicen\u00e7 dels Horts. Os propongo que encargu\u00e9is las listas de regalos a los comercios locales, porque una ciudad la forman la gente y sus distintos paisajes.","og_url":"https:\/\/miguelcomino.cat\/es\/llega-navidad\/","og_site_name":"Miguel Comino","article_publisher":"https:\/\/www.facebook.com\/miguel.comino\/about","article_author":"https:\/\/www.facebook.com\/miguel.comino\/about","article_published_time":"2022-12-13T11:43:18+00:00","article_modified_time":"2023-02-12T12:15:01+00:00","og_image":[{"width":1024,"height":683,"url":"https:\/\/miguelcomino.cat\/wp-content\/uploads\/2023\/02\/7b0d7691-ea7c-49cc-abdd-3e1ba123be27-1024x683-1.jpeg","type":"image\/jpeg"}],"author":"Miguel Comino","twitter_card":"summary_large_image","twitter_misc":{"Escrito por":"Miguel Comino","Tiempo de lectura":"1 minuto"},"schema":{"@context":"https:\/\/schema.org","@graph":[{"@type":"Article","@id":"https:\/\/miguelcomino.cat\/es\/llega-navidad\/#article","isPartOf":{"@id":"https:\/\/miguelcomino.cat\/es\/llega-navidad\/"},"author":{"name":"Miguel Comino","@id":"https:\/\/miguelcomino.cat\/es\/#\/schema\/person\/4ecf1a3fec86aedb7db8e31067c9ffaf"},"headline":"Llega la Navidad","datePublished":"2022-12-13T11:43:18+00:00","dateModified":"2023-02-12T12:15:01+00:00","mainEntityOfPage":{"@id":"https:\/\/miguelcomino.cat\/es\/llega-navidad\/"},"wordCount":225,"commentCount":0,"publisher":{"@id":"https:\/\/miguelcomino.cat\/es\/#\/schema\/person\/4ecf1a3fec86aedb7db8e31067c9ffaf"},"image":{"@id":"https:\/\/miguelcomino.cat\/es\/llega-navidad\/#primaryimage"},"thumbnailUrl":"https:\/\/miguelcomino.cat\/wp-content\/uploads\/2023\/02\/7b0d7691-ea7c-49cc-abdd-3e1ba123be27-1024x683-1.jpeg","keywords":["Comercio local"],"articleSection":["Actividad municipal"],"inLanguage":"es","potentialAction":[{"@type":"CommentAction","name":"Comment","target":["https:\/\/miguelcomino.cat\/es\/llega-navidad\/#respond"]}]},{"@type":"WebPage","@id":"https:\/\/miguelcomino.cat\/es\/llega-navidad\/","url":"https:\/\/miguelcomino.cat\/es\/llega-navidad\/","name":"Llega la Navidad - Miguel Comino alcalde PSC Sant Vicen\u00e7 dels Horts","isPartOf":{"@id":"https:\/\/miguelcomino.cat\/es\/#website"},"primaryImageOfPage":{"@id":"https:\/\/miguelcomino.cat\/es\/llega-navidad\/#primaryimage"},"image":{"@id":"https:\/\/miguelcomino.cat\/es\/llega-navidad\/#primaryimage"},"thumbnailUrl":"https:\/\/miguelcomino.cat\/wp-content\/uploads\/2023\/02\/7b0d7691-ea7c-49cc-abdd-3e1ba123be27-1024x683-1.jpeg","datePublished":"2022-12-13T11:43:18+00:00","dateModified":"2023-02-12T12:15:01+00:00","description":"Llega la Navidad. Miguel Comino, alcalde PSC Sant Vicen\u00e7 dels Horts. Os propongo que encargu\u00e9is las listas de regalos a los comercios locales, porque una ciudad la forman la gente y sus distintos paisajes.","breadcrumb":{"@id":"https:\/\/miguelcomino.cat\/es\/llega-navidad\/#breadcrumb"},"inLanguage":"es","potentialAction":[{"@type":"ReadAction","target":["https:\/\/miguelcomino.cat\/es\/llega-navidad\/"]}]},{"@type":"ImageObject","inLanguage":"es","@id":"https:\/\/miguelcomino.cat\/es\/llega-navidad\/#primaryimage","url":"https:\/\/miguelcomino.cat\/wp-content\/uploads\/2023\/02\/7b0d7691-ea7c-49cc-abdd-3e1ba123be27-1024x683-1.jpeg","contentUrl":"https:\/\/miguelcomino.cat\/wp-content\/uploads\/2023\/02\/7b0d7691-ea7c-49cc-abdd-3e1ba123be27-1024x683-1.jpeg","width":1024,"height":683},{"@type":"BreadcrumbList","@id":"https:\/\/miguelcomino.cat\/es\/llega-navidad\/#breadcrumb","itemListElement":[{"@type":"ListItem","position":1,"name":"Portada","item":"https:\/\/miguelcomino.cat\/es\/"},{"@type":"ListItem","position":2,"name":"Llega la Navidad"}]},{"@type":"WebSite","@id":"https:\/\/miguelcomino.cat\/es\/#website","url":"https:\/\/miguelcomino.cat\/es\/","name":"Miguel Comino","description":"Alcalde","publisher":{"@id":"https:\/\/miguelcomino.cat\/es\/#\/schema\/person\/4ecf1a3fec86aedb7db8e31067c9ffaf"},"potentialAction":[{"@type":"SearchAction","target":{"@type":"EntryPoint","urlTemplate":"https:\/\/miguelcomino.cat\/es\/?s={search_term_string}"},"query-input":{"@type":"PropertyValueSpecification","valueRequired":true,"valueName":"search_term_string"}}],"inLanguage":"es"},{"@type":["Person","Organization"],"@id":"https:\/\/miguelcomino.cat\/es\/#\/schema\/person\/4ecf1a3fec86aedb7db8e31067c9ffaf","name":"Miguel Comino","image":{"@type":"ImageObject","inLanguage":"es","@id":"https:\/\/miguelcomino.cat\/es\/#\/schema\/person\/image\/","url":"https:\/\/miguelcomino.cat\/wp-content\/uploads\/2023\/05\/003.png","contentUrl":"https:\/\/miguelcomino.cat\/wp-content\/uploads\/2023\/05\/003.png","width":922,"height":572,"caption":"Miguel Comino"},"logo":{"@id":"https:\/\/miguelcomino.cat\/es\/#\/schema\/person\/image\/"},"sameAs":["https:\/\/www.facebook.com\/miguel.comino\/about","https:\/\/www.instagram.com\/miguelcomino\/"],"url":"https:\/\/miguelcomino.cat\/es\/author\/admin-2\/"}]}},"_links":{"self":[{"href":"https:\/\/miguelcomino.cat\/es\/wp-json\/wp\/v2\/posts\/3050","targetHints":{"allow":["GET"]}}],"collection":[{"href":"https:\/\/miguelcomino.cat\/es\/wp-json\/wp\/v2\/posts"}],"about":[{"href":"https:\/\/miguelcomino.cat\/es\/wp-json\/wp\/v2\/types\/post"}],"author":[{"embeddable":true,"href":"https:\/\/miguelcomino.cat\/es\/wp-json\/wp\/v2\/users\/2"}],"replies":[{"embeddable":true,"href":"https:\/\/miguelcomino.cat\/es\/wp-json\/wp\/v2\/comments?post=3050"}],"version-history":[{"count":2,"href":"https:\/\/miguelcomino.cat\/es\/wp-json\/wp\/v2\/posts\/3050\/revisions"}],"predecessor-version":[{"id":3056,"href":"https:\/\/miguelcomino.cat\/es\/wp-json\/wp\/v2\/posts\/3050\/revisions\/3056"}],"wp:featuredmedia":[{"embeddable":true,"href":"https:\/\/miguelcomino.cat\/es\/wp-json\/wp\/v2\/media\/3052"}],"wp:attachment":[{"href":"https:\/\/miguelcomino.cat\/es\/wp-json\/wp\/v2\/media?parent=3050"}],"wp:term":[{"taxonomy":"category","embeddable":true,"href":"https:\/\/miguelcomino.cat\/es\/wp-json\/wp\/v2\/categories?post=3050"},{"taxonomy":"post_tag","embeddable":true,"href":"https:\/\/miguelcomino.cat\/es\/wp-json\/wp\/v2\/tags?post=3050"}],"curies":[{"name":"wp","href":"https:\/\/api.w.org\/{rel}","templated":true}]}}