{"id":3047,"date":"2023-01-02T12:30:54","date_gmt":"2023-01-02T11:30:54","guid":{"rendered":"https:\/\/miguelcomino.cat\/?p=3047"},"modified":"2023-02-12T13:13:40","modified_gmt":"2023-02-12T12:13:40","slug":"nuevos-retos-para-2023","status":"publish","type":"post","link":"https:\/\/miguelcomino.cat\/es\/nuevos-retos-para-2023\/","title":{"rendered":"Nuevos retos para 2023"},"content":{"rendered":"\n<p>El inicio de un a\u00f1o siempre significa programar nuevos retos. Nosotros este a\u00f1o lo ponemos en marcha con la ilusi\u00f3n de saber que la Mostra y la Fiesta Mayor volver\u00e1n a la normalidad postpandemia. Han sido dos a\u00f1os largos complicados y nos parec\u00eda imposible pensar en volver a abrazarnos y salir a la calle con normalidad. Pero este a\u00f1o s\u00ed, ser\u00e1 posible y lo queremos celebrar con una gran fiesta por nuestras plazas y calles.<\/p>\n\n\n\n<p>Soy consciente de que hay algunas calles cortadas que ya tendr\u00edan que estar renovadas. Esta situaci\u00f3n (hablo de un tramo de la calle Barcelona y de un tramo de Jacinto Verdaguer) ha sido ajena al Ayuntamiento. Hemos tenido la mala suerte que la empresa adjudicataria a pesar de cumplir con todos los requisitos ha hecho suspensi\u00f3n de pagos. Afortunadamente, lo hemos podido resolver traspasando las obras a otra empresa y este mismo mes se retomar\u00e1n los trabajos.<\/p>\n\n\n\n<p>Como parte positiva est\u00e1 la buena noticia de la apertura del centro c\u00edvico Virg\u00ednia Amposta. Ha sido una obra mal gestionada desde el inicio que con mucha paciencia y mucho de esfuerzo hemos podido enderezar finalmente y este ser\u00e1 el a\u00f1o en que podremos disfrutarlo plenamente.<\/p>\n\n\n\n<p>Me quedan solo dos cosas: desearos un muy buen a\u00f1o y una magn\u00edfica fiesta mayor.<\/p>\n","protected":false},"excerpt":{"rendered":"<p>Nosotros este a\u00f1o lo ponemos en marcha con la ilusi\u00f3n de saber que la Mostra y la Fiesta Mayor volver\u00e1n a la normalidad postpandemia.<\/p>\n","protected":false},"author":2,"featured_media":3048,"comment_status":"open","ping_status":"closed","sticky":false,"template":"","format":"standard","meta":{"footnotes":""},"categories":[18],"tags":[],"class_list":["post-3047","post","type-post","status-publish","format-standard","has-post-thumbnail","hentry","category-retos"],"yoast_head":"<!-- This site is optimized with the Yoast SEO plugin v24.6 - https:\/\/yoast.com\/wordpress\/plugins\/seo\/ -->\n<title>Nuevos retos para 2023 - Miguel Comino alcalde PSC Sant Vicen\u00e7<\/title>\n<meta name=\"description\" content=\"Nuevos retos para 2023. Miguel Comino, alcalde del PSC en Sant Vicen\u00e7 dels Horts.\" \/>\n<meta name=\"robots\" content=\"index, follow, max-snippet:-1, max-image-preview:large, max-video-preview:-1\" \/>\n<link rel=\"canonical\" href=\"https:\/\/miguelcomino.cat\/es\/nuevos-retos-para-2023\/\" \/>\n<meta property=\"og:locale\" content=\"es_ES\" \/>\n<meta property=\"og:type\" content=\"article\" \/>\n<meta property=\"og:title\" content=\"Nuevos retos para 2023 - Miguel Comino alcalde PSC Sant Vicen\u00e7\" \/>\n<meta property=\"og:description\" content=\"Nuevos retos para 2023. Miguel Comino, alcalde del PSC en Sant Vicen\u00e7 dels Horts.\" \/>\n<meta property=\"og:url\" content=\"https:\/\/miguelcomino.cat\/es\/nuevos-retos-para-2023\/\" \/>\n<meta property=\"og:site_name\" content=\"Miguel Comino\" \/>\n<meta property=\"article:publisher\" content=\"https:\/\/www.facebook.com\/miguel.comino\/about\" \/>\n<meta property=\"article:author\" content=\"https:\/\/www.facebook.com\/miguel.comino\/about\" \/>\n<meta property=\"article:published_time\" content=\"2023-01-02T11:30:54+00:00\" \/>\n<meta property=\"article:modified_time\" content=\"2023-02-12T12:13:40+00:00\" \/>\n<meta property=\"og:image\" content=\"https:\/\/miguelcomino.cat\/wp-content\/uploads\/2023\/02\/325598501_895267641898224_2694583930867518213_n.jpg\" \/>\n\t<meta property=\"og:image:width\" content=\"960\" \/>\n\t<meta property=\"og:image:height\" content=\"828\" \/>\n\t<meta property=\"og:image:type\" content=\"image\/jpeg\" \/>\n<meta name=\"author\" content=\"Miguel Comino\" \/>\n<meta name=\"twitter:card\" content=\"summary_large_image\" \/>\n<meta name=\"twitter:label1\" content=\"Escrito por\" \/>\n\t<meta name=\"twitter:data1\" content=\"Miguel Comino\" \/>\n\t<meta name=\"twitter:label2\" content=\"Tiempo de lectura\" \/>\n\t<meta name=\"twitter:data2\" content=\"1 minuto\" \/>\n<script type=\"application\/ld+json\" class=\"yoast-schema-graph\">{\"@context\":\"https:\/\/schema.org\",\"@graph\":[{\"@type\":\"Article\",\"@id\":\"https:\/\/miguelcomino.cat\/es\/nuevos-retos-para-2023\/#article\",\"isPartOf\":{\"@id\":\"https:\/\/miguelcomino.cat\/es\/nuevos-retos-para-2023\/\"},\"author\":{\"name\":\"Miguel Comino\",\"@id\":\"https:\/\/miguelcomino.cat\/es\/#\/schema\/person\/4ecf1a3fec86aedb7db8e31067c9ffaf\"},\"headline\":\"Nuevos retos para 2023\",\"datePublished\":\"2023-01-02T11:30:54+00:00\",\"dateModified\":\"2023-02-12T12:13:40+00:00\",\"mainEntityOfPage\":{\"@id\":\"https:\/\/miguelcomino.cat\/es\/nuevos-retos-para-2023\/\"},\"wordCount\":232,\"commentCount\":0,\"publisher\":{\"@id\":\"https:\/\/miguelcomino.cat\/es\/#\/schema\/person\/4ecf1a3fec86aedb7db8e31067c9ffaf\"},\"image\":{\"@id\":\"https:\/\/miguelcomino.cat\/es\/nuevos-retos-para-2023\/#primaryimage\"},\"thumbnailUrl\":\"https:\/\/miguelcomino.cat\/wp-content\/uploads\/2023\/02\/325598501_895267641898224_2694583930867518213_n.jpg\",\"articleSection\":[\"Retos\"],\"inLanguage\":\"es\",\"potentialAction\":[{\"@type\":\"CommentAction\",\"name\":\"Comment\",\"target\":[\"https:\/\/miguelcomino.cat\/es\/nuevos-retos-para-2023\/#respond\"]}]},{\"@type\":\"WebPage\",\"@id\":\"https:\/\/miguelcomino.cat\/es\/nuevos-retos-para-2023\/\",\"url\":\"https:\/\/miguelcomino.cat\/es\/nuevos-retos-para-2023\/\",\"name\":\"Nuevos retos para 2023 - Miguel Comino alcalde PSC Sant Vicen\u00e7\",\"isPartOf\":{\"@id\":\"https:\/\/miguelcomino.cat\/es\/#website\"},\"primaryImageOfPage\":{\"@id\":\"https:\/\/miguelcomino.cat\/es\/nuevos-retos-para-2023\/#primaryimage\"},\"image\":{\"@id\":\"https:\/\/miguelcomino.cat\/es\/nuevos-retos-para-2023\/#primaryimage\"},\"thumbnailUrl\":\"https:\/\/miguelcomino.cat\/wp-content\/uploads\/2023\/02\/325598501_895267641898224_2694583930867518213_n.jpg\",\"datePublished\":\"2023-01-02T11:30:54+00:00\",\"dateModified\":\"2023-02-12T12:13:40+00:00\",\"description\":\"Nuevos retos para 2023. Miguel Comino, alcalde del PSC en Sant Vicen\u00e7 dels Horts.\",\"breadcrumb\":{\"@id\":\"https:\/\/miguelcomino.cat\/es\/nuevos-retos-para-2023\/#breadcrumb\"},\"inLanguage\":\"es\",\"potentialAction\":[{\"@type\":\"ReadAction\",\"target\":[\"https:\/\/miguelcomino.cat\/es\/nuevos-retos-para-2023\/\"]}]},{\"@type\":\"ImageObject\",\"inLanguage\":\"es\",\"@id\":\"https:\/\/miguelcomino.cat\/es\/nuevos-retos-para-2023\/#primaryimage\",\"url\":\"https:\/\/miguelcomino.cat\/wp-content\/uploads\/2023\/02\/325598501_895267641898224_2694583930867518213_n.jpg\",\"contentUrl\":\"https:\/\/miguelcomino.cat\/wp-content\/uploads\/2023\/02\/325598501_895267641898224_2694583930867518213_n.jpg\",\"width\":960,\"height\":828},{\"@type\":\"BreadcrumbList\",\"@id\":\"https:\/\/miguelcomino.cat\/es\/nuevos-retos-para-2023\/#breadcrumb\",\"itemListElement\":[{\"@type\":\"ListItem\",\"position\":1,\"name\":\"Portada\",\"item\":\"https:\/\/miguelcomino.cat\/es\/\"},{\"@type\":\"ListItem\",\"position\":2,\"name\":\"Nuevos retos para 2023\"}]},{\"@type\":\"WebSite\",\"@id\":\"https:\/\/miguelcomino.cat\/es\/#website\",\"url\":\"https:\/\/miguelcomino.cat\/es\/\",\"name\":\"Miguel Comino\",\"description\":\"Alcalde\",\"publisher\":{\"@id\":\"https:\/\/miguelcomino.cat\/es\/#\/schema\/person\/4ecf1a3fec86aedb7db8e31067c9ffaf\"},\"potentialAction\":[{\"@type\":\"SearchAction\",\"target\":{\"@type\":\"EntryPoint\",\"urlTemplate\":\"https:\/\/miguelcomino.cat\/es\/?s={search_term_string}\"},\"query-input\":{\"@type\":\"PropertyValueSpecification\",\"valueRequired\":true,\"valueName\":\"search_term_string\"}}],\"inLanguage\":\"es\"},{\"@type\":[\"Person\",\"Organization\"],\"@id\":\"https:\/\/miguelcomino.cat\/es\/#\/schema\/person\/4ecf1a3fec86aedb7db8e31067c9ffaf\",\"name\":\"Miguel Comino\",\"image\":{\"@type\":\"ImageObject\",\"inLanguage\":\"es\",\"@id\":\"https:\/\/miguelcomino.cat\/es\/#\/schema\/person\/image\/\",\"url\":\"https:\/\/miguelcomino.cat\/wp-content\/uploads\/2023\/05\/003.png\",\"contentUrl\":\"https:\/\/miguelcomino.cat\/wp-content\/uploads\/2023\/05\/003.png\",\"width\":922,\"height\":572,\"caption\":\"Miguel Comino\"},\"logo\":{\"@id\":\"https:\/\/miguelcomino.cat\/es\/#\/schema\/person\/image\/\"},\"sameAs\":[\"https:\/\/www.facebook.com\/miguel.comino\/about\",\"https:\/\/www.instagram.com\/miguelcomino\/\"],\"url\":\"https:\/\/miguelcomino.cat\/es\/author\/admin-2\/\"}]}<\/script>\n<!-- \/ Yoast SEO plugin. -->","yoast_head_json":{"title":"Nuevos retos para 2023 - Miguel Comino alcalde PSC Sant Vicen\u00e7","description":"Nuevos retos para 2023. Miguel Comino, alcalde del PSC en Sant Vicen\u00e7 dels Horts.","robots":{"index":"index","follow":"follow","max-snippet":"max-snippet:-1","max-image-preview":"max-image-preview:large","max-video-preview":"max-video-preview:-1"},"canonical":"https:\/\/miguelcomino.cat\/es\/nuevos-retos-para-2023\/","og_locale":"es_ES","og_type":"article","og_title":"Nuevos retos para 2023 - Miguel Comino alcalde PSC Sant Vicen\u00e7","og_description":"Nuevos retos para 2023. Miguel Comino, alcalde del PSC en Sant Vicen\u00e7 dels Horts.","og_url":"https:\/\/miguelcomino.cat\/es\/nuevos-retos-para-2023\/","og_site_name":"Miguel Comino","article_publisher":"https:\/\/www.facebook.com\/miguel.comino\/about","article_author":"https:\/\/www.facebook.com\/miguel.comino\/about","article_published_time":"2023-01-02T11:30:54+00:00","article_modified_time":"2023-02-12T12:13:40+00:00","og_image":[{"width":960,"height":828,"url":"https:\/\/miguelcomino.cat\/wp-content\/uploads\/2023\/02\/325598501_895267641898224_2694583930867518213_n.jpg","type":"image\/jpeg"}],"author":"Miguel Comino","twitter_card":"summary_large_image","twitter_misc":{"Escrito por":"Miguel Comino","Tiempo de lectura":"1 minuto"},"schema":{"@context":"https:\/\/schema.org","@graph":[{"@type":"Article","@id":"https:\/\/miguelcomino.cat\/es\/nuevos-retos-para-2023\/#article","isPartOf":{"@id":"https:\/\/miguelcomino.cat\/es\/nuevos-retos-para-2023\/"},"author":{"name":"Miguel Comino","@id":"https:\/\/miguelcomino.cat\/es\/#\/schema\/person\/4ecf1a3fec86aedb7db8e31067c9ffaf"},"headline":"Nuevos retos para 2023","datePublished":"2023-01-02T11:30:54+00:00","dateModified":"2023-02-12T12:13:40+00:00","mainEntityOfPage":{"@id":"https:\/\/miguelcomino.cat\/es\/nuevos-retos-para-2023\/"},"wordCount":232,"commentCount":0,"publisher":{"@id":"https:\/\/miguelcomino.cat\/es\/#\/schema\/person\/4ecf1a3fec86aedb7db8e31067c9ffaf"},"image":{"@id":"https:\/\/miguelcomino.cat\/es\/nuevos-retos-para-2023\/#primaryimage"},"thumbnailUrl":"https:\/\/miguelcomino.cat\/wp-content\/uploads\/2023\/02\/325598501_895267641898224_2694583930867518213_n.jpg","articleSection":["Retos"],"inLanguage":"es","potentialAction":[{"@type":"CommentAction","name":"Comment","target":["https:\/\/miguelcomino.cat\/es\/nuevos-retos-para-2023\/#respond"]}]},{"@type":"WebPage","@id":"https:\/\/miguelcomino.cat\/es\/nuevos-retos-para-2023\/","url":"https:\/\/miguelcomino.cat\/es\/nuevos-retos-para-2023\/","name":"Nuevos retos para 2023 - Miguel Comino alcalde PSC Sant Vicen\u00e7","isPartOf":{"@id":"https:\/\/miguelcomino.cat\/es\/#website"},"primaryImageOfPage":{"@id":"https:\/\/miguelcomino.cat\/es\/nuevos-retos-para-2023\/#primaryimage"},"image":{"@id":"https:\/\/miguelcomino.cat\/es\/nuevos-retos-para-2023\/#primaryimage"},"thumbnailUrl":"https:\/\/miguelcomino.cat\/wp-content\/uploads\/2023\/02\/325598501_895267641898224_2694583930867518213_n.jpg","datePublished":"2023-01-02T11:30:54+00:00","dateModified":"2023-02-12T12:13:40+00:00","description":"Nuevos retos para 2023. Miguel Comino, alcalde del PSC en Sant Vicen\u00e7 dels Horts.","breadcrumb":{"@id":"https:\/\/miguelcomino.cat\/es\/nuevos-retos-para-2023\/#breadcrumb"},"inLanguage":"es","potentialAction":[{"@type":"ReadAction","target":["https:\/\/miguelcomino.cat\/es\/nuevos-retos-para-2023\/"]}]},{"@type":"ImageObject","inLanguage":"es","@id":"https:\/\/miguelcomino.cat\/es\/nuevos-retos-para-2023\/#primaryimage","url":"https:\/\/miguelcomino.cat\/wp-content\/uploads\/2023\/02\/325598501_895267641898224_2694583930867518213_n.jpg","contentUrl":"https:\/\/miguelcomino.cat\/wp-content\/uploads\/2023\/02\/325598501_895267641898224_2694583930867518213_n.jpg","width":960,"height":828},{"@type":"BreadcrumbList","@id":"https:\/\/miguelcomino.cat\/es\/nuevos-retos-para-2023\/#breadcrumb","itemListElement":[{"@type":"ListItem","position":1,"name":"Portada","item":"https:\/\/miguelcomino.cat\/es\/"},{"@type":"ListItem","position":2,"name":"Nuevos retos para 2023"}]},{"@type":"WebSite","@id":"https:\/\/miguelcomino.cat\/es\/#website","url":"https:\/\/miguelcomino.cat\/es\/","name":"Miguel Comino","description":"Alcalde","publisher":{"@id":"https:\/\/miguelcomino.cat\/es\/#\/schema\/person\/4ecf1a3fec86aedb7db8e31067c9ffaf"},"potentialAction":[{"@type":"SearchAction","target":{"@type":"EntryPoint","urlTemplate":"https:\/\/miguelcomino.cat\/es\/?s={search_term_string}"},"query-input":{"@type":"PropertyValueSpecification","valueRequired":true,"valueName":"search_term_string"}}],"inLanguage":"es"},{"@type":["Person","Organization"],"@id":"https:\/\/miguelcomino.cat\/es\/#\/schema\/person\/4ecf1a3fec86aedb7db8e31067c9ffaf","name":"Miguel Comino","image":{"@type":"ImageObject","inLanguage":"es","@id":"https:\/\/miguelcomino.cat\/es\/#\/schema\/person\/image\/","url":"https:\/\/miguelcomino.cat\/wp-content\/uploads\/2023\/05\/003.png","contentUrl":"https:\/\/miguelcomino.cat\/wp-content\/uploads\/2023\/05\/003.png","width":922,"height":572,"caption":"Miguel Comino"},"logo":{"@id":"https:\/\/miguelcomino.cat\/es\/#\/schema\/person\/image\/"},"sameAs":["https:\/\/www.facebook.com\/miguel.comino\/about","https:\/\/www.instagram.com\/miguelcomino\/"],"url":"https:\/\/miguelcomino.cat\/es\/author\/admin-2\/"}]}},"_links":{"self":[{"href":"https:\/\/miguelcomino.cat\/es\/wp-json\/wp\/v2\/posts\/3047","targetHints":{"allow":["GET"]}}],"collection":[{"href":"https:\/\/miguelcomino.cat\/es\/wp-json\/wp\/v2\/posts"}],"about":[{"href":"https:\/\/miguelcomino.cat\/es\/wp-json\/wp\/v2\/types\/post"}],"author":[{"embeddable":true,"href":"https:\/\/miguelcomino.cat\/es\/wp-json\/wp\/v2\/users\/2"}],"replies":[{"embeddable":true,"href":"https:\/\/miguelcomino.cat\/es\/wp-json\/wp\/v2\/comments?post=3047"}],"version-history":[{"count":2,"href":"https:\/\/miguelcomino.cat\/es\/wp-json\/wp\/v2\/posts\/3047\/revisions"}],"predecessor-version":[{"id":3054,"href":"https:\/\/miguelcomino.cat\/es\/wp-json\/wp\/v2\/posts\/3047\/revisions\/3054"}],"wp:featuredmedia":[{"embeddable":true,"href":"https:\/\/miguelcomino.cat\/es\/wp-json\/wp\/v2\/media\/3048"}],"wp:attachment":[{"href":"https:\/\/miguelcomino.cat\/es\/wp-json\/wp\/v2\/media?parent=3047"}],"wp:term":[{"taxonomy":"category","embeddable":true,"href":"https:\/\/miguelcomino.cat\/es\/wp-json\/wp\/v2\/categories?post=3047"},{"taxonomy":"post_tag","embeddable":true,"href":"https:\/\/miguelcomino.cat\/es\/wp-json\/wp\/v2\/tags?post=3047"}],"curies":[{"name":"wp","href":"https:\/\/api.w.org\/{rel}","templated":true}]}}